{"id":984,"date":"2016-04-13T15:05:43","date_gmt":"2016-04-13T14:05:43","guid":{"rendered":"http:\/\/34.251.222.222\/?p=984"},"modified":"2016-04-13T15:07:23","modified_gmt":"2016-04-13T14:07:23","slug":"lairstream-cote-mas-au-salon-medfel-a-perpignan-du-26-au-28-avril-2016","status":"publish","type":"post","link":"https:\/\/www.cote-mas.fr\/en\/lairstream-cote-mas-au-salon-medfel-a-perpignan-du-26-au-28-avril-2016\/","title":{"rendered":"L&#8217;Airstream C\u00f4t\u00e9 Mas au salon Medfel \u00e0 Perpignan du 26 au 28 Avril 2016"},"content":{"rendered":"<p>Bien \u00e9quip\u00e9 gr\u00e2ce \u00e0 notre superbe Airsteam, nous allons participer \u00e0 la restauration des visiteurs et exposants sur le Medfel, le salon professionnel d\u00e9di\u00e9 \u00e0 la fili\u00e8re des fruits et l\u00e9gumes des pays du bassin m\u00e9diterran\u00e9en.<br \/>\nNotre Airstream baptis\u00e9 Shiny, version 1967, objet de collection, symbole des grands espaces et du r\u00eave am\u00e9ricain, est am\u00e9nag\u00e9 avec une cuisine gastronomique afin de venir \u00e0 votre rencontre pour vous faire d\u00e9couvrir nos plats signatures et les vins du Ch\u00e2teau Paul Mas.<!--more--><\/p>\n\n\t\t<style type=\"text\/css\">\n\t\t\t#gallery-1 {\n\t\t\t\tmargin: auto;\n\t\t\t}\n\t\t\t#gallery-1 .gallery-item {\n\t\t\t\tfloat: left;\n\t\t\t\tmargin-top: 10px;\n\t\t\t\ttext-align: center;\n\t\t\t\twidth: 50%;\n\t\t\t}\n\t\t\t#gallery-1 img {\n\t\t\t\tborder: 2px solid #cfcfcf;\n\t\t\t}\n\t\t\t#gallery-1 .gallery-caption {\n\t\t\t\tmargin-left: 0;\n\t\t\t}\n\t\t\t\/* see gallery_shortcode() in wp-includes\/media.php *\/\n\t\t<\/style>\n\t\t<div id='gallery-1' class='gallery galleryid-984 gallery-columns-2 gallery-size-medium'><dl class='gallery-item'>\n\t\t\t<dt class='gallery-icon portrait'>\n\t\t\t\t<a href='https:\/\/www.cote-mas.fr\/en\/lairstream-cote-mas-au-salon-medfel-a-perpignan-du-26-au-28-avril-2016\/vu-arriere-l\/'><img decoding=\"async\" width=\"200\" height=\"300\" src=\"https:\/\/www.cote-mas.fr\/wp-content\/uploads\/2016\/04\/vu-arriere-l-200x300.jpg\" class=\"attachment-medium size-medium\" alt=\"\" \/><\/a>\n\t\t\t<\/dt><\/dl><dl class='gallery-item'>\n\t\t\t<dt class='gallery-icon landscape'>\n\t\t\t\t<a href='https:\/\/www.cote-mas.fr\/en\/lairstream-cote-mas-au-salon-medfel-a-perpignan-du-26-au-28-avril-2016\/zoom-l\/'><img decoding=\"async\" width=\"300\" height=\"200\" src=\"https:\/\/www.cote-mas.fr\/wp-content\/uploads\/2016\/04\/zoom-l-300x200.jpg\" class=\"attachment-medium size-medium\" alt=\"\" \/><\/a>\n\t\t\t<\/dt><\/dl><br style=\"clear: both\" \/>\n\t\t<\/div>\n\n<p style=\"text-align: center;\"><strong>Au menu<\/strong><\/p>\n<p style=\"text-align: center;\"><strong>La Pasta box\u00a016\u20ac<\/strong><\/p>\n<p style=\"text-align: center;\">Des pates d\u2019artisans de P\u00e9zenas Pasta Per Te \u00e0 l\u2019huile truff\u00e9e, au parmesan,<\/p>\n<p style=\"text-align: center;\">pesto de roquettes, huile d\u2019olives<\/p>\n<p style=\"text-align: center;\"><strong>Le Tataki de thon 17\u20ac<\/strong><\/p>\n<p style=\"text-align: center;\">Salade Tha\u00ef et chips de pain<\/p>\n<p style=\"text-align: center;\"><strong>Les pains gourmets C\u00f4t\u00e9 Mas + boisson 12\u20ac<\/strong><\/p>\n<p style=\"text-align: center;\"><em>L\u2019Ib\u00e9rique<\/em>\u00a0: jambon ib\u00e9rique, pan con tomate et roquette<\/p>\n<p style=\"text-align: center;\"><em>L\u2019Italien<\/em>\u00a0: jambon speck, mesclun, tomate confite, mozzarella, pesto de roquette<\/p>\n<p style=\"text-align: center;\"><strong>Le caf\u00e9 gourmand 8\u20ac<\/strong><\/p>\n<p style=\"text-align: center;\">Caf\u00e9, sublime au chocolat, mini tarte au citron, macaron C\u00f4t\u00e9 Mas<\/p>\n<p style=\"text-align: center;\"><strong>La Formule \u00a0 20\u20ac<\/strong><\/p>\n<p style=\"text-align: center;\">Un plat au choix, une boisson non alcoolis\u00e9e et un caf\u00e9<\/p>\n<p style=\"text-align: center;\"><strong>Prix TTC service compris<\/strong><\/p>\n","protected":false},"excerpt":{"rendered":"<p>Bien \u00e9quip\u00e9 gr\u00e2ce \u00e0 notre superbe Airsteam, nous allons participer \u00e0 la restauration des visiteurs et exposants sur le Medfel, le salon professionnel d\u00e9di\u00e9 \u00e0 la fili\u00e8re des fruits et l\u00e9gumes des pays du bassin m\u00e9diterran\u00e9en.<br \/>\nNotre Airstream baptis\u00e9 Shiny, version 1967, objet de collection, symbole des grands espaces et du r\u00eave am\u00e9ricain, est am\u00e9nag\u00e9 avec une cuisine gastronomique afin de venir \u00e0 votre rencontre pour vous faire d\u00e9couvrir nos plats signatures et les vins du Ch\u00e2teau Paul Mas.<\/p>\n","protected":false},"author":4,"featured_media":985,"comment_status":"open","ping_status":"open","sticky":false,"template":"","format":"standard","meta":{"_et_pb_use_builder":"","_et_pb_old_content":"","_et_gb_content_width":"","footnotes":""},"categories":[34],"tags":[],"class_list":["post-984","post","type-post","status-publish","format-standard","has-post-thumbnail","hentry","category-bar-a-vin"],"yoast_head":"<!-- This site is optimized with the Yoast SEO plugin v27.4 - https:\/\/yoast.com\/product\/yoast-seo-wordpress\/ -->\n<title>L&#039;Airstream C\u00f4t\u00e9 Mas au salon Medfel \u00e0 Perpignan du 26 au 28 Avril 2016 - C\u00f4t\u00e9 Mas<\/title>\n<meta name=\"robots\" content=\"index, follow, max-snippet:-1, max-image-preview:large, max-video-preview:-1\" \/>\n<link rel=\"canonical\" href=\"https:\/\/www.cote-mas.fr\/lairstream-cote-mas-au-salon-medfel-a-perpignan-du-26-au-28-avril-2016\/\" \/>\n<meta property=\"og:locale\" content=\"en_US\" \/>\n<meta property=\"og:type\" content=\"article\" \/>\n<meta property=\"og:title\" content=\"L&#039;Airstream C\u00f4t\u00e9 Mas au salon Medfel \u00e0 Perpignan du 26 au 28 Avril 2016 - C\u00f4t\u00e9 Mas\" \/>\n<meta property=\"og:description\" content=\"Bien \u00e9quip\u00e9 gr\u00e2ce \u00e0 notre superbe Airsteam, nous allons participer \u00e0 la restauration des visiteurs et exposants sur le Medfel, le salon professionnel d\u00e9di\u00e9 \u00e0 la fili\u00e8re des fruits et l\u00e9gumes des pays du bassin m\u00e9diterran\u00e9en. Notre Airstream baptis\u00e9 Shiny, version 1967, objet de collection, symbole des grands espaces et du r\u00eave am\u00e9ricain, est am\u00e9nag\u00e9 avec une cuisine gastronomique afin de venir \u00e0 votre rencontre pour vous faire d\u00e9couvrir nos plats signatures et les vins du Ch\u00e2teau Paul Mas.\" \/>\n<meta property=\"og:url\" content=\"https:\/\/www.cote-mas.fr\/lairstream-cote-mas-au-salon-medfel-a-perpignan-du-26-au-28-avril-2016\/\" \/>\n<meta property=\"og:site_name\" content=\"C\u00f4t\u00e9 Mas\" \/>\n<meta property=\"article:publisher\" content=\"https:\/\/www.facebook.com\/Cote.Mas\" \/>\n<meta property=\"article:published_time\" content=\"2016-04-13T14:05:43+00:00\" \/>\n<meta property=\"article:modified_time\" content=\"2016-04-13T14:07:23+00:00\" \/>\n<meta property=\"og:image\" content=\"https:\/\/www.cote-mas.fr\/wp-content\/uploads\/2016\/04\/IMG_4361-retouche.jpg\" \/>\n\t<meta property=\"og:image:width\" content=\"1800\" \/>\n\t<meta property=\"og:image:height\" content=\"1200\" \/>\n\t<meta property=\"og:image:type\" content=\"image\/jpeg\" \/>\n<meta name=\"author\" content=\"LauHaie\" \/>\n<meta name=\"twitter:card\" content=\"summary_large_image\" \/>\n<meta name=\"twitter:label1\" content=\"Written by\" \/>\n\t<meta name=\"twitter:data1\" content=\"LauHaie\" \/>\n\t<meta name=\"twitter:label2\" content=\"Est. reading time\" \/>\n\t<meta name=\"twitter:data2\" content=\"1 minute\" \/>\n<script type=\"application\/ld+json\" class=\"yoast-schema-graph\">{\"@context\":\"https:\\\/\\\/schema.org\",\"@graph\":[{\"@type\":\"Article\",\"@id\":\"https:\\\/\\\/www.cote-mas.fr\\\/lairstream-cote-mas-au-salon-medfel-a-perpignan-du-26-au-28-avril-2016\\\/#article\",\"isPartOf\":{\"@id\":\"https:\\\/\\\/www.cote-mas.fr\\\/lairstream-cote-mas-au-salon-medfel-a-perpignan-du-26-au-28-avril-2016\\\/\"},\"author\":{\"name\":\"LauHaie\",\"@id\":\"https:\\\/\\\/www.cote-mas.fr\\\/#\\\/schema\\\/person\\\/89c0ee0277bea4c8ece99e8db6dd1d55\"},\"headline\":\"L&#8217;Airstream C\u00f4t\u00e9 Mas au salon Medfel \u00e0 Perpignan du 26 au 28 Avril 2016\",\"datePublished\":\"2016-04-13T14:05:43+00:00\",\"dateModified\":\"2016-04-13T14:07:23+00:00\",\"mainEntityOfPage\":{\"@id\":\"https:\\\/\\\/www.cote-mas.fr\\\/lairstream-cote-mas-au-salon-medfel-a-perpignan-du-26-au-28-avril-2016\\\/\"},\"wordCount\":201,\"commentCount\":0,\"publisher\":{\"@id\":\"https:\\\/\\\/www.cote-mas.fr\\\/#organization\"},\"image\":{\"@id\":\"https:\\\/\\\/www.cote-mas.fr\\\/lairstream-cote-mas-au-salon-medfel-a-perpignan-du-26-au-28-avril-2016\\\/#primaryimage\"},\"thumbnailUrl\":\"https:\\\/\\\/www.cote-mas.fr\\\/wp-content\\\/uploads\\\/2016\\\/04\\\/IMG_4361-retouche.jpg\",\"articleSection\":[\"Bar \u00e0 Vin\"],\"inLanguage\":\"en-US\",\"potentialAction\":[{\"@type\":\"CommentAction\",\"name\":\"Comment\",\"target\":[\"https:\\\/\\\/www.cote-mas.fr\\\/lairstream-cote-mas-au-salon-medfel-a-perpignan-du-26-au-28-avril-2016\\\/#respond\"]}]},{\"@type\":\"WebPage\",\"@id\":\"https:\\\/\\\/www.cote-mas.fr\\\/lairstream-cote-mas-au-salon-medfel-a-perpignan-du-26-au-28-avril-2016\\\/\",\"url\":\"https:\\\/\\\/www.cote-mas.fr\\\/lairstream-cote-mas-au-salon-medfel-a-perpignan-du-26-au-28-avril-2016\\\/\",\"name\":\"L'Airstream C\u00f4t\u00e9 Mas au salon Medfel \u00e0 Perpignan du 26 au 28 Avril 2016 - C\u00f4t\u00e9 Mas\",\"isPartOf\":{\"@id\":\"https:\\\/\\\/www.cote-mas.fr\\\/#website\"},\"primaryImageOfPage\":{\"@id\":\"https:\\\/\\\/www.cote-mas.fr\\\/lairstream-cote-mas-au-salon-medfel-a-perpignan-du-26-au-28-avril-2016\\\/#primaryimage\"},\"image\":{\"@id\":\"https:\\\/\\\/www.cote-mas.fr\\\/lairstream-cote-mas-au-salon-medfel-a-perpignan-du-26-au-28-avril-2016\\\/#primaryimage\"},\"thumbnailUrl\":\"https:\\\/\\\/www.cote-mas.fr\\\/wp-content\\\/uploads\\\/2016\\\/04\\\/IMG_4361-retouche.jpg\",\"datePublished\":\"2016-04-13T14:05:43+00:00\",\"dateModified\":\"2016-04-13T14:07:23+00:00\",\"breadcrumb\":{\"@id\":\"https:\\\/\\\/www.cote-mas.fr\\\/lairstream-cote-mas-au-salon-medfel-a-perpignan-du-26-au-28-avril-2016\\\/#breadcrumb\"},\"inLanguage\":\"en-US\",\"potentialAction\":[{\"@type\":\"ReadAction\",\"target\":[\"https:\\\/\\\/www.cote-mas.fr\\\/lairstream-cote-mas-au-salon-medfel-a-perpignan-du-26-au-28-avril-2016\\\/\"]}]},{\"@type\":\"ImageObject\",\"inLanguage\":\"en-US\",\"@id\":\"https:\\\/\\\/www.cote-mas.fr\\\/lairstream-cote-mas-au-salon-medfel-a-perpignan-du-26-au-28-avril-2016\\\/#primaryimage\",\"url\":\"https:\\\/\\\/www.cote-mas.fr\\\/wp-content\\\/uploads\\\/2016\\\/04\\\/IMG_4361-retouche.jpg\",\"contentUrl\":\"https:\\\/\\\/www.cote-mas.fr\\\/wp-content\\\/uploads\\\/2016\\\/04\\\/IMG_4361-retouche.jpg\",\"width\":1500,\"height\":1000,\"caption\":\"airstream foodtruck\"},{\"@type\":\"BreadcrumbList\",\"@id\":\"https:\\\/\\\/www.cote-mas.fr\\\/lairstream-cote-mas-au-salon-medfel-a-perpignan-du-26-au-28-avril-2016\\\/#breadcrumb\",\"itemListElement\":[{\"@type\":\"ListItem\",\"position\":1,\"name\":\"Accueil\",\"item\":\"https:\\\/\\\/www.cote-mas.fr\\\/en\\\/\"},{\"@type\":\"ListItem\",\"position\":2,\"name\":\"L&rsquo;Airstream C\u00f4t\u00e9 Mas au salon Medfel \u00e0 Perpignan du 26 au 28 Avril 2016\"}]},{\"@type\":\"WebSite\",\"@id\":\"https:\\\/\\\/www.cote-mas.fr\\\/#website\",\"url\":\"https:\\\/\\\/www.cote-mas.fr\\\/\",\"name\":\"C\u00f4t\u00e9 Mas\",\"description\":\"Le restaurant des Domaines Paul Mas \u00e0 Montagnac en Languedoc\",\"publisher\":{\"@id\":\"https:\\\/\\\/www.cote-mas.fr\\\/#organization\"},\"potentialAction\":[{\"@type\":\"SearchAction\",\"target\":{\"@type\":\"EntryPoint\",\"urlTemplate\":\"https:\\\/\\\/www.cote-mas.fr\\\/?s={search_term_string}\"},\"query-input\":{\"@type\":\"PropertyValueSpecification\",\"valueRequired\":true,\"valueName\":\"search_term_string\"}}],\"inLanguage\":\"en-US\"},{\"@type\":\"Organization\",\"@id\":\"https:\\\/\\\/www.cote-mas.fr\\\/#organization\",\"name\":\"C\u00f4t\u00e9 Mas\",\"url\":\"https:\\\/\\\/www.cote-mas.fr\\\/\",\"logo\":{\"@type\":\"ImageObject\",\"inLanguage\":\"en-US\",\"@id\":\"https:\\\/\\\/www.cote-mas.fr\\\/#\\\/schema\\\/logo\\\/image\\\/\",\"url\":\"https:\\\/\\\/www.cote-mas.fr\\\/wp-content\\\/uploads\\\/2021\\\/07\\\/Logo-cote-mas-seul-copie-2.png\",\"contentUrl\":\"https:\\\/\\\/www.cote-mas.fr\\\/wp-content\\\/uploads\\\/2021\\\/07\\\/Logo-cote-mas-seul-copie-2.png\",\"width\":487,\"height\":114,\"caption\":\"C\u00f4t\u00e9 Mas\"},\"image\":{\"@id\":\"https:\\\/\\\/www.cote-mas.fr\\\/#\\\/schema\\\/logo\\\/image\\\/\"},\"sameAs\":[\"https:\\\/\\\/www.facebook.com\\\/Cote.Mas\",\"https:\\\/\\\/www.instagram.com\\\/cotemas\\\/\"]},{\"@type\":\"Person\",\"@id\":\"https:\\\/\\\/www.cote-mas.fr\\\/#\\\/schema\\\/person\\\/89c0ee0277bea4c8ece99e8db6dd1d55\",\"name\":\"LauHaie\",\"image\":{\"@type\":\"ImageObject\",\"inLanguage\":\"en-US\",\"@id\":\"https:\\\/\\\/secure.gravatar.com\\\/avatar\\\/e9de6e7d2123adfdbe747785cb7c76b45ccd925166b956315966d0bf4a7aab41?s=96&d=mm&r=g\",\"url\":\"https:\\\/\\\/secure.gravatar.com\\\/avatar\\\/e9de6e7d2123adfdbe747785cb7c76b45ccd925166b956315966d0bf4a7aab41?s=96&d=mm&r=g\",\"contentUrl\":\"https:\\\/\\\/secure.gravatar.com\\\/avatar\\\/e9de6e7d2123adfdbe747785cb7c76b45ccd925166b956315966d0bf4a7aab41?s=96&d=mm&r=g\",\"caption\":\"LauHaie\"},\"url\":\"https:\\\/\\\/www.cote-mas.fr\\\/en\\\/author\\\/lauhaie\\\/\"}]}<\/script>\n<!-- \/ Yoast SEO plugin. -->","yoast_head_json":{"title":"L'Airstream C\u00f4t\u00e9 Mas au salon Medfel \u00e0 Perpignan du 26 au 28 Avril 2016 - C\u00f4t\u00e9 Mas","robots":{"index":"index","follow":"follow","max-snippet":"max-snippet:-1","max-image-preview":"max-image-preview:large","max-video-preview":"max-video-preview:-1"},"canonical":"https:\/\/www.cote-mas.fr\/lairstream-cote-mas-au-salon-medfel-a-perpignan-du-26-au-28-avril-2016\/","og_locale":"en_US","og_type":"article","og_title":"L'Airstream C\u00f4t\u00e9 Mas au salon Medfel \u00e0 Perpignan du 26 au 28 Avril 2016 - C\u00f4t\u00e9 Mas","og_description":"Bien \u00e9quip\u00e9 gr\u00e2ce \u00e0 notre superbe Airsteam, nous allons participer \u00e0 la restauration des visiteurs et exposants sur le Medfel, le salon professionnel d\u00e9di\u00e9 \u00e0 la fili\u00e8re des fruits et l\u00e9gumes des pays du bassin m\u00e9diterran\u00e9en. Notre Airstream baptis\u00e9 Shiny, version 1967, objet de collection, symbole des grands espaces et du r\u00eave am\u00e9ricain, est am\u00e9nag\u00e9 avec une cuisine gastronomique afin de venir \u00e0 votre rencontre pour vous faire d\u00e9couvrir nos plats signatures et les vins du Ch\u00e2teau Paul Mas.","og_url":"https:\/\/www.cote-mas.fr\/lairstream-cote-mas-au-salon-medfel-a-perpignan-du-26-au-28-avril-2016\/","og_site_name":"C\u00f4t\u00e9 Mas","article_publisher":"https:\/\/www.facebook.com\/Cote.Mas","article_published_time":"2016-04-13T14:05:43+00:00","article_modified_time":"2016-04-13T14:07:23+00:00","og_image":[{"width":1800,"height":1200,"url":"https:\/\/www.cote-mas.fr\/wp-content\/uploads\/2016\/04\/IMG_4361-retouche.jpg","type":"image\/jpeg"}],"author":"LauHaie","twitter_card":"summary_large_image","twitter_misc":{"Written by":"LauHaie","Est. reading time":"1 minute"},"schema":{"@context":"https:\/\/schema.org","@graph":[{"@type":"Article","@id":"https:\/\/www.cote-mas.fr\/lairstream-cote-mas-au-salon-medfel-a-perpignan-du-26-au-28-avril-2016\/#article","isPartOf":{"@id":"https:\/\/www.cote-mas.fr\/lairstream-cote-mas-au-salon-medfel-a-perpignan-du-26-au-28-avril-2016\/"},"author":{"name":"LauHaie","@id":"https:\/\/www.cote-mas.fr\/#\/schema\/person\/89c0ee0277bea4c8ece99e8db6dd1d55"},"headline":"L&#8217;Airstream C\u00f4t\u00e9 Mas au salon Medfel \u00e0 Perpignan du 26 au 28 Avril 2016","datePublished":"2016-04-13T14:05:43+00:00","dateModified":"2016-04-13T14:07:23+00:00","mainEntityOfPage":{"@id":"https:\/\/www.cote-mas.fr\/lairstream-cote-mas-au-salon-medfel-a-perpignan-du-26-au-28-avril-2016\/"},"wordCount":201,"commentCount":0,"publisher":{"@id":"https:\/\/www.cote-mas.fr\/#organization"},"image":{"@id":"https:\/\/www.cote-mas.fr\/lairstream-cote-mas-au-salon-medfel-a-perpignan-du-26-au-28-avril-2016\/#primaryimage"},"thumbnailUrl":"https:\/\/www.cote-mas.fr\/wp-content\/uploads\/2016\/04\/IMG_4361-retouche.jpg","articleSection":["Bar \u00e0 Vin"],"inLanguage":"en-US","potentialAction":[{"@type":"CommentAction","name":"Comment","target":["https:\/\/www.cote-mas.fr\/lairstream-cote-mas-au-salon-medfel-a-perpignan-du-26-au-28-avril-2016\/#respond"]}]},{"@type":"WebPage","@id":"https:\/\/www.cote-mas.fr\/lairstream-cote-mas-au-salon-medfel-a-perpignan-du-26-au-28-avril-2016\/","url":"https:\/\/www.cote-mas.fr\/lairstream-cote-mas-au-salon-medfel-a-perpignan-du-26-au-28-avril-2016\/","name":"L'Airstream C\u00f4t\u00e9 Mas au salon Medfel \u00e0 Perpignan du 26 au 28 Avril 2016 - C\u00f4t\u00e9 Mas","isPartOf":{"@id":"https:\/\/www.cote-mas.fr\/#website"},"primaryImageOfPage":{"@id":"https:\/\/www.cote-mas.fr\/lairstream-cote-mas-au-salon-medfel-a-perpignan-du-26-au-28-avril-2016\/#primaryimage"},"image":{"@id":"https:\/\/www.cote-mas.fr\/lairstream-cote-mas-au-salon-medfel-a-perpignan-du-26-au-28-avril-2016\/#primaryimage"},"thumbnailUrl":"https:\/\/www.cote-mas.fr\/wp-content\/uploads\/2016\/04\/IMG_4361-retouche.jpg","datePublished":"2016-04-13T14:05:43+00:00","dateModified":"2016-04-13T14:07:23+00:00","breadcrumb":{"@id":"https:\/\/www.cote-mas.fr\/lairstream-cote-mas-au-salon-medfel-a-perpignan-du-26-au-28-avril-2016\/#breadcrumb"},"inLanguage":"en-US","potentialAction":[{"@type":"ReadAction","target":["https:\/\/www.cote-mas.fr\/lairstream-cote-mas-au-salon-medfel-a-perpignan-du-26-au-28-avril-2016\/"]}]},{"@type":"ImageObject","inLanguage":"en-US","@id":"https:\/\/www.cote-mas.fr\/lairstream-cote-mas-au-salon-medfel-a-perpignan-du-26-au-28-avril-2016\/#primaryimage","url":"https:\/\/www.cote-mas.fr\/wp-content\/uploads\/2016\/04\/IMG_4361-retouche.jpg","contentUrl":"https:\/\/www.cote-mas.fr\/wp-content\/uploads\/2016\/04\/IMG_4361-retouche.jpg","width":1500,"height":1000,"caption":"airstream foodtruck"},{"@type":"BreadcrumbList","@id":"https:\/\/www.cote-mas.fr\/lairstream-cote-mas-au-salon-medfel-a-perpignan-du-26-au-28-avril-2016\/#breadcrumb","itemListElement":[{"@type":"ListItem","position":1,"name":"Accueil","item":"https:\/\/www.cote-mas.fr\/en\/"},{"@type":"ListItem","position":2,"name":"L&rsquo;Airstream C\u00f4t\u00e9 Mas au salon Medfel \u00e0 Perpignan du 26 au 28 Avril 2016"}]},{"@type":"WebSite","@id":"https:\/\/www.cote-mas.fr\/#website","url":"https:\/\/www.cote-mas.fr\/","name":"C\u00f4t\u00e9 Mas","description":"Le restaurant des Domaines Paul Mas \u00e0 Montagnac en Languedoc","publisher":{"@id":"https:\/\/www.cote-mas.fr\/#organization"},"potentialAction":[{"@type":"SearchAction","target":{"@type":"EntryPoint","urlTemplate":"https:\/\/www.cote-mas.fr\/?s={search_term_string}"},"query-input":{"@type":"PropertyValueSpecification","valueRequired":true,"valueName":"search_term_string"}}],"inLanguage":"en-US"},{"@type":"Organization","@id":"https:\/\/www.cote-mas.fr\/#organization","name":"C\u00f4t\u00e9 Mas","url":"https:\/\/www.cote-mas.fr\/","logo":{"@type":"ImageObject","inLanguage":"en-US","@id":"https:\/\/www.cote-mas.fr\/#\/schema\/logo\/image\/","url":"https:\/\/www.cote-mas.fr\/wp-content\/uploads\/2021\/07\/Logo-cote-mas-seul-copie-2.png","contentUrl":"https:\/\/www.cote-mas.fr\/wp-content\/uploads\/2021\/07\/Logo-cote-mas-seul-copie-2.png","width":487,"height":114,"caption":"C\u00f4t\u00e9 Mas"},"image":{"@id":"https:\/\/www.cote-mas.fr\/#\/schema\/logo\/image\/"},"sameAs":["https:\/\/www.facebook.com\/Cote.Mas","https:\/\/www.instagram.com\/cotemas\/"]},{"@type":"Person","@id":"https:\/\/www.cote-mas.fr\/#\/schema\/person\/89c0ee0277bea4c8ece99e8db6dd1d55","name":"LauHaie","image":{"@type":"ImageObject","inLanguage":"en-US","@id":"https:\/\/secure.gravatar.com\/avatar\/e9de6e7d2123adfdbe747785cb7c76b45ccd925166b956315966d0bf4a7aab41?s=96&d=mm&r=g","url":"https:\/\/secure.gravatar.com\/avatar\/e9de6e7d2123adfdbe747785cb7c76b45ccd925166b956315966d0bf4a7aab41?s=96&d=mm&r=g","contentUrl":"https:\/\/secure.gravatar.com\/avatar\/e9de6e7d2123adfdbe747785cb7c76b45ccd925166b956315966d0bf4a7aab41?s=96&d=mm&r=g","caption":"LauHaie"},"url":"https:\/\/www.cote-mas.fr\/en\/author\/lauhaie\/"}]}},"_links":{"self":[{"href":"https:\/\/www.cote-mas.fr\/en\/wp-json\/wp\/v2\/posts\/984","targetHints":{"allow":["GET"]}}],"collection":[{"href":"https:\/\/www.cote-mas.fr\/en\/wp-json\/wp\/v2\/posts"}],"about":[{"href":"https:\/\/www.cote-mas.fr\/en\/wp-json\/wp\/v2\/types\/post"}],"author":[{"embeddable":true,"href":"https:\/\/www.cote-mas.fr\/en\/wp-json\/wp\/v2\/users\/4"}],"replies":[{"embeddable":true,"href":"https:\/\/www.cote-mas.fr\/en\/wp-json\/wp\/v2\/comments?post=984"}],"version-history":[{"count":2,"href":"https:\/\/www.cote-mas.fr\/en\/wp-json\/wp\/v2\/posts\/984\/revisions"}],"predecessor-version":[{"id":1000,"href":"https:\/\/www.cote-mas.fr\/en\/wp-json\/wp\/v2\/posts\/984\/revisions\/1000"}],"wp:featuredmedia":[{"embeddable":true,"href":"https:\/\/www.cote-mas.fr\/en\/wp-json\/wp\/v2\/media\/985"}],"wp:attachment":[{"href":"https:\/\/www.cote-mas.fr\/en\/wp-json\/wp\/v2\/media?parent=984"}],"wp:term":[{"taxonomy":"category","embeddable":true,"href":"https:\/\/www.cote-mas.fr\/en\/wp-json\/wp\/v2\/categories?post=984"},{"taxonomy":"post_tag","embeddable":true,"href":"https:\/\/www.cote-mas.fr\/en\/wp-json\/wp\/v2\/tags?post=984"}],"curies":[{"name":"wp","href":"https:\/\/api.w.org\/{rel}","templated":true}]}}