{"id":9818,"date":"2022-09-12T10:43:44","date_gmt":"2022-09-12T09:43:44","guid":{"rendered":"https:\/\/www.cote-mas.fr\/?p=9818"},"modified":"2022-09-15T09:18:57","modified_gmt":"2022-09-15T08:18:57","slug":"inauguration-de-la-foire-aux-vins-cote-mas","status":"publish","type":"post","link":"https:\/\/www.cote-mas.fr\/en\/inauguration-de-la-foire-aux-vins-cote-mas\/","title":{"rendered":"Inauguration de la Foire Aux Vins C\u00f4t\u00e9 Mas"},"content":{"rendered":"<p>[et_pb_section fb_built=&#8221;1&#8243; _builder_version=&#8221;3.22&#8243; global_colors_info=&#8221;{}&#8221;][et_pb_row _builder_version=&#8221;4.9.4&#8243; _module_preset=&#8221;default&#8221; global_colors_info=&#8221;{}&#8221;][et_pb_column type=&#8221;4_4&#8243; _builder_version=&#8221;4.9.4&#8243; _module_preset=&#8221;default&#8221; global_colors_info=&#8221;{}&#8221;][et_pb_image src=&#8221;https:\/\/www.cote-mas.fr\/wp-content\/uploads\/2022\/09\/Copie-de-Animation-ete-Domaines-Paul-Mas-et-Cote-Mas-1600-\u00d7-400-px.gif&#8221; title_text=&#8221;Copie de Animation \u00e9t\u00e9 Domaines Paul Mas et C\u00f4t\u00e9 Mas (1600 \u00d7 400 px)&#8221; align=&#8221;center&#8221; _builder_version=&#8221;4.14.9&#8243; _module_preset=&#8221;default&#8221; global_colors_info=&#8221;{}&#8221;][\/et_pb_image][\/et_pb_column][\/et_pb_row][\/et_pb_section][et_pb_section fb_built=&#8221;1&#8243; custom_padding_last_edited=&#8221;on|desktop&#8221; admin_label=&#8221;section&#8221; _builder_version=&#8221;3.22&#8243; background_color=&#8221;#cfc6be&#8221; custom_padding_tablet=&#8221;50px|0|50px|0&#8243; custom_padding_phone=&#8221;&#8221; transparent_background=&#8221;off&#8221; padding_mobile=&#8221;off&#8221; make_fullwidth=&#8221;off&#8221; use_custom_width=&#8221;off&#8221; width_unit=&#8221;on&#8221; global_colors_info=&#8221;{}&#8221;][et_pb_row column_structure=&#8221;1_2,1_2&#8243; admin_label=&#8221;row&#8221; _builder_version=&#8221;3.25&#8243; background_size=&#8221;initial&#8221; background_position=&#8221;top_left&#8221; background_repeat=&#8221;repeat&#8221; custom_padding=&#8221;||0px|||&#8221; global_colors_info=&#8221;{}&#8221;][et_pb_column type=&#8221;1_2&#8243; _builder_version=&#8221;3.25&#8243; custom_padding=&#8221;|||&#8221; global_colors_info=&#8221;{}&#8221; custom_padding__hover=&#8221;|||&#8221;][et_pb_image src=&#8221;https:\/\/www.cote-mas.fr\/wp-content\/uploads\/2022\/09\/Cote-Mas-Montagnac-Foire-aux-vins.jpg&#8221; title_text=&#8221;C\u00f4t\u00e9 Mas Montagnac &#8211; Foire aux vins&#8221; _builder_version=&#8221;4.14.9&#8243; _module_preset=&#8221;default&#8221; custom_margin=&#8221;97px|||||&#8221; custom_margin_tablet=&#8221;97px|||||&#8221; custom_margin_phone=&#8221;0px||||false|false&#8221; custom_margin_last_edited=&#8221;on|phone&#8221; box_shadow_style=&#8221;preset4&#8243; global_colors_info=&#8221;{}&#8221;][\/et_pb_image][\/et_pb_column][et_pb_column type=&#8221;1_2&#8243; _builder_version=&#8221;3.25&#8243; custom_padding=&#8221;|||&#8221; global_colors_info=&#8221;{}&#8221; custom_padding__hover=&#8221;|||&#8221;][et_pb_text admin_label=&#8221;Text&#8221; _builder_version=&#8221;4.14.9&#8243; background_size=&#8221;initial&#8221; background_position=&#8221;top_left&#8221; background_repeat=&#8221;repeat&#8221; custom_padding=&#8221;186px|||||&#8221; custom_padding_tablet=&#8221;186px|||||&#8221; custom_padding_phone=&#8221;0px||||false|false&#8221; custom_padding_last_edited=&#8221;on|phone&#8221; global_colors_info=&#8221;{}&#8221;]<\/p>\n<h1 class=\"m8h3af8h l7ghb35v kjdc1dyq kmwttqpk gh25dzvf\" style=\"text-align: center;\">Jeudi 15 Septembre<\/h1>\n<p>&nbsp;<\/p>\n<p>&nbsp;<\/p>\n<p>&nbsp;<\/p>\n<h2 class=\"l7ghb35v kjdc1dyq kmwttqpk gh25dzvf jikcssrz\"><\/h2>\n<h2 class=\"l7ghb35v kjdc1dyq kmwttqpk gh25dzvf jikcssrz\">\u00c0 partir de 19H00<\/h2>\n<div class=\"l7ghb35v kjdc1dyq kmwttqpk gh25dzvf jikcssrz\" style=\"text-align: justify;\">Soir\u00e9e conviviale entre amateurs de vins anim\u00e9e par un Winemaker de nos domaines. L&#8217;occasion pour chacun d&#8217;en apprendre davantage sur nos processus de vinification et de poser toutes vos questions.<\/div>\n<div class=\"l7ghb35v kjdc1dyq kmwttqpk gh25dzvf jikcssrz\" style=\"text-align: justify;\"><\/div>\n<div class=\"l7ghb35v kjdc1dyq kmwttqpk gh25dzvf jikcssrz\" style=\"text-align: justify;\"><\/div>\n<div class=\"l7ghb35v kjdc1dyq kmwttqpk gh25dzvf jikcssrz\" style=\"text-align: justify;\"><\/div>\n<div class=\"l7ghb35v kjdc1dyq kmwttqpk gh25dzvf jikcssrz\" style=\"text-align: justify;\"><\/div>\n<div class=\"l7ghb35v kjdc1dyq kmwttqpk gh25dzvf jikcssrz\"><\/div>\n<div class=\"l7ghb35v kjdc1dyq kmwttqpk gh25dzvf jikcssrz\"><\/div>\n<h2 class=\"l7ghb35v kjdc1dyq kmwttqpk gh25dzvf jikcssrz\"><\/h2>\n<h2 class=\"l7ghb35v kjdc1dyq kmwttqpk gh25dzvf jikcssrz\"><\/h2>\n<h2 class=\"l7ghb35v kjdc1dyq kmwttqpk gh25dzvf jikcssrz\"><\/h2>\n<h2 class=\"l7ghb35v kjdc1dyq kmwttqpk gh25dzvf jikcssrz\"><\/h2>\n<h2 class=\"l7ghb35v kjdc1dyq kmwttqpk gh25dzvf jikcssrz\"><\/h2>\n<h2 class=\"l7ghb35v kjdc1dyq kmwttqpk gh25dzvf jikcssrz\">Toute la journ\u00e9e<\/h2>\n<div class=\"l7ghb35v kjdc1dyq kmwttqpk gh25dzvf jikcssrz\"><\/div>\n<div class=\"l7ghb35v kjdc1dyq kmwttqpk gh25dzvf jikcssrz\" style=\"text-align: justify;\">\u00c0 l&#8217;occasion de l&#8217;inauguration de notre Foire Aux Vins, toute la journ\u00e9e, la d\u00e9gustation vous sera offerte pour tout achat. Une opportunit\u00e9 de d\u00e9couvrir des cuv\u00e9es que vous ne connaissez pas !<\/div>\n<p>[\/et_pb_text][et_pb_image src=&#8221;https:\/\/www.cote-mas.fr\/wp-content\/uploads\/2022\/09\/Foire-aux-vins-2022.png&#8221; title_text=&#8221;Foire aux vins 2022&#8243; align=&#8221;center&#8221; _builder_version=&#8221;4.14.9&#8243; _module_preset=&#8221;default&#8221; module_alignment=&#8221;center&#8221; hover_enabled=&#8221;0&#8243; global_colors_info=&#8221;{}&#8221; url=&#8221;https:\/\/www.cote-mas.fr\/categorie-produit\/foire-aux-vins-2022\/&#8221; sticky_enabled=&#8221;0&#8243;][\/et_pb_image][et_pb_button url_new_window=&#8221;on&#8221; button_text=&#8221;D\u00e9couvrir les vins&#8221; button_alignment=&#8221;center&#8221; _builder_version=&#8221;4.14.9&#8243; _module_preset=&#8221;default&#8221; custom_button=&#8221;on&#8221; button_text_color=&#8221;#5F504D&#8221; button_bg_color=&#8221;RGBA(255,255,255,0)&#8221; button_border_color=&#8221;#5F504D&#8221; custom_margin=&#8221;0px||||false|false&#8221; hover_enabled=&#8221;0&#8243; global_colors_info=&#8221;{}&#8221; button_url=&#8221;https:\/\/www.cote-mas.fr\/categorie-produit\/foire-aux-vins-2022\/&#8221; sticky_enabled=&#8221;0&#8243;][\/et_pb_button][et_pb_text _builder_version=&#8221;4.14.9&#8243; _module_preset=&#8221;default&#8221; text_orientation=&#8221;center&#8221; module_alignment=&#8221;center&#8221; global_colors_info=&#8221;{}&#8221;]<\/p>\n<h6><em>Du 15 Septembre au 15 Octobre 2022 <\/em><\/h6>\n<h6><em>(Dans la limite des stocks disponibles)<\/em><\/h6>\n<p>[\/et_pb_text][\/et_pb_column][\/et_pb_row][et_pb_row _builder_version=&#8221;4.14.9&#8243; _module_preset=&#8221;default&#8221; custom_padding=&#8221;62px|||||&#8221; global_colors_info=&#8221;{}&#8221;][et_pb_column type=&#8221;4_4&#8243; _builder_version=&#8221;4.14.9&#8243; _module_preset=&#8221;default&#8221; global_colors_info=&#8221;{}&#8221;][et_pb_divider _builder_version=&#8221;4.8.1&#8243; _module_preset=&#8221;default&#8221; global_colors_info=&#8221;{}&#8221;][\/et_pb_divider][et_pb_text admin_label=&#8221;Text&#8221; _builder_version=&#8221;4.14.9&#8243; background_size=&#8221;initial&#8221; background_position=&#8221;top_left&#8221; background_repeat=&#8221;repeat&#8221; width=&#8221;62%&#8221; module_alignment=&#8221;center&#8221; custom_margin=&#8221;-45px|||||&#8221; custom_padding=&#8221;7px|||||&#8221; global_colors_info=&#8221;{}&#8221;]<\/p>\n<p style=\"text-align: justify;\"><em>N&#8217;h\u00e9sitez pas \u00e0 vous inscire \u00e0 la newsletter ou \u00e0 nous suivre sur les r\u00e9seaux sociaux pour \u00eatre les premiers inform\u00e9s de tous nos \u00e9v\u00e8nements, soir\u00e9es sp\u00e9ciales, offres promotionnelles &#8230;<\/em><\/p>\n<p class=\"p1\">[\/et_pb_text][et_pb_button button_url=&#8221;https:\/\/www.cote-mas.fr\/inscription-newsletter\/&#8221; url_new_window=&#8221;on&#8221; button_text=&#8221;Inscription Newsletter&#8221; button_alignment=&#8221;center&#8221; _builder_version=&#8221;4.14.9&#8243; _module_preset=&#8221;default&#8221; custom_button=&#8221;on&#8221; button_text_color=&#8221;#5F504D&#8221; button_bg_color=&#8221;RGBA(255,255,255,0)&#8221; button_border_color=&#8221;#5F504D&#8221; custom_margin=&#8221;0px||||false|false&#8221; global_colors_info=&#8221;{}&#8221;][\/et_pb_button][et_pb_social_media_follow _builder_version=&#8221;4.14.9&#8243; _module_preset=&#8221;default&#8221; text_orientation=&#8221;center&#8221; module_alignment=&#8221;center&#8221; custom_margin=&#8221;0px||||false|false&#8221; custom_padding=&#8221;0px|||||&#8221; locked=&#8221;off&#8221; global_colors_info=&#8221;{}&#8221;][et_pb_social_media_follow_network social_network=&#8221;instagram&#8221; url=&#8221;https:\/\/www.instagram.com\/cotemas\/&#8221; use_icon_font_size=&#8221;on&#8221; icon_font_size=&#8221;39px&#8221; _builder_version=&#8221;4.14.2&#8243; _module_preset=&#8221;default&#8221; background_color=&#8221;#5f504d&#8221; background_enable_color=&#8221;on&#8221; custom_button=&#8221;on&#8221; button_text_size=&#8221;12px&#8221; button_bg_color=&#8221;#5f504d&#8221; button_border_color=&#8221;#5f504d&#8221; button_border_radius=&#8221;9px&#8221; transform_scale=&#8221;82%|82%&#8221; border_radii=&#8221;on|40px|40px|40px|40px&#8221; global_colors_info=&#8221;{}&#8221; follow_button=&#8221;off&#8221; url_new_window=&#8221;on&#8221;]instagram[\/et_pb_social_media_follow_network][et_pb_social_media_follow_network social_network=&#8221;facebook&#8221; url=&#8221;https:\/\/www.facebook.com\/Cote.Mas&#8221; use_icon_font_size=&#8221;on&#8221; icon_font_size=&#8221;39px&#8221; _builder_version=&#8221;4.14.2&#8243; _module_preset=&#8221;default&#8221; background_color=&#8221;#5f504d&#8221; background_enable_color=&#8221;on&#8221; custom_button=&#8221;on&#8221; button_text_size=&#8221;12px&#8221; button_bg_color=&#8221;#5f504d&#8221; button_border_color=&#8221;#5f504d&#8221; button_border_radius=&#8221;9px&#8221; transform_scale=&#8221;82%|82%&#8221; border_radii=&#8221;on|40px|40px|40px|40px&#8221; global_colors_info=&#8221;{}&#8221; follow_button=&#8221;off&#8221; url_new_window=&#8221;on&#8221;]facebook[\/et_pb_social_media_follow_network][\/et_pb_social_media_follow][\/et_pb_column][\/et_pb_row][\/et_pb_section]<\/p>\n","protected":false},"excerpt":{"rendered":"<p>Des promotions sensationnelles, des rencontres exceptionnelles et des d\u00e9gustations offertes! RDV le jeudi 15 septembre 2022 aux caveau C\u00f4t\u00e9 Mas!<\/p>\n","protected":false},"author":43,"featured_media":9832,"comment_status":"closed","ping_status":"open","sticky":false,"template":"","format":"standard","meta":{"_et_pb_use_builder":"on","_et_pb_old_content":"","_et_gb_content_width":"1413","footnotes":""},"categories":[36],"tags":[],"class_list":["post-9818","post","type-post","status-publish","format-standard","has-post-thumbnail","hentry","category-evenement"],"yoast_head":"<!-- This site is optimized with the Yoast SEO plugin v27.4 - https:\/\/yoast.com\/product\/yoast-seo-wordpress\/ -->\n<title>Inauguration de la Foire Aux Vins - C\u00f4t\u00e9 Mas<\/title>\n<meta name=\"description\" content=\"Des promotions, des rencontres et des d\u00e9gustations offertes! RDV le jeudi 15 septembre 2022 aux caveau C\u00f4t\u00e9 Mas \u00e0 Montagnac (34)!\" \/>\n<meta name=\"robots\" content=\"index, follow, max-snippet:-1, max-image-preview:large, max-video-preview:-1\" \/>\n<link rel=\"canonical\" href=\"https:\/\/www.cote-mas.fr\/inauguration-de-la-foire-aux-vins-cote-mas\/\" \/>\n<meta property=\"og:locale\" content=\"en_US\" \/>\n<meta property=\"og:type\" content=\"article\" \/>\n<meta property=\"og:title\" content=\"Inauguration de la Foire Aux Vins - C\u00f4t\u00e9 Mas\" \/>\n<meta property=\"og:description\" content=\"Des promotions, des rencontres et des d\u00e9gustations offertes! RDV le jeudi 15 septembre 2022 aux caveau C\u00f4t\u00e9 Mas \u00e0 Montagnac (34)!\" \/>\n<meta property=\"og:url\" content=\"https:\/\/www.cote-mas.fr\/inauguration-de-la-foire-aux-vins-cote-mas\/\" \/>\n<meta property=\"og:site_name\" content=\"C\u00f4t\u00e9 Mas\" \/>\n<meta property=\"article:publisher\" content=\"https:\/\/www.facebook.com\/Cote.Mas\" \/>\n<meta property=\"article:published_time\" content=\"2022-09-12T09:43:44+00:00\" \/>\n<meta property=\"article:modified_time\" content=\"2022-09-15T08:18:57+00:00\" \/>\n<meta property=\"og:image\" content=\"https:\/\/www.cote-mas.fr\/wp-content\/uploads\/2022\/09\/Inauguration-foire-aux-vins-2022.jpg\" \/>\n\t<meta property=\"og:image:width\" content=\"1920\" \/>\n\t<meta property=\"og:image:height\" content=\"1080\" \/>\n\t<meta property=\"og:image:type\" content=\"image\/jpeg\" \/>\n<meta name=\"author\" content=\"Amandine Nelson\" \/>\n<meta name=\"twitter:card\" content=\"summary_large_image\" \/>\n<meta name=\"twitter:label1\" content=\"Written by\" \/>\n\t<meta name=\"twitter:data1\" content=\"Amandine Nelson\" \/>\n\t<meta name=\"twitter:label2\" content=\"Est. reading time\" \/>\n\t<meta name=\"twitter:data2\" content=\"2 minutes\" \/>\n<script type=\"application\/ld+json\" class=\"yoast-schema-graph\">{\"@context\":\"https:\\\/\\\/schema.org\",\"@graph\":[{\"@type\":\"Article\",\"@id\":\"https:\\\/\\\/www.cote-mas.fr\\\/inauguration-de-la-foire-aux-vins-cote-mas\\\/#article\",\"isPartOf\":{\"@id\":\"https:\\\/\\\/www.cote-mas.fr\\\/inauguration-de-la-foire-aux-vins-cote-mas\\\/\"},\"author\":{\"name\":\"Amandine Nelson\",\"@id\":\"https:\\\/\\\/www.cote-mas.fr\\\/#\\\/schema\\\/person\\\/a28d00bbf357e9c0b83b06c9f45e3894\"},\"headline\":\"Inauguration de la Foire Aux Vins C\u00f4t\u00e9 Mas\",\"datePublished\":\"2022-09-12T09:43:44+00:00\",\"dateModified\":\"2022-09-15T08:18:57+00:00\",\"mainEntityOfPage\":{\"@id\":\"https:\\\/\\\/www.cote-mas.fr\\\/inauguration-de-la-foire-aux-vins-cote-mas\\\/\"},\"wordCount\":893,\"publisher\":{\"@id\":\"https:\\\/\\\/www.cote-mas.fr\\\/#organization\"},\"image\":{\"@id\":\"https:\\\/\\\/www.cote-mas.fr\\\/inauguration-de-la-foire-aux-vins-cote-mas\\\/#primaryimage\"},\"thumbnailUrl\":\"https:\\\/\\\/www.cote-mas.fr\\\/wp-content\\\/uploads\\\/2022\\\/09\\\/Inauguration-foire-aux-vins-2022.jpg\",\"articleSection\":[\"Ev\u00e8nement\"],\"inLanguage\":\"en-US\"},{\"@type\":\"WebPage\",\"@id\":\"https:\\\/\\\/www.cote-mas.fr\\\/inauguration-de-la-foire-aux-vins-cote-mas\\\/\",\"url\":\"https:\\\/\\\/www.cote-mas.fr\\\/inauguration-de-la-foire-aux-vins-cote-mas\\\/\",\"name\":\"Inauguration de la Foire Aux Vins - C\u00f4t\u00e9 Mas\",\"isPartOf\":{\"@id\":\"https:\\\/\\\/www.cote-mas.fr\\\/#website\"},\"primaryImageOfPage\":{\"@id\":\"https:\\\/\\\/www.cote-mas.fr\\\/inauguration-de-la-foire-aux-vins-cote-mas\\\/#primaryimage\"},\"image\":{\"@id\":\"https:\\\/\\\/www.cote-mas.fr\\\/inauguration-de-la-foire-aux-vins-cote-mas\\\/#primaryimage\"},\"thumbnailUrl\":\"https:\\\/\\\/www.cote-mas.fr\\\/wp-content\\\/uploads\\\/2022\\\/09\\\/Inauguration-foire-aux-vins-2022.jpg\",\"datePublished\":\"2022-09-12T09:43:44+00:00\",\"dateModified\":\"2022-09-15T08:18:57+00:00\",\"description\":\"Des promotions, des rencontres et des d\u00e9gustations offertes! RDV le jeudi 15 septembre 2022 aux caveau C\u00f4t\u00e9 Mas \u00e0 Montagnac (34)!\",\"breadcrumb\":{\"@id\":\"https:\\\/\\\/www.cote-mas.fr\\\/inauguration-de-la-foire-aux-vins-cote-mas\\\/#breadcrumb\"},\"inLanguage\":\"en-US\",\"potentialAction\":[{\"@type\":\"ReadAction\",\"target\":[\"https:\\\/\\\/www.cote-mas.fr\\\/inauguration-de-la-foire-aux-vins-cote-mas\\\/\"]}]},{\"@type\":\"ImageObject\",\"inLanguage\":\"en-US\",\"@id\":\"https:\\\/\\\/www.cote-mas.fr\\\/inauguration-de-la-foire-aux-vins-cote-mas\\\/#primaryimage\",\"url\":\"https:\\\/\\\/www.cote-mas.fr\\\/wp-content\\\/uploads\\\/2022\\\/09\\\/Inauguration-foire-aux-vins-2022.jpg\",\"contentUrl\":\"https:\\\/\\\/www.cote-mas.fr\\\/wp-content\\\/uploads\\\/2022\\\/09\\\/Inauguration-foire-aux-vins-2022.jpg\",\"width\":1500,\"height\":844},{\"@type\":\"BreadcrumbList\",\"@id\":\"https:\\\/\\\/www.cote-mas.fr\\\/inauguration-de-la-foire-aux-vins-cote-mas\\\/#breadcrumb\",\"itemListElement\":[{\"@type\":\"ListItem\",\"position\":1,\"name\":\"Accueil\",\"item\":\"https:\\\/\\\/www.cote-mas.fr\\\/en\\\/\"},{\"@type\":\"ListItem\",\"position\":2,\"name\":\"Inauguration de la Foire Aux Vins C\u00f4t\u00e9 Mas\"}]},{\"@type\":\"WebSite\",\"@id\":\"https:\\\/\\\/www.cote-mas.fr\\\/#website\",\"url\":\"https:\\\/\\\/www.cote-mas.fr\\\/\",\"name\":\"C\u00f4t\u00e9 Mas\",\"description\":\"Le restaurant des Domaines Paul Mas \u00e0 Montagnac en Languedoc\",\"publisher\":{\"@id\":\"https:\\\/\\\/www.cote-mas.fr\\\/#organization\"},\"potentialAction\":[{\"@type\":\"SearchAction\",\"target\":{\"@type\":\"EntryPoint\",\"urlTemplate\":\"https:\\\/\\\/www.cote-mas.fr\\\/?s={search_term_string}\"},\"query-input\":{\"@type\":\"PropertyValueSpecification\",\"valueRequired\":true,\"valueName\":\"search_term_string\"}}],\"inLanguage\":\"en-US\"},{\"@type\":\"Organization\",\"@id\":\"https:\\\/\\\/www.cote-mas.fr\\\/#organization\",\"name\":\"C\u00f4t\u00e9 Mas\",\"url\":\"https:\\\/\\\/www.cote-mas.fr\\\/\",\"logo\":{\"@type\":\"ImageObject\",\"inLanguage\":\"en-US\",\"@id\":\"https:\\\/\\\/www.cote-mas.fr\\\/#\\\/schema\\\/logo\\\/image\\\/\",\"url\":\"https:\\\/\\\/www.cote-mas.fr\\\/wp-content\\\/uploads\\\/2021\\\/07\\\/Logo-cote-mas-seul-copie-2.png\",\"contentUrl\":\"https:\\\/\\\/www.cote-mas.fr\\\/wp-content\\\/uploads\\\/2021\\\/07\\\/Logo-cote-mas-seul-copie-2.png\",\"width\":487,\"height\":114,\"caption\":\"C\u00f4t\u00e9 Mas\"},\"image\":{\"@id\":\"https:\\\/\\\/www.cote-mas.fr\\\/#\\\/schema\\\/logo\\\/image\\\/\"},\"sameAs\":[\"https:\\\/\\\/www.facebook.com\\\/Cote.Mas\",\"https:\\\/\\\/www.instagram.com\\\/cotemas\\\/\"]},{\"@type\":\"Person\",\"@id\":\"https:\\\/\\\/www.cote-mas.fr\\\/#\\\/schema\\\/person\\\/a28d00bbf357e9c0b83b06c9f45e3894\",\"name\":\"Amandine Nelson\",\"image\":{\"@type\":\"ImageObject\",\"inLanguage\":\"en-US\",\"@id\":\"https:\\\/\\\/secure.gravatar.com\\\/avatar\\\/a59444e62f2377ad3d242270a9354ca685acc8491de224a8986182c58a425529?s=96&d=mm&r=g\",\"url\":\"https:\\\/\\\/secure.gravatar.com\\\/avatar\\\/a59444e62f2377ad3d242270a9354ca685acc8491de224a8986182c58a425529?s=96&d=mm&r=g\",\"contentUrl\":\"https:\\\/\\\/secure.gravatar.com\\\/avatar\\\/a59444e62f2377ad3d242270a9354ca685acc8491de224a8986182c58a425529?s=96&d=mm&r=g\",\"caption\":\"Amandine Nelson\"},\"url\":\"https:\\\/\\\/www.cote-mas.fr\\\/en\\\/author\\\/anelson\\\/\"}]}<\/script>\n<!-- \/ Yoast SEO plugin. -->","yoast_head_json":{"title":"Inauguration de la Foire Aux Vins - C\u00f4t\u00e9 Mas","description":"Des promotions, des rencontres et des d\u00e9gustations offertes! RDV le jeudi 15 septembre 2022 aux caveau C\u00f4t\u00e9 Mas \u00e0 Montagnac (34)!","robots":{"index":"index","follow":"follow","max-snippet":"max-snippet:-1","max-image-preview":"max-image-preview:large","max-video-preview":"max-video-preview:-1"},"canonical":"https:\/\/www.cote-mas.fr\/inauguration-de-la-foire-aux-vins-cote-mas\/","og_locale":"en_US","og_type":"article","og_title":"Inauguration de la Foire Aux Vins - C\u00f4t\u00e9 Mas","og_description":"Des promotions, des rencontres et des d\u00e9gustations offertes! RDV le jeudi 15 septembre 2022 aux caveau C\u00f4t\u00e9 Mas \u00e0 Montagnac (34)!","og_url":"https:\/\/www.cote-mas.fr\/inauguration-de-la-foire-aux-vins-cote-mas\/","og_site_name":"C\u00f4t\u00e9 Mas","article_publisher":"https:\/\/www.facebook.com\/Cote.Mas","article_published_time":"2022-09-12T09:43:44+00:00","article_modified_time":"2022-09-15T08:18:57+00:00","og_image":[{"width":1920,"height":1080,"url":"https:\/\/www.cote-mas.fr\/wp-content\/uploads\/2022\/09\/Inauguration-foire-aux-vins-2022.jpg","type":"image\/jpeg"}],"author":"Amandine Nelson","twitter_card":"summary_large_image","twitter_misc":{"Written by":"Amandine Nelson","Est. reading time":"2 minutes"},"schema":{"@context":"https:\/\/schema.org","@graph":[{"@type":"Article","@id":"https:\/\/www.cote-mas.fr\/inauguration-de-la-foire-aux-vins-cote-mas\/#article","isPartOf":{"@id":"https:\/\/www.cote-mas.fr\/inauguration-de-la-foire-aux-vins-cote-mas\/"},"author":{"name":"Amandine Nelson","@id":"https:\/\/www.cote-mas.fr\/#\/schema\/person\/a28d00bbf357e9c0b83b06c9f45e3894"},"headline":"Inauguration de la Foire Aux Vins C\u00f4t\u00e9 Mas","datePublished":"2022-09-12T09:43:44+00:00","dateModified":"2022-09-15T08:18:57+00:00","mainEntityOfPage":{"@id":"https:\/\/www.cote-mas.fr\/inauguration-de-la-foire-aux-vins-cote-mas\/"},"wordCount":893,"publisher":{"@id":"https:\/\/www.cote-mas.fr\/#organization"},"image":{"@id":"https:\/\/www.cote-mas.fr\/inauguration-de-la-foire-aux-vins-cote-mas\/#primaryimage"},"thumbnailUrl":"https:\/\/www.cote-mas.fr\/wp-content\/uploads\/2022\/09\/Inauguration-foire-aux-vins-2022.jpg","articleSection":["Ev\u00e8nement"],"inLanguage":"en-US"},{"@type":"WebPage","@id":"https:\/\/www.cote-mas.fr\/inauguration-de-la-foire-aux-vins-cote-mas\/","url":"https:\/\/www.cote-mas.fr\/inauguration-de-la-foire-aux-vins-cote-mas\/","name":"Inauguration de la Foire Aux Vins - C\u00f4t\u00e9 Mas","isPartOf":{"@id":"https:\/\/www.cote-mas.fr\/#website"},"primaryImageOfPage":{"@id":"https:\/\/www.cote-mas.fr\/inauguration-de-la-foire-aux-vins-cote-mas\/#primaryimage"},"image":{"@id":"https:\/\/www.cote-mas.fr\/inauguration-de-la-foire-aux-vins-cote-mas\/#primaryimage"},"thumbnailUrl":"https:\/\/www.cote-mas.fr\/wp-content\/uploads\/2022\/09\/Inauguration-foire-aux-vins-2022.jpg","datePublished":"2022-09-12T09:43:44+00:00","dateModified":"2022-09-15T08:18:57+00:00","description":"Des promotions, des rencontres et des d\u00e9gustations offertes! RDV le jeudi 15 septembre 2022 aux caveau C\u00f4t\u00e9 Mas \u00e0 Montagnac (34)!","breadcrumb":{"@id":"https:\/\/www.cote-mas.fr\/inauguration-de-la-foire-aux-vins-cote-mas\/#breadcrumb"},"inLanguage":"en-US","potentialAction":[{"@type":"ReadAction","target":["https:\/\/www.cote-mas.fr\/inauguration-de-la-foire-aux-vins-cote-mas\/"]}]},{"@type":"ImageObject","inLanguage":"en-US","@id":"https:\/\/www.cote-mas.fr\/inauguration-de-la-foire-aux-vins-cote-mas\/#primaryimage","url":"https:\/\/www.cote-mas.fr\/wp-content\/uploads\/2022\/09\/Inauguration-foire-aux-vins-2022.jpg","contentUrl":"https:\/\/www.cote-mas.fr\/wp-content\/uploads\/2022\/09\/Inauguration-foire-aux-vins-2022.jpg","width":1500,"height":844},{"@type":"BreadcrumbList","@id":"https:\/\/www.cote-mas.fr\/inauguration-de-la-foire-aux-vins-cote-mas\/#breadcrumb","itemListElement":[{"@type":"ListItem","position":1,"name":"Accueil","item":"https:\/\/www.cote-mas.fr\/en\/"},{"@type":"ListItem","position":2,"name":"Inauguration de la Foire Aux Vins C\u00f4t\u00e9 Mas"}]},{"@type":"WebSite","@id":"https:\/\/www.cote-mas.fr\/#website","url":"https:\/\/www.cote-mas.fr\/","name":"C\u00f4t\u00e9 Mas","description":"Le restaurant des Domaines Paul Mas \u00e0 Montagnac en Languedoc","publisher":{"@id":"https:\/\/www.cote-mas.fr\/#organization"},"potentialAction":[{"@type":"SearchAction","target":{"@type":"EntryPoint","urlTemplate":"https:\/\/www.cote-mas.fr\/?s={search_term_string}"},"query-input":{"@type":"PropertyValueSpecification","valueRequired":true,"valueName":"search_term_string"}}],"inLanguage":"en-US"},{"@type":"Organization","@id":"https:\/\/www.cote-mas.fr\/#organization","name":"C\u00f4t\u00e9 Mas","url":"https:\/\/www.cote-mas.fr\/","logo":{"@type":"ImageObject","inLanguage":"en-US","@id":"https:\/\/www.cote-mas.fr\/#\/schema\/logo\/image\/","url":"https:\/\/www.cote-mas.fr\/wp-content\/uploads\/2021\/07\/Logo-cote-mas-seul-copie-2.png","contentUrl":"https:\/\/www.cote-mas.fr\/wp-content\/uploads\/2021\/07\/Logo-cote-mas-seul-copie-2.png","width":487,"height":114,"caption":"C\u00f4t\u00e9 Mas"},"image":{"@id":"https:\/\/www.cote-mas.fr\/#\/schema\/logo\/image\/"},"sameAs":["https:\/\/www.facebook.com\/Cote.Mas","https:\/\/www.instagram.com\/cotemas\/"]},{"@type":"Person","@id":"https:\/\/www.cote-mas.fr\/#\/schema\/person\/a28d00bbf357e9c0b83b06c9f45e3894","name":"Amandine Nelson","image":{"@type":"ImageObject","inLanguage":"en-US","@id":"https:\/\/secure.gravatar.com\/avatar\/a59444e62f2377ad3d242270a9354ca685acc8491de224a8986182c58a425529?s=96&d=mm&r=g","url":"https:\/\/secure.gravatar.com\/avatar\/a59444e62f2377ad3d242270a9354ca685acc8491de224a8986182c58a425529?s=96&d=mm&r=g","contentUrl":"https:\/\/secure.gravatar.com\/avatar\/a59444e62f2377ad3d242270a9354ca685acc8491de224a8986182c58a425529?s=96&d=mm&r=g","caption":"Amandine Nelson"},"url":"https:\/\/www.cote-mas.fr\/en\/author\/anelson\/"}]}},"_links":{"self":[{"href":"https:\/\/www.cote-mas.fr\/en\/wp-json\/wp\/v2\/posts\/9818","targetHints":{"allow":["GET"]}}],"collection":[{"href":"https:\/\/www.cote-mas.fr\/en\/wp-json\/wp\/v2\/posts"}],"about":[{"href":"https:\/\/www.cote-mas.fr\/en\/wp-json\/wp\/v2\/types\/post"}],"author":[{"embeddable":true,"href":"https:\/\/www.cote-mas.fr\/en\/wp-json\/wp\/v2\/users\/43"}],"replies":[{"embeddable":true,"href":"https:\/\/www.cote-mas.fr\/en\/wp-json\/wp\/v2\/comments?post=9818"}],"version-history":[{"count":6,"href":"https:\/\/www.cote-mas.fr\/en\/wp-json\/wp\/v2\/posts\/9818\/revisions"}],"predecessor-version":[{"id":9912,"href":"https:\/\/www.cote-mas.fr\/en\/wp-json\/wp\/v2\/posts\/9818\/revisions\/9912"}],"wp:featuredmedia":[{"embeddable":true,"href":"https:\/\/www.cote-mas.fr\/en\/wp-json\/wp\/v2\/media\/9832"}],"wp:attachment":[{"href":"https:\/\/www.cote-mas.fr\/en\/wp-json\/wp\/v2\/media?parent=9818"}],"wp:term":[{"taxonomy":"category","embeddable":true,"href":"https:\/\/www.cote-mas.fr\/en\/wp-json\/wp\/v2\/categories?post=9818"},{"taxonomy":"post_tag","embeddable":true,"href":"https:\/\/www.cote-mas.fr\/en\/wp-json\/wp\/v2\/tags?post=9818"}],"curies":[{"name":"wp","href":"https:\/\/api.w.org\/{rel}","templated":true}]}}