{"id":8967,"date":"2022-04-21T15:35:05","date_gmt":"2022-04-21T14:35:05","guid":{"rendered":"https:\/\/www.cote-mas.fr\/?p=8967"},"modified":"2022-05-17T14:08:34","modified_gmt":"2022-05-17T13:08:34","slug":"jeudi-05-mai-soiree-vieux-millesimes-au-restaurant","status":"publish","type":"post","link":"https:\/\/www.cote-mas.fr\/en\/jeudi-05-mai-soiree-vieux-millesimes-au-restaurant\/","title":{"rendered":"JEUDI 05 MAI : Soir\u00e9e Vieux Mill\u00e9simes au restaurant"},"content":{"rendered":"\n[et_pb_section fb_built=&#8221;1&#8243; custom_padding_last_edited=&#8221;on|desktop&#8221; admin_label=&#8221;section&#8221; _builder_version=&#8221;4.14.9&#8243; background_color=&#8221;RGBA(255,255,255,0)&#8221; custom_padding_tablet=&#8221;50px|0|50px|0&#8243; custom_padding_phone=&#8221;&#8221; transparent_background=&#8221;off&#8221; padding_mobile=&#8221;off&#8221; make_fullwidth=&#8221;off&#8221; use_custom_width=&#8221;off&#8221; width_unit=&#8221;on&#8221; global_colors_info=&#8221;{}&#8221;][et_pb_row column_structure=&#8221;1_2,1_2&#8243; admin_label=&#8221;row&#8221; _builder_version=&#8221;4.14.9&#8243; background_size=&#8221;initial&#8221; background_position=&#8221;top_left&#8221; background_repeat=&#8221;repeat&#8221; width=&#8221;84.1%&#8221; width_tablet=&#8221;100%&#8221; width_phone=&#8221;100%&#8221; width_last_edited=&#8221;on|tablet&#8221; max_width_tablet=&#8221;2560%&#8221; max_width_phone=&#8221;2560%&#8221; max_width_last_edited=&#8221;on|tablet&#8221; custom_margin=&#8221;-9px|98px||0px||&#8221; custom_padding=&#8221;5px|22px||10px||&#8221; global_colors_info=&#8221;{}&#8221;][et_pb_column type=&#8221;1_2&#8243; _builder_version=&#8221;3.25&#8243; custom_padding=&#8221;|||&#8221; global_colors_info=&#8221;{}&#8221; custom_padding__hover=&#8221;|||&#8221;][et_pb_image src=&#8221;https:\/\/www.cote-mas.fr\/wp-content\/uploads\/2022\/04\/vieux-millesimes.jpg&#8221; title_text=&#8221;vieux-millesimes&#8221; align=&#8221;center&#8221; _builder_version=&#8221;4.14.9&#8243; _module_preset=&#8221;default&#8221; width=&#8221;79%&#8221; width_tablet=&#8221;100%&#8221; width_phone=&#8221;100%&#8221; width_last_edited=&#8221;on|tablet&#8221; max_width=&#8221;100%&#8221; custom_margin=&#8221;74px|||||&#8221; custom_margin_tablet=&#8221;0px||||false|false&#8221; custom_margin_phone=&#8221;0px||||false|false&#8221; custom_margin_last_edited=&#8221;on|tablet&#8221; custom_padding=&#8221;||0px|||&#8221; global_colors_info=&#8221;{}&#8221;][\/et_pb_image][\/et_pb_column][et_pb_column type=&#8221;1_2&#8243; _builder_version=&#8221;3.25&#8243; custom_padding=&#8221;|||&#8221; global_colors_info=&#8221;{}&#8221; custom_padding__hover=&#8221;|||&#8221;][et_pb_divider show_divider=&#8221;off&#8221; _builder_version=&#8221;4.8.1&#8243; _module_preset=&#8221;default&#8221; min_height=&#8221;90px&#8221; custom_margin=&#8221;|26px||||&#8221; global_colors_info=&#8221;{}&#8221;][\/et_pb_divider][et_pb_text admin_label=&#8221;Text&#8221; _builder_version=&#8221;4.14.9&#8243; text_text_color=&#8221;#000000&#8243; header_font=&#8221;|||||on|||&#8221; header_text_color=&#8221;#000000&#8243; header_2_font=&#8221;|||||on|||&#8221; header_2_text_color=&#8221;#000000&#8243; background_size=&#8221;initial&#8221; background_position=&#8221;top_left&#8221; background_repeat=&#8221;repeat&#8221; width=&#8221;100%&#8221; width_tablet=&#8221;100%&#8221; width_phone=&#8221;100%&#8221; width_last_edited=&#8221;on|phone&#8221; max_width=&#8221;83%&#8221; max_width_tablet=&#8221;83%&#8221; max_width_phone=&#8221;100%&#8221; max_width_last_edited=&#8221;on|desktop&#8221; module_alignment=&#8221;left&#8221; custom_margin=&#8221;|1px||||&#8221; custom_margin_tablet=&#8221;|1px||||&#8221; custom_margin_phone=&#8221;|0px|||false|false&#8221; custom_margin_last_edited=&#8221;on|phone&#8221; hover_enabled=&#8221;0&#8243; module_alignment_tablet=&#8221;left&#8221; module_alignment_phone=&#8221;center&#8221; module_alignment_last_edited=&#8221;on|phone&#8221; global_colors_info=&#8221;{}&#8221; sticky_enabled=&#8221;0&#8243;]<h1 style=\"text-align: justify;\">Soir\u00e9e Vieux Mill\u00e9simes au restaurant<\/h1>\n<p style=\"text-align: justify;\">Jeudi 05 mai, exceptionnellement, nos forfaits vins seront issus de la cave personnelle de M. Jean-Claude Mas.<\/p>\n<ul style=\"text-align: justify;\">\n<li style=\"text-align: justify;\">VIGNES DE NICOLE &#8211; Cabernet Sauvignon Merlot &#8211; Mill\u00e9sime 2008<\/li>\n<li style=\"text-align: justify;\">ASTELIA &#8211; Chardonnay &#8211; Mill\u00e9sime 2014<\/li>\n<li style=\"text-align: justify;\">CLOS DES MURES &#8211; Mill\u00e9sime 2016<\/li>\n<li style=\"text-align: justify;\">ASTELIA &#8211; Sauvignon Blanc &#8211; Mill\u00e9sime 2018<\/li>\n<\/ul>\n<p style=\"text-align: justify;\">Nos forfaits vins:<\/p>\n<ul style=\"text-align: justify;\">\n<li class=\"p2\">2 Vins &#8211;<span>\u00a0<\/span><span class=\"s2\">10\u20ac<\/span><\/li>\n<li class=\"p2\">3 Vins &#8211;<span>\u00a0<\/span><span class=\"s2\">15\u20ac<\/span><\/li>\n<li class=\"p2\">4 Vins &#8211; 20<span class=\"s2\">\u20ac<\/span><\/li>\n<li class=\"p2\"><span class=\"s2\">5 Vins &#8211; 25\u20ac<\/span><\/li>\n<\/ul>\n<p style=\"text-align: justify;\">Pour toute demande de r\u00e9servation ou informations compl\u00e9mentaires, merci de nous contacter par t\u00e9l\u00e9phone ou par mail:<\/p>\n<p style=\"text-align: center;\"><span class=\"s1\">04 67 24 36 10<\/span><\/p>\n<p style=\"text-align: center;\"><a href=\"mailto:info@cote-mas.fr\">info@cote-mas.fr\u00a0<\/a><span class=\"s1\">\u00a0<\/span><\/p>[\/et_pb_text][et_pb_button button_url=&#8221;https:\/\/www.cote-mas.fr\/contactez-nous\/&#8221; button_text=&#8221;R\u00e9servation en ligne&#8221; button_alignment=&#8221;left&#8221; _builder_version=&#8221;4.14.9&#8243; _module_preset=&#8221;default&#8221; global_colors_info=&#8221;{}&#8221;][\/et_pb_button][\/et_pb_column][\/et_pb_row][et_pb_row _builder_version=&#8221;4.14.9&#8243; _module_preset=&#8221;default&#8221; width_tablet=&#8221;&#8221; width_phone=&#8221;&#8221; width_last_edited=&#8221;on|phone&#8221; max_width_tablet=&#8221;&#8221; max_width_phone=&#8221;2560%&#8221; max_width_last_edited=&#8221;on|phone&#8221; custom_padding=&#8221;|45px||||&#8221; global_colors_info=&#8221;{}&#8221;][et_pb_column type=&#8221;4_4&#8243; _builder_version=&#8221;4.14.9&#8243; _module_preset=&#8221;default&#8221; global_colors_info=&#8221;{}&#8221;][et_pb_image src=&#8221;https:\/\/www.cote-mas.fr\/wp-content\/uploads\/2022\/04\/Soiree-Vieux-Millesime-1.gif&#8221; title_text=&#8221;Soir\u00e9e Vieux Mill\u00e9sime (1)&#8221; align=&#8221;center&#8221; align_tablet=&#8221;center&#8221; align_phone=&#8221;center&#8221; align_last_edited=&#8221;on|tablet&#8221; _builder_version=&#8221;4.14.9&#8243; _module_preset=&#8221;default&#8221; width=&#8221;58%&#8221; global_colors_info=&#8221;{}&#8221;][\/et_pb_image][\/et_pb_column][\/et_pb_row][\/et_pb_section]\n","protected":false},"excerpt":{"rendered":"<p>Soir\u00e9e Vieux Mill\u00e9simes au restaurant Jeudi 05 mai, exceptionnellement, nos forfaits vins seront issus de la cave personnelle de M. Jean-Claude Mas. <\/p>\n","protected":false},"author":43,"featured_media":8987,"comment_status":"closed","ping_status":"open","sticky":false,"template":"","format":"standard","meta":{"_et_pb_use_builder":"on","_et_pb_old_content":"","_et_gb_content_width":"1413","footnotes":""},"categories":[36,8],"tags":[],"class_list":["post-8967","post","type-post","status-publish","format-standard","has-post-thumbnail","hentry","category-evenement","category-restaurant"],"yoast_head":"<!-- This site is optimized with the Yoast SEO plugin v27.4 - https:\/\/yoast.com\/product\/yoast-seo-wordpress\/ -->\n<title>JEUDI 05 MAI : Soir\u00e9e Vieux Mill\u00e9simes au restaurant - C\u00f4t\u00e9 Mas<\/title>\n<meta name=\"description\" content=\"Le restaurant gastronomique C\u00f4t\u00e9 Mas, \u00e9difi\u00e9 dans l\u2019esprit \u00ab Luxe Rural \u00bb de la maison, conjugue les plaisirs du go\u00fbt \u00e0 un environnement exceptionnel.\" \/>\n<meta name=\"robots\" content=\"index, follow, max-snippet:-1, max-image-preview:large, max-video-preview:-1\" \/>\n<link rel=\"canonical\" href=\"https:\/\/www.cote-mas.fr\/jeudi-05-mai-soiree-vieux-millesimes-au-restaurant\/\" \/>\n<meta property=\"og:locale\" content=\"en_US\" \/>\n<meta property=\"og:type\" content=\"article\" \/>\n<meta property=\"og:title\" content=\"JEUDI 05 MAI : Soir\u00e9e Vieux Mill\u00e9simes au restaurant - C\u00f4t\u00e9 Mas\" \/>\n<meta property=\"og:description\" content=\"Le restaurant gastronomique C\u00f4t\u00e9 Mas, \u00e9difi\u00e9 dans l\u2019esprit \u00ab Luxe Rural \u00bb de la maison, conjugue les plaisirs du go\u00fbt \u00e0 un environnement exceptionnel.\" \/>\n<meta property=\"og:url\" content=\"https:\/\/www.cote-mas.fr\/jeudi-05-mai-soiree-vieux-millesimes-au-restaurant\/\" \/>\n<meta property=\"og:site_name\" content=\"C\u00f4t\u00e9 Mas\" \/>\n<meta property=\"article:publisher\" content=\"https:\/\/www.facebook.com\/Cote.Mas\" \/>\n<meta property=\"article:published_time\" content=\"2022-04-21T14:35:05+00:00\" \/>\n<meta property=\"article:modified_time\" content=\"2022-05-17T13:08:34+00:00\" \/>\n<meta property=\"og:image\" content=\"https:\/\/www.cote-mas.fr\/wp-content\/uploads\/2022\/04\/Soiree-Vieux-Millesime-Cote-Mas-1.jpg\" \/>\n\t<meta property=\"og:image:width\" content=\"750\" \/>\n\t<meta property=\"og:image:height\" content=\"300\" \/>\n\t<meta property=\"og:image:type\" content=\"image\/jpeg\" \/>\n<meta name=\"author\" content=\"Amandine Nelson\" \/>\n<meta name=\"twitter:card\" content=\"summary_large_image\" \/>\n<meta name=\"twitter:label1\" content=\"Written by\" \/>\n\t<meta name=\"twitter:data1\" content=\"Amandine Nelson\" \/>\n\t<meta name=\"twitter:label2\" content=\"Est. reading time\" \/>\n\t<meta name=\"twitter:data2\" content=\"2 minutes\" \/>\n<script type=\"application\/ld+json\" class=\"yoast-schema-graph\">{\"@context\":\"https:\\\/\\\/schema.org\",\"@graph\":[{\"@type\":\"Article\",\"@id\":\"https:\\\/\\\/www.cote-mas.fr\\\/jeudi-05-mai-soiree-vieux-millesimes-au-restaurant\\\/#article\",\"isPartOf\":{\"@id\":\"https:\\\/\\\/www.cote-mas.fr\\\/jeudi-05-mai-soiree-vieux-millesimes-au-restaurant\\\/\"},\"author\":{\"name\":\"Amandine Nelson\",\"@id\":\"https:\\\/\\\/www.cote-mas.fr\\\/#\\\/schema\\\/person\\\/a28d00bbf357e9c0b83b06c9f45e3894\"},\"headline\":\"JEUDI 05 MAI : Soir\u00e9e Vieux Mill\u00e9simes au restaurant\",\"datePublished\":\"2022-04-21T14:35:05+00:00\",\"dateModified\":\"2022-05-17T13:08:34+00:00\",\"mainEntityOfPage\":{\"@id\":\"https:\\\/\\\/www.cote-mas.fr\\\/jeudi-05-mai-soiree-vieux-millesimes-au-restaurant\\\/\"},\"wordCount\":555,\"publisher\":{\"@id\":\"https:\\\/\\\/www.cote-mas.fr\\\/#organization\"},\"image\":{\"@id\":\"https:\\\/\\\/www.cote-mas.fr\\\/jeudi-05-mai-soiree-vieux-millesimes-au-restaurant\\\/#primaryimage\"},\"thumbnailUrl\":\"https:\\\/\\\/www.cote-mas.fr\\\/wp-content\\\/uploads\\\/2022\\\/04\\\/Soiree-Vieux-Millesime-Cote-Mas-1.jpg\",\"articleSection\":[\"Ev\u00e8nement\",\"Restaurant\"],\"inLanguage\":\"en-US\"},{\"@type\":\"WebPage\",\"@id\":\"https:\\\/\\\/www.cote-mas.fr\\\/jeudi-05-mai-soiree-vieux-millesimes-au-restaurant\\\/\",\"url\":\"https:\\\/\\\/www.cote-mas.fr\\\/jeudi-05-mai-soiree-vieux-millesimes-au-restaurant\\\/\",\"name\":\"JEUDI 05 MAI : Soir\u00e9e Vieux Mill\u00e9simes au restaurant - C\u00f4t\u00e9 Mas\",\"isPartOf\":{\"@id\":\"https:\\\/\\\/www.cote-mas.fr\\\/#website\"},\"primaryImageOfPage\":{\"@id\":\"https:\\\/\\\/www.cote-mas.fr\\\/jeudi-05-mai-soiree-vieux-millesimes-au-restaurant\\\/#primaryimage\"},\"image\":{\"@id\":\"https:\\\/\\\/www.cote-mas.fr\\\/jeudi-05-mai-soiree-vieux-millesimes-au-restaurant\\\/#primaryimage\"},\"thumbnailUrl\":\"https:\\\/\\\/www.cote-mas.fr\\\/wp-content\\\/uploads\\\/2022\\\/04\\\/Soiree-Vieux-Millesime-Cote-Mas-1.jpg\",\"datePublished\":\"2022-04-21T14:35:05+00:00\",\"dateModified\":\"2022-05-17T13:08:34+00:00\",\"description\":\"Le restaurant gastronomique C\u00f4t\u00e9 Mas, \u00e9difi\u00e9 dans l\u2019esprit \u00ab Luxe Rural \u00bb de la maison, conjugue les plaisirs du go\u00fbt \u00e0 un environnement exceptionnel.\",\"breadcrumb\":{\"@id\":\"https:\\\/\\\/www.cote-mas.fr\\\/jeudi-05-mai-soiree-vieux-millesimes-au-restaurant\\\/#breadcrumb\"},\"inLanguage\":\"en-US\",\"potentialAction\":[{\"@type\":\"ReadAction\",\"target\":[\"https:\\\/\\\/www.cote-mas.fr\\\/jeudi-05-mai-soiree-vieux-millesimes-au-restaurant\\\/\"]}]},{\"@type\":\"ImageObject\",\"inLanguage\":\"en-US\",\"@id\":\"https:\\\/\\\/www.cote-mas.fr\\\/jeudi-05-mai-soiree-vieux-millesimes-au-restaurant\\\/#primaryimage\",\"url\":\"https:\\\/\\\/www.cote-mas.fr\\\/wp-content\\\/uploads\\\/2022\\\/04\\\/Soiree-Vieux-Millesime-Cote-Mas-1.jpg\",\"contentUrl\":\"https:\\\/\\\/www.cote-mas.fr\\\/wp-content\\\/uploads\\\/2022\\\/04\\\/Soiree-Vieux-Millesime-Cote-Mas-1.jpg\",\"width\":750,\"height\":300,\"caption\":\"Soir\u00e9e Vieux Mill\u00e9sime Jeudi 05 Mai 2022 Accord met et vins d'exception s\u00e9lectionn\u00e9 par M. Jean-Claude Mas.\"},{\"@type\":\"BreadcrumbList\",\"@id\":\"https:\\\/\\\/www.cote-mas.fr\\\/jeudi-05-mai-soiree-vieux-millesimes-au-restaurant\\\/#breadcrumb\",\"itemListElement\":[{\"@type\":\"ListItem\",\"position\":1,\"name\":\"Accueil\",\"item\":\"https:\\\/\\\/www.cote-mas.fr\\\/en\\\/\"},{\"@type\":\"ListItem\",\"position\":2,\"name\":\"JEUDI 05 MAI : Soir\u00e9e Vieux Mill\u00e9simes au restaurant\"}]},{\"@type\":\"WebSite\",\"@id\":\"https:\\\/\\\/www.cote-mas.fr\\\/#website\",\"url\":\"https:\\\/\\\/www.cote-mas.fr\\\/\",\"name\":\"C\u00f4t\u00e9 Mas\",\"description\":\"Le restaurant des Domaines Paul Mas \u00e0 Montagnac en Languedoc\",\"publisher\":{\"@id\":\"https:\\\/\\\/www.cote-mas.fr\\\/#organization\"},\"potentialAction\":[{\"@type\":\"SearchAction\",\"target\":{\"@type\":\"EntryPoint\",\"urlTemplate\":\"https:\\\/\\\/www.cote-mas.fr\\\/?s={search_term_string}\"},\"query-input\":{\"@type\":\"PropertyValueSpecification\",\"valueRequired\":true,\"valueName\":\"search_term_string\"}}],\"inLanguage\":\"en-US\"},{\"@type\":\"Organization\",\"@id\":\"https:\\\/\\\/www.cote-mas.fr\\\/#organization\",\"name\":\"C\u00f4t\u00e9 Mas\",\"url\":\"https:\\\/\\\/www.cote-mas.fr\\\/\",\"logo\":{\"@type\":\"ImageObject\",\"inLanguage\":\"en-US\",\"@id\":\"https:\\\/\\\/www.cote-mas.fr\\\/#\\\/schema\\\/logo\\\/image\\\/\",\"url\":\"https:\\\/\\\/www.cote-mas.fr\\\/wp-content\\\/uploads\\\/2021\\\/07\\\/Logo-cote-mas-seul-copie-2.png\",\"contentUrl\":\"https:\\\/\\\/www.cote-mas.fr\\\/wp-content\\\/uploads\\\/2021\\\/07\\\/Logo-cote-mas-seul-copie-2.png\",\"width\":487,\"height\":114,\"caption\":\"C\u00f4t\u00e9 Mas\"},\"image\":{\"@id\":\"https:\\\/\\\/www.cote-mas.fr\\\/#\\\/schema\\\/logo\\\/image\\\/\"},\"sameAs\":[\"https:\\\/\\\/www.facebook.com\\\/Cote.Mas\",\"https:\\\/\\\/www.instagram.com\\\/cotemas\\\/\"]},{\"@type\":\"Person\",\"@id\":\"https:\\\/\\\/www.cote-mas.fr\\\/#\\\/schema\\\/person\\\/a28d00bbf357e9c0b83b06c9f45e3894\",\"name\":\"Amandine Nelson\",\"image\":{\"@type\":\"ImageObject\",\"inLanguage\":\"en-US\",\"@id\":\"https:\\\/\\\/secure.gravatar.com\\\/avatar\\\/a59444e62f2377ad3d242270a9354ca685acc8491de224a8986182c58a425529?s=96&d=mm&r=g\",\"url\":\"https:\\\/\\\/secure.gravatar.com\\\/avatar\\\/a59444e62f2377ad3d242270a9354ca685acc8491de224a8986182c58a425529?s=96&d=mm&r=g\",\"contentUrl\":\"https:\\\/\\\/secure.gravatar.com\\\/avatar\\\/a59444e62f2377ad3d242270a9354ca685acc8491de224a8986182c58a425529?s=96&d=mm&r=g\",\"caption\":\"Amandine Nelson\"},\"url\":\"https:\\\/\\\/www.cote-mas.fr\\\/en\\\/author\\\/anelson\\\/\"}]}<\/script>\n<!-- \/ Yoast SEO plugin. -->","yoast_head_json":{"title":"JEUDI 05 MAI : Soir\u00e9e Vieux Mill\u00e9simes au restaurant - C\u00f4t\u00e9 Mas","description":"Le restaurant gastronomique C\u00f4t\u00e9 Mas, \u00e9difi\u00e9 dans l\u2019esprit \u00ab Luxe Rural \u00bb de la maison, conjugue les plaisirs du go\u00fbt \u00e0 un environnement exceptionnel.","robots":{"index":"index","follow":"follow","max-snippet":"max-snippet:-1","max-image-preview":"max-image-preview:large","max-video-preview":"max-video-preview:-1"},"canonical":"https:\/\/www.cote-mas.fr\/jeudi-05-mai-soiree-vieux-millesimes-au-restaurant\/","og_locale":"en_US","og_type":"article","og_title":"JEUDI 05 MAI : Soir\u00e9e Vieux Mill\u00e9simes au restaurant - C\u00f4t\u00e9 Mas","og_description":"Le restaurant gastronomique C\u00f4t\u00e9 Mas, \u00e9difi\u00e9 dans l\u2019esprit \u00ab Luxe Rural \u00bb de la maison, conjugue les plaisirs du go\u00fbt \u00e0 un environnement exceptionnel.","og_url":"https:\/\/www.cote-mas.fr\/jeudi-05-mai-soiree-vieux-millesimes-au-restaurant\/","og_site_name":"C\u00f4t\u00e9 Mas","article_publisher":"https:\/\/www.facebook.com\/Cote.Mas","article_published_time":"2022-04-21T14:35:05+00:00","article_modified_time":"2022-05-17T13:08:34+00:00","og_image":[{"width":750,"height":300,"url":"https:\/\/www.cote-mas.fr\/wp-content\/uploads\/2022\/04\/Soiree-Vieux-Millesime-Cote-Mas-1.jpg","type":"image\/jpeg"}],"author":"Amandine Nelson","twitter_card":"summary_large_image","twitter_misc":{"Written by":"Amandine Nelson","Est. reading time":"2 minutes"},"schema":{"@context":"https:\/\/schema.org","@graph":[{"@type":"Article","@id":"https:\/\/www.cote-mas.fr\/jeudi-05-mai-soiree-vieux-millesimes-au-restaurant\/#article","isPartOf":{"@id":"https:\/\/www.cote-mas.fr\/jeudi-05-mai-soiree-vieux-millesimes-au-restaurant\/"},"author":{"name":"Amandine Nelson","@id":"https:\/\/www.cote-mas.fr\/#\/schema\/person\/a28d00bbf357e9c0b83b06c9f45e3894"},"headline":"JEUDI 05 MAI : Soir\u00e9e Vieux Mill\u00e9simes au restaurant","datePublished":"2022-04-21T14:35:05+00:00","dateModified":"2022-05-17T13:08:34+00:00","mainEntityOfPage":{"@id":"https:\/\/www.cote-mas.fr\/jeudi-05-mai-soiree-vieux-millesimes-au-restaurant\/"},"wordCount":555,"publisher":{"@id":"https:\/\/www.cote-mas.fr\/#organization"},"image":{"@id":"https:\/\/www.cote-mas.fr\/jeudi-05-mai-soiree-vieux-millesimes-au-restaurant\/#primaryimage"},"thumbnailUrl":"https:\/\/www.cote-mas.fr\/wp-content\/uploads\/2022\/04\/Soiree-Vieux-Millesime-Cote-Mas-1.jpg","articleSection":["Ev\u00e8nement","Restaurant"],"inLanguage":"en-US"},{"@type":"WebPage","@id":"https:\/\/www.cote-mas.fr\/jeudi-05-mai-soiree-vieux-millesimes-au-restaurant\/","url":"https:\/\/www.cote-mas.fr\/jeudi-05-mai-soiree-vieux-millesimes-au-restaurant\/","name":"JEUDI 05 MAI : Soir\u00e9e Vieux Mill\u00e9simes au restaurant - C\u00f4t\u00e9 Mas","isPartOf":{"@id":"https:\/\/www.cote-mas.fr\/#website"},"primaryImageOfPage":{"@id":"https:\/\/www.cote-mas.fr\/jeudi-05-mai-soiree-vieux-millesimes-au-restaurant\/#primaryimage"},"image":{"@id":"https:\/\/www.cote-mas.fr\/jeudi-05-mai-soiree-vieux-millesimes-au-restaurant\/#primaryimage"},"thumbnailUrl":"https:\/\/www.cote-mas.fr\/wp-content\/uploads\/2022\/04\/Soiree-Vieux-Millesime-Cote-Mas-1.jpg","datePublished":"2022-04-21T14:35:05+00:00","dateModified":"2022-05-17T13:08:34+00:00","description":"Le restaurant gastronomique C\u00f4t\u00e9 Mas, \u00e9difi\u00e9 dans l\u2019esprit \u00ab Luxe Rural \u00bb de la maison, conjugue les plaisirs du go\u00fbt \u00e0 un environnement exceptionnel.","breadcrumb":{"@id":"https:\/\/www.cote-mas.fr\/jeudi-05-mai-soiree-vieux-millesimes-au-restaurant\/#breadcrumb"},"inLanguage":"en-US","potentialAction":[{"@type":"ReadAction","target":["https:\/\/www.cote-mas.fr\/jeudi-05-mai-soiree-vieux-millesimes-au-restaurant\/"]}]},{"@type":"ImageObject","inLanguage":"en-US","@id":"https:\/\/www.cote-mas.fr\/jeudi-05-mai-soiree-vieux-millesimes-au-restaurant\/#primaryimage","url":"https:\/\/www.cote-mas.fr\/wp-content\/uploads\/2022\/04\/Soiree-Vieux-Millesime-Cote-Mas-1.jpg","contentUrl":"https:\/\/www.cote-mas.fr\/wp-content\/uploads\/2022\/04\/Soiree-Vieux-Millesime-Cote-Mas-1.jpg","width":750,"height":300,"caption":"Soir\u00e9e Vieux Mill\u00e9sime Jeudi 05 Mai 2022 Accord met et vins d'exception s\u00e9lectionn\u00e9 par M. Jean-Claude Mas."},{"@type":"BreadcrumbList","@id":"https:\/\/www.cote-mas.fr\/jeudi-05-mai-soiree-vieux-millesimes-au-restaurant\/#breadcrumb","itemListElement":[{"@type":"ListItem","position":1,"name":"Accueil","item":"https:\/\/www.cote-mas.fr\/en\/"},{"@type":"ListItem","position":2,"name":"JEUDI 05 MAI : Soir\u00e9e Vieux Mill\u00e9simes au restaurant"}]},{"@type":"WebSite","@id":"https:\/\/www.cote-mas.fr\/#website","url":"https:\/\/www.cote-mas.fr\/","name":"C\u00f4t\u00e9 Mas","description":"Le restaurant des Domaines Paul Mas \u00e0 Montagnac en Languedoc","publisher":{"@id":"https:\/\/www.cote-mas.fr\/#organization"},"potentialAction":[{"@type":"SearchAction","target":{"@type":"EntryPoint","urlTemplate":"https:\/\/www.cote-mas.fr\/?s={search_term_string}"},"query-input":{"@type":"PropertyValueSpecification","valueRequired":true,"valueName":"search_term_string"}}],"inLanguage":"en-US"},{"@type":"Organization","@id":"https:\/\/www.cote-mas.fr\/#organization","name":"C\u00f4t\u00e9 Mas","url":"https:\/\/www.cote-mas.fr\/","logo":{"@type":"ImageObject","inLanguage":"en-US","@id":"https:\/\/www.cote-mas.fr\/#\/schema\/logo\/image\/","url":"https:\/\/www.cote-mas.fr\/wp-content\/uploads\/2021\/07\/Logo-cote-mas-seul-copie-2.png","contentUrl":"https:\/\/www.cote-mas.fr\/wp-content\/uploads\/2021\/07\/Logo-cote-mas-seul-copie-2.png","width":487,"height":114,"caption":"C\u00f4t\u00e9 Mas"},"image":{"@id":"https:\/\/www.cote-mas.fr\/#\/schema\/logo\/image\/"},"sameAs":["https:\/\/www.facebook.com\/Cote.Mas","https:\/\/www.instagram.com\/cotemas\/"]},{"@type":"Person","@id":"https:\/\/www.cote-mas.fr\/#\/schema\/person\/a28d00bbf357e9c0b83b06c9f45e3894","name":"Amandine Nelson","image":{"@type":"ImageObject","inLanguage":"en-US","@id":"https:\/\/secure.gravatar.com\/avatar\/a59444e62f2377ad3d242270a9354ca685acc8491de224a8986182c58a425529?s=96&d=mm&r=g","url":"https:\/\/secure.gravatar.com\/avatar\/a59444e62f2377ad3d242270a9354ca685acc8491de224a8986182c58a425529?s=96&d=mm&r=g","contentUrl":"https:\/\/secure.gravatar.com\/avatar\/a59444e62f2377ad3d242270a9354ca685acc8491de224a8986182c58a425529?s=96&d=mm&r=g","caption":"Amandine Nelson"},"url":"https:\/\/www.cote-mas.fr\/en\/author\/anelson\/"}]}},"_links":{"self":[{"href":"https:\/\/www.cote-mas.fr\/en\/wp-json\/wp\/v2\/posts\/8967","targetHints":{"allow":["GET"]}}],"collection":[{"href":"https:\/\/www.cote-mas.fr\/en\/wp-json\/wp\/v2\/posts"}],"about":[{"href":"https:\/\/www.cote-mas.fr\/en\/wp-json\/wp\/v2\/types\/post"}],"author":[{"embeddable":true,"href":"https:\/\/www.cote-mas.fr\/en\/wp-json\/wp\/v2\/users\/43"}],"replies":[{"embeddable":true,"href":"https:\/\/www.cote-mas.fr\/en\/wp-json\/wp\/v2\/comments?post=8967"}],"version-history":[{"count":15,"href":"https:\/\/www.cote-mas.fr\/en\/wp-json\/wp\/v2\/posts\/8967\/revisions"}],"predecessor-version":[{"id":9179,"href":"https:\/\/www.cote-mas.fr\/en\/wp-json\/wp\/v2\/posts\/8967\/revisions\/9179"}],"wp:featuredmedia":[{"embeddable":true,"href":"https:\/\/www.cote-mas.fr\/en\/wp-json\/wp\/v2\/media\/8987"}],"wp:attachment":[{"href":"https:\/\/www.cote-mas.fr\/en\/wp-json\/wp\/v2\/media?parent=8967"}],"wp:term":[{"taxonomy":"category","embeddable":true,"href":"https:\/\/www.cote-mas.fr\/en\/wp-json\/wp\/v2\/categories?post=8967"},{"taxonomy":"post_tag","embeddable":true,"href":"https:\/\/www.cote-mas.fr\/en\/wp-json\/wp\/v2\/tags?post=8967"}],"curies":[{"name":"wp","href":"https:\/\/api.w.org\/{rel}","templated":true}]}}