{"id":777,"date":"2016-02-24T09:38:20","date_gmt":"2016-02-24T08:38:20","guid":{"rendered":"http:\/\/34.251.222.222\/?p=777&#038;lang=en"},"modified":"2016-02-24T09:38:20","modified_gmt":"2016-02-24T08:38:20","slug":"lart-vues-magazine-at-cote-mas-with-yann-liebard-sculptor","status":"publish","type":"post","link":"https:\/\/www.cote-mas.fr\/en\/lart-vues-magazine-at-cote-mas-with-yann-liebard-sculptor\/","title":{"rendered":"L\u2019Art Vues magazine at C\u00f4t\u00e9 Mas with Yann Li\u00e8bard sculptor"},"content":{"rendered":"<p>Few photos about the\u00a0beautiful evening with the\u00a0magazine Art Views and the\u00a0sculptor Yann Li\u00e9bard. We took the opportunity to host the artist&#8217;s works arranged in the restaurant.<\/p>\n<p><strong>Le Luxe Rural Art vivant \u00e0 C\u00f4t\u00e9 Mas<\/strong><\/p>\n\n\t\t<style type=\"text\/css\">\n\t\t\t#gallery-1 {\n\t\t\t\tmargin: auto;\n\t\t\t}\n\t\t\t#gallery-1 .gallery-item {\n\t\t\t\tfloat: left;\n\t\t\t\tmargin-top: 10px;\n\t\t\t\ttext-align: center;\n\t\t\t\twidth: 50%;\n\t\t\t}\n\t\t\t#gallery-1 img {\n\t\t\t\tborder: 2px solid #cfcfcf;\n\t\t\t}\n\t\t\t#gallery-1 .gallery-caption {\n\t\t\t\tmargin-left: 0;\n\t\t\t}\n\t\t\t\/* see gallery_shortcode() in wp-includes\/media.php *\/\n\t\t<\/style>\n\t\t<div id='gallery-1' class='gallery galleryid-777 gallery-columns-2 gallery-size-large'><dl class='gallery-item'>\n\t\t\t<dt class='gallery-icon landscape'>\n\t\t\t\t<img decoding=\"async\" width=\"1024\" height=\"683\" src=\"https:\/\/www.cote-mas.fr\/wp-content\/uploads\/2016\/02\/IMG_0670-1024x683.jpg\" class=\"attachment-large size-large\" alt=\"\" \/>\n\t\t\t<\/dt><\/dl><dl class='gallery-item'>\n\t\t\t<dt class='gallery-icon landscape'>\n\t\t\t\t<img decoding=\"async\" width=\"1024\" height=\"683\" src=\"https:\/\/www.cote-mas.fr\/wp-content\/uploads\/2016\/02\/IMG_0669-1024x683.jpg\" class=\"attachment-large size-large\" alt=\"\" \/>\n\t\t\t<\/dt><\/dl><br style=\"clear: both\" \/><dl class='gallery-item'>\n\t\t\t<dt class='gallery-icon landscape'>\n\t\t\t\t<img decoding=\"async\" width=\"1024\" height=\"683\" src=\"https:\/\/www.cote-mas.fr\/wp-content\/uploads\/2016\/02\/IMG_0677-1024x683.jpg\" class=\"attachment-large size-large\" alt=\"\" \/>\n\t\t\t<\/dt><\/dl><dl class='gallery-item'>\n\t\t\t<dt class='gallery-icon landscape'>\n\t\t\t\t<img decoding=\"async\" width=\"1024\" height=\"683\" src=\"https:\/\/www.cote-mas.fr\/wp-content\/uploads\/2016\/02\/IMG_0666-1024x683.jpg\" class=\"attachment-large size-large\" alt=\"\" \/>\n\t\t\t<\/dt><\/dl><br style=\"clear: both\" \/><dl class='gallery-item'>\n\t\t\t<dt class='gallery-icon landscape'>\n\t\t\t\t<img decoding=\"async\" width=\"1024\" height=\"683\" src=\"https:\/\/www.cote-mas.fr\/wp-content\/uploads\/2016\/02\/IMG_0675-1024x683.jpg\" class=\"attachment-large size-large\" alt=\"\" \/>\n\t\t\t<\/dt><\/dl>\n\t\t\t<br style='clear: both' \/>\n\t\t<\/div>\n\n","protected":false},"excerpt":{"rendered":"<p>Few photos about the\u00a0beautiful evening with the\u00a0magazine Art Views and the\u00a0sculptor Yann Li\u00e9bard. We took the opportunity to host the artist&#8217;s works arranged in the restaurant. Le Luxe Rural Art vivant \u00e0 C\u00f4t\u00e9 Mas<\/p>\n","protected":false},"author":4,"featured_media":770,"comment_status":"open","ping_status":"open","sticky":false,"template":"","format":"standard","meta":{"_et_pb_use_builder":"","_et_pb_old_content":"","_et_gb_content_width":"","footnotes":""},"categories":[31],"tags":[],"class_list":["post-777","post","type-post","status-publish","format-standard","has-post-thumbnail","hentry","category-culture-en"],"yoast_head":"<!-- This site is optimized with the Yoast SEO plugin v27.4 - https:\/\/yoast.com\/product\/yoast-seo-wordpress\/ -->\n<title>L\u2019Art Vues magazine at C\u00f4t\u00e9 Mas with Yann Li\u00e8bard sculptor - C\u00f4t\u00e9 Mas<\/title>\n<meta name=\"robots\" content=\"index, follow, max-snippet:-1, max-image-preview:large, max-video-preview:-1\" \/>\n<link rel=\"canonical\" href=\"https:\/\/www.cote-mas.fr\/en\/lart-vues-magazine-at-cote-mas-with-yann-liebard-sculptor\/\" \/>\n<meta property=\"og:locale\" content=\"en_US\" \/>\n<meta property=\"og:type\" content=\"article\" \/>\n<meta property=\"og:title\" content=\"L\u2019Art Vues magazine at C\u00f4t\u00e9 Mas with Yann Li\u00e8bard sculptor - C\u00f4t\u00e9 Mas\" \/>\n<meta property=\"og:description\" content=\"Few photos about the\u00a0beautiful evening with the\u00a0magazine Art Views and the\u00a0sculptor Yann Li\u00e9bard. We took the opportunity to host the artist&#8217;s works arranged in the restaurant. Le Luxe Rural Art vivant \u00e0 C\u00f4t\u00e9 Mas\" \/>\n<meta property=\"og:url\" content=\"https:\/\/www.cote-mas.fr\/en\/lart-vues-magazine-at-cote-mas-with-yann-liebard-sculptor\/\" \/>\n<meta property=\"og:site_name\" content=\"C\u00f4t\u00e9 Mas\" \/>\n<meta property=\"article:publisher\" content=\"https:\/\/www.facebook.com\/Cote.Mas\" \/>\n<meta property=\"article:published_time\" content=\"2016-02-24T08:38:20+00:00\" \/>\n<meta property=\"og:image\" content=\"https:\/\/www.cote-mas.fr\/wp-content\/uploads\/2016\/02\/IMG_0658.jpg\" \/>\n\t<meta property=\"og:image:width\" content=\"2256\" \/>\n\t<meta property=\"og:image:height\" content=\"1504\" \/>\n\t<meta property=\"og:image:type\" content=\"image\/jpeg\" \/>\n<meta name=\"author\" content=\"LauHaie\" \/>\n<meta name=\"twitter:card\" content=\"summary_large_image\" \/>\n<meta name=\"twitter:label1\" content=\"Written by\" \/>\n\t<meta name=\"twitter:data1\" content=\"LauHaie\" \/>\n<script type=\"application\/ld+json\" class=\"yoast-schema-graph\">{\"@context\":\"https:\\\/\\\/schema.org\",\"@graph\":[{\"@type\":\"Article\",\"@id\":\"https:\\\/\\\/www.cote-mas.fr\\\/en\\\/lart-vues-magazine-at-cote-mas-with-yann-liebard-sculptor\\\/#article\",\"isPartOf\":{\"@id\":\"https:\\\/\\\/www.cote-mas.fr\\\/en\\\/lart-vues-magazine-at-cote-mas-with-yann-liebard-sculptor\\\/\"},\"author\":{\"name\":\"LauHaie\",\"@id\":\"https:\\\/\\\/www.cote-mas.fr\\\/#\\\/schema\\\/person\\\/89c0ee0277bea4c8ece99e8db6dd1d55\"},\"headline\":\"L\u2019Art Vues magazine at C\u00f4t\u00e9 Mas with Yann Li\u00e8bard sculptor\",\"datePublished\":\"2016-02-24T08:38:20+00:00\",\"mainEntityOfPage\":{\"@id\":\"https:\\\/\\\/www.cote-mas.fr\\\/en\\\/lart-vues-magazine-at-cote-mas-with-yann-liebard-sculptor\\\/\"},\"wordCount\":61,\"commentCount\":0,\"publisher\":{\"@id\":\"https:\\\/\\\/www.cote-mas.fr\\\/#organization\"},\"image\":{\"@id\":\"https:\\\/\\\/www.cote-mas.fr\\\/en\\\/lart-vues-magazine-at-cote-mas-with-yann-liebard-sculptor\\\/#primaryimage\"},\"thumbnailUrl\":\"https:\\\/\\\/www.cote-mas.fr\\\/wp-content\\\/uploads\\\/2016\\\/02\\\/IMG_0658.jpg\",\"articleSection\":[\"Culture\"],\"inLanguage\":\"en-US\",\"potentialAction\":[{\"@type\":\"CommentAction\",\"name\":\"Comment\",\"target\":[\"https:\\\/\\\/www.cote-mas.fr\\\/en\\\/lart-vues-magazine-at-cote-mas-with-yann-liebard-sculptor\\\/#respond\"]}]},{\"@type\":\"WebPage\",\"@id\":\"https:\\\/\\\/www.cote-mas.fr\\\/en\\\/lart-vues-magazine-at-cote-mas-with-yann-liebard-sculptor\\\/\",\"url\":\"https:\\\/\\\/www.cote-mas.fr\\\/en\\\/lart-vues-magazine-at-cote-mas-with-yann-liebard-sculptor\\\/\",\"name\":\"L\u2019Art Vues magazine at C\u00f4t\u00e9 Mas with Yann Li\u00e8bard sculptor - C\u00f4t\u00e9 Mas\",\"isPartOf\":{\"@id\":\"https:\\\/\\\/www.cote-mas.fr\\\/#website\"},\"primaryImageOfPage\":{\"@id\":\"https:\\\/\\\/www.cote-mas.fr\\\/en\\\/lart-vues-magazine-at-cote-mas-with-yann-liebard-sculptor\\\/#primaryimage\"},\"image\":{\"@id\":\"https:\\\/\\\/www.cote-mas.fr\\\/en\\\/lart-vues-magazine-at-cote-mas-with-yann-liebard-sculptor\\\/#primaryimage\"},\"thumbnailUrl\":\"https:\\\/\\\/www.cote-mas.fr\\\/wp-content\\\/uploads\\\/2016\\\/02\\\/IMG_0658.jpg\",\"datePublished\":\"2016-02-24T08:38:20+00:00\",\"breadcrumb\":{\"@id\":\"https:\\\/\\\/www.cote-mas.fr\\\/en\\\/lart-vues-magazine-at-cote-mas-with-yann-liebard-sculptor\\\/#breadcrumb\"},\"inLanguage\":\"en-US\",\"potentialAction\":[{\"@type\":\"ReadAction\",\"target\":[\"https:\\\/\\\/www.cote-mas.fr\\\/en\\\/lart-vues-magazine-at-cote-mas-with-yann-liebard-sculptor\\\/\"]}]},{\"@type\":\"ImageObject\",\"inLanguage\":\"en-US\",\"@id\":\"https:\\\/\\\/www.cote-mas.fr\\\/en\\\/lart-vues-magazine-at-cote-mas-with-yann-liebard-sculptor\\\/#primaryimage\",\"url\":\"https:\\\/\\\/www.cote-mas.fr\\\/wp-content\\\/uploads\\\/2016\\\/02\\\/IMG_0658.jpg\",\"contentUrl\":\"https:\\\/\\\/www.cote-mas.fr\\\/wp-content\\\/uploads\\\/2016\\\/02\\\/IMG_0658.jpg\",\"width\":1500,\"height\":1000,\"caption\":\"soir\u00e9e lartvues\"},{\"@type\":\"BreadcrumbList\",\"@id\":\"https:\\\/\\\/www.cote-mas.fr\\\/en\\\/lart-vues-magazine-at-cote-mas-with-yann-liebard-sculptor\\\/#breadcrumb\",\"itemListElement\":[{\"@type\":\"ListItem\",\"position\":1,\"name\":\"Accueil\",\"item\":\"https:\\\/\\\/www.cote-mas.fr\\\/en\\\/\"},{\"@type\":\"ListItem\",\"position\":2,\"name\":\"L\u2019Art Vues magazine at C\u00f4t\u00e9 Mas with Yann Li\u00e8bard sculptor\"}]},{\"@type\":\"WebSite\",\"@id\":\"https:\\\/\\\/www.cote-mas.fr\\\/#website\",\"url\":\"https:\\\/\\\/www.cote-mas.fr\\\/\",\"name\":\"C\u00f4t\u00e9 Mas\",\"description\":\"Le restaurant des Domaines Paul Mas \u00e0 Montagnac en Languedoc\",\"publisher\":{\"@id\":\"https:\\\/\\\/www.cote-mas.fr\\\/#organization\"},\"potentialAction\":[{\"@type\":\"SearchAction\",\"target\":{\"@type\":\"EntryPoint\",\"urlTemplate\":\"https:\\\/\\\/www.cote-mas.fr\\\/?s={search_term_string}\"},\"query-input\":{\"@type\":\"PropertyValueSpecification\",\"valueRequired\":true,\"valueName\":\"search_term_string\"}}],\"inLanguage\":\"en-US\"},{\"@type\":\"Organization\",\"@id\":\"https:\\\/\\\/www.cote-mas.fr\\\/#organization\",\"name\":\"C\u00f4t\u00e9 Mas\",\"url\":\"https:\\\/\\\/www.cote-mas.fr\\\/\",\"logo\":{\"@type\":\"ImageObject\",\"inLanguage\":\"en-US\",\"@id\":\"https:\\\/\\\/www.cote-mas.fr\\\/#\\\/schema\\\/logo\\\/image\\\/\",\"url\":\"https:\\\/\\\/www.cote-mas.fr\\\/wp-content\\\/uploads\\\/2021\\\/07\\\/Logo-cote-mas-seul-copie-2.png\",\"contentUrl\":\"https:\\\/\\\/www.cote-mas.fr\\\/wp-content\\\/uploads\\\/2021\\\/07\\\/Logo-cote-mas-seul-copie-2.png\",\"width\":487,\"height\":114,\"caption\":\"C\u00f4t\u00e9 Mas\"},\"image\":{\"@id\":\"https:\\\/\\\/www.cote-mas.fr\\\/#\\\/schema\\\/logo\\\/image\\\/\"},\"sameAs\":[\"https:\\\/\\\/www.facebook.com\\\/Cote.Mas\",\"https:\\\/\\\/www.instagram.com\\\/cotemas\\\/\"]},{\"@type\":\"Person\",\"@id\":\"https:\\\/\\\/www.cote-mas.fr\\\/#\\\/schema\\\/person\\\/89c0ee0277bea4c8ece99e8db6dd1d55\",\"name\":\"LauHaie\",\"image\":{\"@type\":\"ImageObject\",\"inLanguage\":\"en-US\",\"@id\":\"https:\\\/\\\/secure.gravatar.com\\\/avatar\\\/e9de6e7d2123adfdbe747785cb7c76b45ccd925166b956315966d0bf4a7aab41?s=96&d=mm&r=g\",\"url\":\"https:\\\/\\\/secure.gravatar.com\\\/avatar\\\/e9de6e7d2123adfdbe747785cb7c76b45ccd925166b956315966d0bf4a7aab41?s=96&d=mm&r=g\",\"contentUrl\":\"https:\\\/\\\/secure.gravatar.com\\\/avatar\\\/e9de6e7d2123adfdbe747785cb7c76b45ccd925166b956315966d0bf4a7aab41?s=96&d=mm&r=g\",\"caption\":\"LauHaie\"},\"url\":\"https:\\\/\\\/www.cote-mas.fr\\\/en\\\/author\\\/lauhaie\\\/\"}]}<\/script>\n<!-- \/ Yoast SEO plugin. -->","yoast_head_json":{"title":"L\u2019Art Vues magazine at C\u00f4t\u00e9 Mas with Yann Li\u00e8bard sculptor - C\u00f4t\u00e9 Mas","robots":{"index":"index","follow":"follow","max-snippet":"max-snippet:-1","max-image-preview":"max-image-preview:large","max-video-preview":"max-video-preview:-1"},"canonical":"https:\/\/www.cote-mas.fr\/en\/lart-vues-magazine-at-cote-mas-with-yann-liebard-sculptor\/","og_locale":"en_US","og_type":"article","og_title":"L\u2019Art Vues magazine at C\u00f4t\u00e9 Mas with Yann Li\u00e8bard sculptor - C\u00f4t\u00e9 Mas","og_description":"Few photos about the\u00a0beautiful evening with the\u00a0magazine Art Views and the\u00a0sculptor Yann Li\u00e9bard. We took the opportunity to host the artist&#8217;s works arranged in the restaurant. Le Luxe Rural Art vivant \u00e0 C\u00f4t\u00e9 Mas","og_url":"https:\/\/www.cote-mas.fr\/en\/lart-vues-magazine-at-cote-mas-with-yann-liebard-sculptor\/","og_site_name":"C\u00f4t\u00e9 Mas","article_publisher":"https:\/\/www.facebook.com\/Cote.Mas","article_published_time":"2016-02-24T08:38:20+00:00","og_image":[{"width":2256,"height":1504,"url":"https:\/\/www.cote-mas.fr\/wp-content\/uploads\/2016\/02\/IMG_0658.jpg","type":"image\/jpeg"}],"author":"LauHaie","twitter_card":"summary_large_image","twitter_misc":{"Written by":"LauHaie"},"schema":{"@context":"https:\/\/schema.org","@graph":[{"@type":"Article","@id":"https:\/\/www.cote-mas.fr\/en\/lart-vues-magazine-at-cote-mas-with-yann-liebard-sculptor\/#article","isPartOf":{"@id":"https:\/\/www.cote-mas.fr\/en\/lart-vues-magazine-at-cote-mas-with-yann-liebard-sculptor\/"},"author":{"name":"LauHaie","@id":"https:\/\/www.cote-mas.fr\/#\/schema\/person\/89c0ee0277bea4c8ece99e8db6dd1d55"},"headline":"L\u2019Art Vues magazine at C\u00f4t\u00e9 Mas with Yann Li\u00e8bard sculptor","datePublished":"2016-02-24T08:38:20+00:00","mainEntityOfPage":{"@id":"https:\/\/www.cote-mas.fr\/en\/lart-vues-magazine-at-cote-mas-with-yann-liebard-sculptor\/"},"wordCount":61,"commentCount":0,"publisher":{"@id":"https:\/\/www.cote-mas.fr\/#organization"},"image":{"@id":"https:\/\/www.cote-mas.fr\/en\/lart-vues-magazine-at-cote-mas-with-yann-liebard-sculptor\/#primaryimage"},"thumbnailUrl":"https:\/\/www.cote-mas.fr\/wp-content\/uploads\/2016\/02\/IMG_0658.jpg","articleSection":["Culture"],"inLanguage":"en-US","potentialAction":[{"@type":"CommentAction","name":"Comment","target":["https:\/\/www.cote-mas.fr\/en\/lart-vues-magazine-at-cote-mas-with-yann-liebard-sculptor\/#respond"]}]},{"@type":"WebPage","@id":"https:\/\/www.cote-mas.fr\/en\/lart-vues-magazine-at-cote-mas-with-yann-liebard-sculptor\/","url":"https:\/\/www.cote-mas.fr\/en\/lart-vues-magazine-at-cote-mas-with-yann-liebard-sculptor\/","name":"L\u2019Art Vues magazine at C\u00f4t\u00e9 Mas with Yann Li\u00e8bard sculptor - C\u00f4t\u00e9 Mas","isPartOf":{"@id":"https:\/\/www.cote-mas.fr\/#website"},"primaryImageOfPage":{"@id":"https:\/\/www.cote-mas.fr\/en\/lart-vues-magazine-at-cote-mas-with-yann-liebard-sculptor\/#primaryimage"},"image":{"@id":"https:\/\/www.cote-mas.fr\/en\/lart-vues-magazine-at-cote-mas-with-yann-liebard-sculptor\/#primaryimage"},"thumbnailUrl":"https:\/\/www.cote-mas.fr\/wp-content\/uploads\/2016\/02\/IMG_0658.jpg","datePublished":"2016-02-24T08:38:20+00:00","breadcrumb":{"@id":"https:\/\/www.cote-mas.fr\/en\/lart-vues-magazine-at-cote-mas-with-yann-liebard-sculptor\/#breadcrumb"},"inLanguage":"en-US","potentialAction":[{"@type":"ReadAction","target":["https:\/\/www.cote-mas.fr\/en\/lart-vues-magazine-at-cote-mas-with-yann-liebard-sculptor\/"]}]},{"@type":"ImageObject","inLanguage":"en-US","@id":"https:\/\/www.cote-mas.fr\/en\/lart-vues-magazine-at-cote-mas-with-yann-liebard-sculptor\/#primaryimage","url":"https:\/\/www.cote-mas.fr\/wp-content\/uploads\/2016\/02\/IMG_0658.jpg","contentUrl":"https:\/\/www.cote-mas.fr\/wp-content\/uploads\/2016\/02\/IMG_0658.jpg","width":1500,"height":1000,"caption":"soir\u00e9e lartvues"},{"@type":"BreadcrumbList","@id":"https:\/\/www.cote-mas.fr\/en\/lart-vues-magazine-at-cote-mas-with-yann-liebard-sculptor\/#breadcrumb","itemListElement":[{"@type":"ListItem","position":1,"name":"Accueil","item":"https:\/\/www.cote-mas.fr\/en\/"},{"@type":"ListItem","position":2,"name":"L\u2019Art Vues magazine at C\u00f4t\u00e9 Mas with Yann Li\u00e8bard sculptor"}]},{"@type":"WebSite","@id":"https:\/\/www.cote-mas.fr\/#website","url":"https:\/\/www.cote-mas.fr\/","name":"C\u00f4t\u00e9 Mas","description":"Le restaurant des Domaines Paul Mas \u00e0 Montagnac en Languedoc","publisher":{"@id":"https:\/\/www.cote-mas.fr\/#organization"},"potentialAction":[{"@type":"SearchAction","target":{"@type":"EntryPoint","urlTemplate":"https:\/\/www.cote-mas.fr\/?s={search_term_string}"},"query-input":{"@type":"PropertyValueSpecification","valueRequired":true,"valueName":"search_term_string"}}],"inLanguage":"en-US"},{"@type":"Organization","@id":"https:\/\/www.cote-mas.fr\/#organization","name":"C\u00f4t\u00e9 Mas","url":"https:\/\/www.cote-mas.fr\/","logo":{"@type":"ImageObject","inLanguage":"en-US","@id":"https:\/\/www.cote-mas.fr\/#\/schema\/logo\/image\/","url":"https:\/\/www.cote-mas.fr\/wp-content\/uploads\/2021\/07\/Logo-cote-mas-seul-copie-2.png","contentUrl":"https:\/\/www.cote-mas.fr\/wp-content\/uploads\/2021\/07\/Logo-cote-mas-seul-copie-2.png","width":487,"height":114,"caption":"C\u00f4t\u00e9 Mas"},"image":{"@id":"https:\/\/www.cote-mas.fr\/#\/schema\/logo\/image\/"},"sameAs":["https:\/\/www.facebook.com\/Cote.Mas","https:\/\/www.instagram.com\/cotemas\/"]},{"@type":"Person","@id":"https:\/\/www.cote-mas.fr\/#\/schema\/person\/89c0ee0277bea4c8ece99e8db6dd1d55","name":"LauHaie","image":{"@type":"ImageObject","inLanguage":"en-US","@id":"https:\/\/secure.gravatar.com\/avatar\/e9de6e7d2123adfdbe747785cb7c76b45ccd925166b956315966d0bf4a7aab41?s=96&d=mm&r=g","url":"https:\/\/secure.gravatar.com\/avatar\/e9de6e7d2123adfdbe747785cb7c76b45ccd925166b956315966d0bf4a7aab41?s=96&d=mm&r=g","contentUrl":"https:\/\/secure.gravatar.com\/avatar\/e9de6e7d2123adfdbe747785cb7c76b45ccd925166b956315966d0bf4a7aab41?s=96&d=mm&r=g","caption":"LauHaie"},"url":"https:\/\/www.cote-mas.fr\/en\/author\/lauhaie\/"}]}},"_links":{"self":[{"href":"https:\/\/www.cote-mas.fr\/en\/wp-json\/wp\/v2\/posts\/777","targetHints":{"allow":["GET"]}}],"collection":[{"href":"https:\/\/www.cote-mas.fr\/en\/wp-json\/wp\/v2\/posts"}],"about":[{"href":"https:\/\/www.cote-mas.fr\/en\/wp-json\/wp\/v2\/types\/post"}],"author":[{"embeddable":true,"href":"https:\/\/www.cote-mas.fr\/en\/wp-json\/wp\/v2\/users\/4"}],"replies":[{"embeddable":true,"href":"https:\/\/www.cote-mas.fr\/en\/wp-json\/wp\/v2\/comments?post=777"}],"version-history":[{"count":1,"href":"https:\/\/www.cote-mas.fr\/en\/wp-json\/wp\/v2\/posts\/777\/revisions"}],"predecessor-version":[{"id":778,"href":"https:\/\/www.cote-mas.fr\/en\/wp-json\/wp\/v2\/posts\/777\/revisions\/778"}],"wp:featuredmedia":[{"embeddable":true,"href":"https:\/\/www.cote-mas.fr\/en\/wp-json\/wp\/v2\/media\/770"}],"wp:attachment":[{"href":"https:\/\/www.cote-mas.fr\/en\/wp-json\/wp\/v2\/media?parent=777"}],"wp:term":[{"taxonomy":"category","embeddable":true,"href":"https:\/\/www.cote-mas.fr\/en\/wp-json\/wp\/v2\/categories?post=777"},{"taxonomy":"post_tag","embeddable":true,"href":"https:\/\/www.cote-mas.fr\/en\/wp-json\/wp\/v2\/tags?post=777"}],"curies":[{"name":"wp","href":"https:\/\/api.w.org\/{rel}","templated":true}]}}