{"id":7307,"date":"2021-12-01T11:21:30","date_gmt":"2021-12-01T10:21:30","guid":{"rendered":"https:\/\/www.cote-mas.fr\/?p=7307"},"modified":"2021-12-03T09:47:41","modified_gmt":"2021-12-03T08:47:41","slug":"le-livre-de-jean-claude-mas-le-luxe-rural-en-languedoc","status":"publish","type":"post","link":"https:\/\/www.cote-mas.fr\/en\/le-livre-de-jean-claude-mas-le-luxe-rural-en-languedoc\/","title":{"rendered":"\u00ab Rural Luxury \u00bb The Book by Jean-Claude Mas"},"content":{"rendered":"<p>[et_pb_section fb_built=&#8221;1&#8243; _builder_version=&#8221;4.9.4&#8243; _module_preset=&#8221;default&#8221; global_colors_info=&#8221;{}&#8221;][et_pb_row _builder_version=&#8221;4.9.4&#8243; _module_preset=&#8221;default&#8221; global_colors_info=&#8221;{}&#8221;][et_pb_column type=&#8221;4_4&#8243; _builder_version=&#8221;4.9.4&#8243; _module_preset=&#8221;default&#8221; global_colors_info=&#8221;{}&#8221;][et_pb_divider show_divider=&#8221;off&#8221; _builder_version=&#8221;4.12.1&#8243; _module_preset=&#8221;default&#8221; height=&#8221;50px&#8221; global_colors_info=&#8221;{}&#8221;][\/et_pb_divider][et_pb_text _builder_version=&#8221;4.14.2&#8243; _module_preset=&#8221;default&#8221; hover_enabled=&#8221;0&#8243; global_colors_info=&#8221;{}&#8221; sticky_enabled=&#8221;0&#8243;]<\/p>\n<h2>Jean-Claude Mas is proud to introduce his book:<\/h2>\n<h3 style=\"text-align: center;\">\u201c<strong>Rural Luxury\u00a0<\/strong>\u201d<\/h3>\n<p>&nbsp;<\/p>\n<blockquote>\n<p>&#8220;For us, innovation and tradition come together to nourish a philosophy that we define as &#8216;rural luxury&#8217;: we want to create affordable great wines and stimulate real emotions, only from the senses. Isn&#8217;t that today\u2019s luxury?&#8221;<\/p>\n<\/blockquote>\n<p>&nbsp;<\/p>\n<p>Through this book, Jean-Claude Mas shares the passions that animate him daily: landscapes with strong personalities; obvious, subtle, or complex wines; the pleasures of taste at his C\u00f4t\u00e9 Mas restaurant, the love of horses; the need for simple products; a sense of noble materials, art and craftsmanship &#8230;<\/p>\n<p>&nbsp;<\/p>\n<p>The whole world in a nutshell, and a wine concept that has proven itself since Domaines Paul Mas have been awarded producer of the year 2020 according to Bettane and Desseauve, European Winery of the Year 2020 by Wine Enthusiast magazine; best French producer 2021 and for the third consecutive year, by Mundus Vini.<\/p>\n<p>[\/et_pb_text][et_pb_divider show_divider=&#8221;off&#8221; _builder_version=&#8221;4.14.1&#8243; _module_preset=&#8221;default&#8221; height=&#8221;90px&#8221; global_colors_info=&#8221;{}&#8221;][\/et_pb_divider][et_pb_button button_url=&#8221;https:\/\/www.cote-mas.fr\/produit\/domaines-paul-mas-rural-luxury-the-book-in-english\/&#8221; url_new_window=&#8221;on&#8221; button_text=&#8221;Shop the book&#8221; button_alignment=&#8221;right&#8221; _builder_version=&#8221;4.14.2&#8243; _module_preset=&#8221;default&#8221; custom_button=&#8221;on&#8221; button_text_size=&#8221;22px&#8221; hover_enabled=&#8221;0&#8243; global_colors_info=&#8221;{}&#8221; sticky_enabled=&#8221;0&#8243;][\/et_pb_button][\/et_pb_column][\/et_pb_row][\/et_pb_section]<\/p>\n","protected":false},"excerpt":{"rendered":"<p>Jean-Claude Mas est fier de vous pr\u00e9senter son livre \u201cLe Luxe Rural en Languedoc\u201d. \u00c0 travers ce livre, Jean-Claude Mas partage les passions qui l\u2019animent au quotidien : les paysages \u00e0 fort caract\u00e8re ; des vins \u00e9vidents, subtils ou complexes\u2026<\/p>\n","protected":false},"author":43,"featured_media":7310,"comment_status":"closed","ping_status":"open","sticky":false,"template":"","format":"standard","meta":{"_et_pb_use_builder":"on","_et_pb_old_content":"","_et_gb_content_width":"2880","footnotes":""},"categories":[37],"tags":[],"class_list":["post-7307","post","type-post","status-publish","format-standard","has-post-thumbnail","hentry","category-event"],"yoast_head":"<!-- This site is optimized with the Yoast SEO plugin v27.4 - https:\/\/yoast.com\/product\/yoast-seo-wordpress\/ -->\n<title>\u00ab Rural Luxury \u00bb The Book by Jean-Claude Mas - C\u00f4t\u00e9 Mas<\/title>\n<meta name=\"description\" content=\"Through this book, Jean-Claude Mas shares the passions that animate him daily: landscapes with strong personalities; obvious, subtle, or complex wines\" \/>\n<meta name=\"robots\" content=\"index, follow, max-snippet:-1, max-image-preview:large, max-video-preview:-1\" \/>\n<link rel=\"canonical\" href=\"https:\/\/www.cote-mas.fr\/en\/le-livre-de-jean-claude-mas-le-luxe-rural-en-languedoc\/\" \/>\n<meta property=\"og:locale\" content=\"en_US\" \/>\n<meta property=\"og:type\" content=\"article\" \/>\n<meta property=\"og:title\" content=\"\u00ab Rural Luxury \u00bb The Book by Jean-Claude Mas - C\u00f4t\u00e9 Mas\" \/>\n<meta property=\"og:description\" content=\"Through this book, Jean-Claude Mas shares the passions that animate him daily: landscapes with strong personalities; obvious, subtle, or complex wines\" \/>\n<meta property=\"og:url\" content=\"https:\/\/www.cote-mas.fr\/en\/le-livre-de-jean-claude-mas-le-luxe-rural-en-languedoc\/\" \/>\n<meta property=\"og:site_name\" content=\"C\u00f4t\u00e9 Mas\" \/>\n<meta property=\"article:publisher\" content=\"https:\/\/www.facebook.com\/Cote.Mas\" \/>\n<meta property=\"article:published_time\" content=\"2021-12-01T10:21:30+00:00\" \/>\n<meta property=\"article:modified_time\" content=\"2021-12-03T08:47:41+00:00\" \/>\n<meta property=\"og:image\" content=\"https:\/\/www.cote-mas.fr\/wp-content\/uploads\/2021\/12\/Soirees-vendanges-et-primeurs-800-x-400-px.png\" \/>\n\t<meta property=\"og:image:width\" content=\"800\" \/>\n\t<meta property=\"og:image:height\" content=\"400\" \/>\n\t<meta property=\"og:image:type\" content=\"image\/png\" \/>\n<meta name=\"author\" content=\"Amandine Nelson\" \/>\n<meta name=\"twitter:card\" content=\"summary_large_image\" \/>\n<meta name=\"twitter:label1\" content=\"Written by\" \/>\n\t<meta name=\"twitter:data1\" content=\"Amandine Nelson\" \/>\n\t<meta name=\"twitter:label2\" content=\"Est. reading time\" \/>\n\t<meta name=\"twitter:data2\" content=\"1 minute\" \/>\n<script type=\"application\/ld+json\" class=\"yoast-schema-graph\">{\"@context\":\"https:\\\/\\\/schema.org\",\"@graph\":[{\"@type\":\"Article\",\"@id\":\"https:\\\/\\\/www.cote-mas.fr\\\/en\\\/le-livre-de-jean-claude-mas-le-luxe-rural-en-languedoc\\\/#article\",\"isPartOf\":{\"@id\":\"https:\\\/\\\/www.cote-mas.fr\\\/en\\\/le-livre-de-jean-claude-mas-le-luxe-rural-en-languedoc\\\/\"},\"author\":{\"name\":\"Amandine Nelson\",\"@id\":\"https:\\\/\\\/www.cote-mas.fr\\\/#\\\/schema\\\/person\\\/a28d00bbf357e9c0b83b06c9f45e3894\"},\"headline\":\"\u00ab Rural Luxury \u00bb The Book by Jean-Claude Mas\",\"datePublished\":\"2021-12-01T10:21:30+00:00\",\"dateModified\":\"2021-12-03T08:47:41+00:00\",\"mainEntityOfPage\":{\"@id\":\"https:\\\/\\\/www.cote-mas.fr\\\/en\\\/le-livre-de-jean-claude-mas-le-luxe-rural-en-languedoc\\\/\"},\"wordCount\":303,\"publisher\":{\"@id\":\"https:\\\/\\\/www.cote-mas.fr\\\/#organization\"},\"image\":{\"@id\":\"https:\\\/\\\/www.cote-mas.fr\\\/en\\\/le-livre-de-jean-claude-mas-le-luxe-rural-en-languedoc\\\/#primaryimage\"},\"thumbnailUrl\":\"https:\\\/\\\/www.cote-mas.fr\\\/wp-content\\\/uploads\\\/2021\\\/12\\\/Soirees-vendanges-et-primeurs-800-x-400-px.png\",\"articleSection\":[\"Event\"],\"inLanguage\":\"en-US\"},{\"@type\":\"WebPage\",\"@id\":\"https:\\\/\\\/www.cote-mas.fr\\\/en\\\/le-livre-de-jean-claude-mas-le-luxe-rural-en-languedoc\\\/\",\"url\":\"https:\\\/\\\/www.cote-mas.fr\\\/en\\\/le-livre-de-jean-claude-mas-le-luxe-rural-en-languedoc\\\/\",\"name\":\"\u00ab Rural Luxury \u00bb The Book by Jean-Claude Mas - C\u00f4t\u00e9 Mas\",\"isPartOf\":{\"@id\":\"https:\\\/\\\/www.cote-mas.fr\\\/#website\"},\"primaryImageOfPage\":{\"@id\":\"https:\\\/\\\/www.cote-mas.fr\\\/en\\\/le-livre-de-jean-claude-mas-le-luxe-rural-en-languedoc\\\/#primaryimage\"},\"image\":{\"@id\":\"https:\\\/\\\/www.cote-mas.fr\\\/en\\\/le-livre-de-jean-claude-mas-le-luxe-rural-en-languedoc\\\/#primaryimage\"},\"thumbnailUrl\":\"https:\\\/\\\/www.cote-mas.fr\\\/wp-content\\\/uploads\\\/2021\\\/12\\\/Soirees-vendanges-et-primeurs-800-x-400-px.png\",\"datePublished\":\"2021-12-01T10:21:30+00:00\",\"dateModified\":\"2021-12-03T08:47:41+00:00\",\"description\":\"Through this book, Jean-Claude Mas shares the passions that animate him daily: landscapes with strong personalities; obvious, subtle, or complex wines\",\"breadcrumb\":{\"@id\":\"https:\\\/\\\/www.cote-mas.fr\\\/en\\\/le-livre-de-jean-claude-mas-le-luxe-rural-en-languedoc\\\/#breadcrumb\"},\"inLanguage\":\"en-US\",\"potentialAction\":[{\"@type\":\"ReadAction\",\"target\":[\"https:\\\/\\\/www.cote-mas.fr\\\/en\\\/le-livre-de-jean-claude-mas-le-luxe-rural-en-languedoc\\\/\"]}]},{\"@type\":\"ImageObject\",\"inLanguage\":\"en-US\",\"@id\":\"https:\\\/\\\/www.cote-mas.fr\\\/en\\\/le-livre-de-jean-claude-mas-le-luxe-rural-en-languedoc\\\/#primaryimage\",\"url\":\"https:\\\/\\\/www.cote-mas.fr\\\/wp-content\\\/uploads\\\/2021\\\/12\\\/Soirees-vendanges-et-primeurs-800-x-400-px.png\",\"contentUrl\":\"https:\\\/\\\/www.cote-mas.fr\\\/wp-content\\\/uploads\\\/2021\\\/12\\\/Soirees-vendanges-et-primeurs-800-x-400-px.png\",\"width\":800,\"height\":400},{\"@type\":\"BreadcrumbList\",\"@id\":\"https:\\\/\\\/www.cote-mas.fr\\\/en\\\/le-livre-de-jean-claude-mas-le-luxe-rural-en-languedoc\\\/#breadcrumb\",\"itemListElement\":[{\"@type\":\"ListItem\",\"position\":1,\"name\":\"Accueil\",\"item\":\"https:\\\/\\\/www.cote-mas.fr\\\/en\\\/\"},{\"@type\":\"ListItem\",\"position\":2,\"name\":\"\u00ab Rural Luxury \u00bb The Book by Jean-Claude Mas\"}]},{\"@type\":\"WebSite\",\"@id\":\"https:\\\/\\\/www.cote-mas.fr\\\/#website\",\"url\":\"https:\\\/\\\/www.cote-mas.fr\\\/\",\"name\":\"C\u00f4t\u00e9 Mas\",\"description\":\"Le restaurant des Domaines Paul Mas \u00e0 Montagnac en Languedoc\",\"publisher\":{\"@id\":\"https:\\\/\\\/www.cote-mas.fr\\\/#organization\"},\"potentialAction\":[{\"@type\":\"SearchAction\",\"target\":{\"@type\":\"EntryPoint\",\"urlTemplate\":\"https:\\\/\\\/www.cote-mas.fr\\\/?s={search_term_string}\"},\"query-input\":{\"@type\":\"PropertyValueSpecification\",\"valueRequired\":true,\"valueName\":\"search_term_string\"}}],\"inLanguage\":\"en-US\"},{\"@type\":\"Organization\",\"@id\":\"https:\\\/\\\/www.cote-mas.fr\\\/#organization\",\"name\":\"C\u00f4t\u00e9 Mas\",\"url\":\"https:\\\/\\\/www.cote-mas.fr\\\/\",\"logo\":{\"@type\":\"ImageObject\",\"inLanguage\":\"en-US\",\"@id\":\"https:\\\/\\\/www.cote-mas.fr\\\/#\\\/schema\\\/logo\\\/image\\\/\",\"url\":\"https:\\\/\\\/www.cote-mas.fr\\\/wp-content\\\/uploads\\\/2021\\\/07\\\/Logo-cote-mas-seul-copie-2.png\",\"contentUrl\":\"https:\\\/\\\/www.cote-mas.fr\\\/wp-content\\\/uploads\\\/2021\\\/07\\\/Logo-cote-mas-seul-copie-2.png\",\"width\":487,\"height\":114,\"caption\":\"C\u00f4t\u00e9 Mas\"},\"image\":{\"@id\":\"https:\\\/\\\/www.cote-mas.fr\\\/#\\\/schema\\\/logo\\\/image\\\/\"},\"sameAs\":[\"https:\\\/\\\/www.facebook.com\\\/Cote.Mas\",\"https:\\\/\\\/www.instagram.com\\\/cotemas\\\/\"]},{\"@type\":\"Person\",\"@id\":\"https:\\\/\\\/www.cote-mas.fr\\\/#\\\/schema\\\/person\\\/a28d00bbf357e9c0b83b06c9f45e3894\",\"name\":\"Amandine Nelson\",\"image\":{\"@type\":\"ImageObject\",\"inLanguage\":\"en-US\",\"@id\":\"https:\\\/\\\/secure.gravatar.com\\\/avatar\\\/a59444e62f2377ad3d242270a9354ca685acc8491de224a8986182c58a425529?s=96&d=mm&r=g\",\"url\":\"https:\\\/\\\/secure.gravatar.com\\\/avatar\\\/a59444e62f2377ad3d242270a9354ca685acc8491de224a8986182c58a425529?s=96&d=mm&r=g\",\"contentUrl\":\"https:\\\/\\\/secure.gravatar.com\\\/avatar\\\/a59444e62f2377ad3d242270a9354ca685acc8491de224a8986182c58a425529?s=96&d=mm&r=g\",\"caption\":\"Amandine Nelson\"},\"url\":\"https:\\\/\\\/www.cote-mas.fr\\\/en\\\/author\\\/anelson\\\/\"}]}<\/script>\n<!-- \/ Yoast SEO plugin. -->","yoast_head_json":{"title":"\u00ab Rural Luxury \u00bb The Book by Jean-Claude Mas - C\u00f4t\u00e9 Mas","description":"Through this book, Jean-Claude Mas shares the passions that animate him daily: landscapes with strong personalities; obvious, subtle, or complex wines","robots":{"index":"index","follow":"follow","max-snippet":"max-snippet:-1","max-image-preview":"max-image-preview:large","max-video-preview":"max-video-preview:-1"},"canonical":"https:\/\/www.cote-mas.fr\/en\/le-livre-de-jean-claude-mas-le-luxe-rural-en-languedoc\/","og_locale":"en_US","og_type":"article","og_title":"\u00ab Rural Luxury \u00bb The Book by Jean-Claude Mas - C\u00f4t\u00e9 Mas","og_description":"Through this book, Jean-Claude Mas shares the passions that animate him daily: landscapes with strong personalities; obvious, subtle, or complex wines","og_url":"https:\/\/www.cote-mas.fr\/en\/le-livre-de-jean-claude-mas-le-luxe-rural-en-languedoc\/","og_site_name":"C\u00f4t\u00e9 Mas","article_publisher":"https:\/\/www.facebook.com\/Cote.Mas","article_published_time":"2021-12-01T10:21:30+00:00","article_modified_time":"2021-12-03T08:47:41+00:00","og_image":[{"width":800,"height":400,"url":"https:\/\/www.cote-mas.fr\/wp-content\/uploads\/2021\/12\/Soirees-vendanges-et-primeurs-800-x-400-px.png","type":"image\/png"}],"author":"Amandine Nelson","twitter_card":"summary_large_image","twitter_misc":{"Written by":"Amandine Nelson","Est. reading time":"1 minute"},"schema":{"@context":"https:\/\/schema.org","@graph":[{"@type":"Article","@id":"https:\/\/www.cote-mas.fr\/en\/le-livre-de-jean-claude-mas-le-luxe-rural-en-languedoc\/#article","isPartOf":{"@id":"https:\/\/www.cote-mas.fr\/en\/le-livre-de-jean-claude-mas-le-luxe-rural-en-languedoc\/"},"author":{"name":"Amandine Nelson","@id":"https:\/\/www.cote-mas.fr\/#\/schema\/person\/a28d00bbf357e9c0b83b06c9f45e3894"},"headline":"\u00ab Rural Luxury \u00bb The Book by Jean-Claude Mas","datePublished":"2021-12-01T10:21:30+00:00","dateModified":"2021-12-03T08:47:41+00:00","mainEntityOfPage":{"@id":"https:\/\/www.cote-mas.fr\/en\/le-livre-de-jean-claude-mas-le-luxe-rural-en-languedoc\/"},"wordCount":303,"publisher":{"@id":"https:\/\/www.cote-mas.fr\/#organization"},"image":{"@id":"https:\/\/www.cote-mas.fr\/en\/le-livre-de-jean-claude-mas-le-luxe-rural-en-languedoc\/#primaryimage"},"thumbnailUrl":"https:\/\/www.cote-mas.fr\/wp-content\/uploads\/2021\/12\/Soirees-vendanges-et-primeurs-800-x-400-px.png","articleSection":["Event"],"inLanguage":"en-US"},{"@type":"WebPage","@id":"https:\/\/www.cote-mas.fr\/en\/le-livre-de-jean-claude-mas-le-luxe-rural-en-languedoc\/","url":"https:\/\/www.cote-mas.fr\/en\/le-livre-de-jean-claude-mas-le-luxe-rural-en-languedoc\/","name":"\u00ab Rural Luxury \u00bb The Book by Jean-Claude Mas - C\u00f4t\u00e9 Mas","isPartOf":{"@id":"https:\/\/www.cote-mas.fr\/#website"},"primaryImageOfPage":{"@id":"https:\/\/www.cote-mas.fr\/en\/le-livre-de-jean-claude-mas-le-luxe-rural-en-languedoc\/#primaryimage"},"image":{"@id":"https:\/\/www.cote-mas.fr\/en\/le-livre-de-jean-claude-mas-le-luxe-rural-en-languedoc\/#primaryimage"},"thumbnailUrl":"https:\/\/www.cote-mas.fr\/wp-content\/uploads\/2021\/12\/Soirees-vendanges-et-primeurs-800-x-400-px.png","datePublished":"2021-12-01T10:21:30+00:00","dateModified":"2021-12-03T08:47:41+00:00","description":"Through this book, Jean-Claude Mas shares the passions that animate him daily: landscapes with strong personalities; obvious, subtle, or complex wines","breadcrumb":{"@id":"https:\/\/www.cote-mas.fr\/en\/le-livre-de-jean-claude-mas-le-luxe-rural-en-languedoc\/#breadcrumb"},"inLanguage":"en-US","potentialAction":[{"@type":"ReadAction","target":["https:\/\/www.cote-mas.fr\/en\/le-livre-de-jean-claude-mas-le-luxe-rural-en-languedoc\/"]}]},{"@type":"ImageObject","inLanguage":"en-US","@id":"https:\/\/www.cote-mas.fr\/en\/le-livre-de-jean-claude-mas-le-luxe-rural-en-languedoc\/#primaryimage","url":"https:\/\/www.cote-mas.fr\/wp-content\/uploads\/2021\/12\/Soirees-vendanges-et-primeurs-800-x-400-px.png","contentUrl":"https:\/\/www.cote-mas.fr\/wp-content\/uploads\/2021\/12\/Soirees-vendanges-et-primeurs-800-x-400-px.png","width":800,"height":400},{"@type":"BreadcrumbList","@id":"https:\/\/www.cote-mas.fr\/en\/le-livre-de-jean-claude-mas-le-luxe-rural-en-languedoc\/#breadcrumb","itemListElement":[{"@type":"ListItem","position":1,"name":"Accueil","item":"https:\/\/www.cote-mas.fr\/en\/"},{"@type":"ListItem","position":2,"name":"\u00ab Rural Luxury \u00bb The Book by Jean-Claude Mas"}]},{"@type":"WebSite","@id":"https:\/\/www.cote-mas.fr\/#website","url":"https:\/\/www.cote-mas.fr\/","name":"C\u00f4t\u00e9 Mas","description":"Le restaurant des Domaines Paul Mas \u00e0 Montagnac en Languedoc","publisher":{"@id":"https:\/\/www.cote-mas.fr\/#organization"},"potentialAction":[{"@type":"SearchAction","target":{"@type":"EntryPoint","urlTemplate":"https:\/\/www.cote-mas.fr\/?s={search_term_string}"},"query-input":{"@type":"PropertyValueSpecification","valueRequired":true,"valueName":"search_term_string"}}],"inLanguage":"en-US"},{"@type":"Organization","@id":"https:\/\/www.cote-mas.fr\/#organization","name":"C\u00f4t\u00e9 Mas","url":"https:\/\/www.cote-mas.fr\/","logo":{"@type":"ImageObject","inLanguage":"en-US","@id":"https:\/\/www.cote-mas.fr\/#\/schema\/logo\/image\/","url":"https:\/\/www.cote-mas.fr\/wp-content\/uploads\/2021\/07\/Logo-cote-mas-seul-copie-2.png","contentUrl":"https:\/\/www.cote-mas.fr\/wp-content\/uploads\/2021\/07\/Logo-cote-mas-seul-copie-2.png","width":487,"height":114,"caption":"C\u00f4t\u00e9 Mas"},"image":{"@id":"https:\/\/www.cote-mas.fr\/#\/schema\/logo\/image\/"},"sameAs":["https:\/\/www.facebook.com\/Cote.Mas","https:\/\/www.instagram.com\/cotemas\/"]},{"@type":"Person","@id":"https:\/\/www.cote-mas.fr\/#\/schema\/person\/a28d00bbf357e9c0b83b06c9f45e3894","name":"Amandine Nelson","image":{"@type":"ImageObject","inLanguage":"en-US","@id":"https:\/\/secure.gravatar.com\/avatar\/a59444e62f2377ad3d242270a9354ca685acc8491de224a8986182c58a425529?s=96&d=mm&r=g","url":"https:\/\/secure.gravatar.com\/avatar\/a59444e62f2377ad3d242270a9354ca685acc8491de224a8986182c58a425529?s=96&d=mm&r=g","contentUrl":"https:\/\/secure.gravatar.com\/avatar\/a59444e62f2377ad3d242270a9354ca685acc8491de224a8986182c58a425529?s=96&d=mm&r=g","caption":"Amandine Nelson"},"url":"https:\/\/www.cote-mas.fr\/en\/author\/anelson\/"}]}},"_links":{"self":[{"href":"https:\/\/www.cote-mas.fr\/en\/wp-json\/wp\/v2\/posts\/7307","targetHints":{"allow":["GET"]}}],"collection":[{"href":"https:\/\/www.cote-mas.fr\/en\/wp-json\/wp\/v2\/posts"}],"about":[{"href":"https:\/\/www.cote-mas.fr\/en\/wp-json\/wp\/v2\/types\/post"}],"author":[{"embeddable":true,"href":"https:\/\/www.cote-mas.fr\/en\/wp-json\/wp\/v2\/users\/43"}],"replies":[{"embeddable":true,"href":"https:\/\/www.cote-mas.fr\/en\/wp-json\/wp\/v2\/comments?post=7307"}],"version-history":[{"count":13,"href":"https:\/\/www.cote-mas.fr\/en\/wp-json\/wp\/v2\/posts\/7307\/revisions"}],"predecessor-version":[{"id":7451,"href":"https:\/\/www.cote-mas.fr\/en\/wp-json\/wp\/v2\/posts\/7307\/revisions\/7451"}],"wp:featuredmedia":[{"embeddable":true,"href":"https:\/\/www.cote-mas.fr\/en\/wp-json\/wp\/v2\/media\/7310"}],"wp:attachment":[{"href":"https:\/\/www.cote-mas.fr\/en\/wp-json\/wp\/v2\/media?parent=7307"}],"wp:term":[{"taxonomy":"category","embeddable":true,"href":"https:\/\/www.cote-mas.fr\/en\/wp-json\/wp\/v2\/categories?post=7307"},{"taxonomy":"post_tag","embeddable":true,"href":"https:\/\/www.cote-mas.fr\/en\/wp-json\/wp\/v2\/tags?post=7307"}],"curies":[{"name":"wp","href":"https:\/\/api.w.org\/{rel}","templated":true}]}}