{"id":6371,"date":"2021-07-06T16:22:01","date_gmt":"2021-07-06T15:22:01","guid":{"rendered":"https:\/\/www.cote-mas.fr\/tapas-evening-season-2021\/"},"modified":"2021-07-29T09:05:39","modified_gmt":"2021-07-29T08:05:39","slug":"tapas-evening-season-2021","status":"publish","type":"post","link":"https:\/\/www.cote-mas.fr\/en\/tapas-evening-season-2021\/","title":{"rendered":"Tapas evening &#8211; season 2021"},"content":{"rendered":"<p>[et_pb_section fb_built=&#8221;1&#8243; _builder_version=&#8221;4.9.4&#8243; _module_preset=&#8221;default&#8221;][et_pb_row _builder_version=&#8221;4.9.4&#8243; _module_preset=&#8221;default&#8221;][et_pb_column type=&#8221;4_4&#8243; _builder_version=&#8221;4.9.4&#8243; _module_preset=&#8221;default&#8221;][et_pb_divider show_divider=&#8221;off&#8221; _builder_version=&#8221;4.9.4&#8243; _module_preset=&#8221;default&#8221;][\/et_pb_divider][\/et_pb_column][\/et_pb_row][\/et_pb_section][et_pb_section fb_built=&#8221;1&#8243; _builder_version=&#8221;3.22&#8243;][et_pb_row column_structure=&#8221;1_2,1_2&#8243; _builder_version=&#8221;3.25&#8243; background_size=&#8221;initial&#8221; background_position=&#8221;top_left&#8221; background_repeat=&#8221;repeat&#8221;][et_pb_column type=&#8221;1_2&#8243; _builder_version=&#8221;3.25&#8243; custom_padding=&#8221;|||&#8221; custom_padding__hover=&#8221;|||&#8221;][et_pb_text _builder_version=&#8221;4.9.4&#8243; _module_preset=&#8221;default&#8221; hover_enabled=&#8221;0&#8243; sticky_enabled=&#8221;0&#8243;]<\/p>\n<h1>Tapas evening<\/h1>\n<p>Thursdays august 12th and august 26th evening at the <strong>Caveau C\u00f4t\u00e9 Mas<\/strong>, join us for a fun Wine &amp; Tapas time!<\/p>\n<p>For an After Work or a cool-off evening, one-to-one, with friends, or colleagues every from 6 to 9 pm.<\/p>\n<p>Our wine specialists will propose a selection of wines from\u00a0<strong>Domaines Paul Mas<\/strong>, a perfect match to our tapas.<\/p>\n<p>&nbsp;<\/p>\n<p>&nbsp;<\/p>\n<p>TAPAS:<\/p>\n<p>&nbsp;<\/p>\n<ul>\n<li>Patatas Bravas\u00a0 \u00a0 \u00a0 \u00a0 \u00a0 \u00a0 \u00a0 \u00a0 \u00a0 \u00a0 \u00a0 \u00a0 3.00 \u20ac<\/li>\n<li>Accras tartare sauce\u00a0 \u00a0 \u00a0 \u00a0 \u00a0 \u00a0 \u00a0 \u00a04.50 \u20ac<\/li>\n<li>Chicken tenders\u00a0 \u00a0 \u00a0 \u00a0 \u00a0 \u00a0 \u00a0 \u00a0 \u00a0 \u00a0 \u00a0 \u00a06.00 \u20ac<\/li>\n<li>Charcuterie board\u00a0 \u00a0 \u00a0 \u00a0 \u00a0 \u00a0 \u00a0 \u00a0 \u00a0 \u00a07.00\u00a0 \u20ac<\/li>\n<li>Cheese board\u00a0 \u00a0 \u00a0 \u00a0 \u00a0 \u00a0 \u00a0 \u00a0 \u00a0 \u00a0 \u00a0 \u00a0 \u00a0 7.00 \u20ac<\/li>\n<li>Gravlax salmon\u00a0 \u00a0 \u00a0 \u00a0 \u00a0 \u00a0 \u00a0 \u00a0 \u00a0 \u00a0 10.00 \u20ac<\/li>\n<li>Mixed board\u00a0 \u00a0 \u00a0 \u00a0 \u00a0 \u00a0 \u00a0 \u00a0 \u00a0 \u00a0 \u00a0 \u00a0 \u00a020.00 \u20ac<\/li>\n<\/ul>\n<p>&nbsp;<\/p>\n<p>&nbsp;<\/p>\n<p>&nbsp;<\/p>\n<p>A friendly and relaxing moment, a good way to celebrate the almost \u201c<strong>hump day<\/strong>\u201d, in a beautiful \u201c<strong>Rural Luxury<\/strong>\u201d summery environment!<\/p>\n<p>&nbsp;<\/p>\n<p>Booking is not required but recommended!<\/p>\n<p>&nbsp;<\/p>\n<p>Booking by phone: +33 (0) 4 67 24 36 10<\/p>\n<p>&nbsp;<\/p>\n<p>[\/et_pb_text][\/et_pb_column][et_pb_column type=&#8221;1_2&#8243; _builder_version=&#8221;3.25&#8243; custom_padding=&#8221;|||&#8221; custom_padding__hover=&#8221;|||&#8221;][et_pb_image src=&#8221;https:\/\/www.cote-mas.fr\/wp-content\/uploads\/2021\/07\/Copie-de-Copie-de-Copie-de-SOIREE-TAPAS.jpg&#8221; alt=&#8221;Soir\u00e9e Tapas Caveau C\u00f4t\u00e9 Mas&#8221; title_text=&#8221;Soir\u00e9e Tapas Caveau C\u00f4t\u00e9 Mas&#8221; _builder_version=&#8221;4.9.4&#8243; _module_preset=&#8221;default&#8221; hover_enabled=&#8221;0&#8243; sticky_enabled=&#8221;0&#8243;][\/et_pb_image][\/et_pb_column][\/et_pb_row][\/et_pb_section]<\/p>\n","protected":false},"excerpt":{"rendered":"<p>Tapas evening Thursdays august 12th and august 26th evening at the Caveau C\u00f4t\u00e9 Mas, join us for a fun Wine &amp; Tapas time! For an After Work or a cool-off evening, one-to-one, with friends, or colleagues every from 6 to 9 pm. Our wine specialists will propose a selection of wines from\u00a0Domaines Paul Mas, a [&hellip;]<\/p>\n","protected":false},"author":43,"featured_media":6377,"comment_status":"closed","ping_status":"closed","sticky":true,"template":"","format":"standard","meta":{"_et_pb_use_builder":"on","_et_pb_old_content":"","_et_gb_content_width":"","footnotes":""},"categories":[9,34,32,36],"tags":[],"class_list":["post-6371","post","type-post","status-publish","format-standard","has-post-thumbnail","hentry","category-atelier-vin","category-bar-a-vin","category-caveau","category-evenement"],"yoast_head":"<!-- This site is optimized with the Yoast SEO plugin v27.4 - https:\/\/yoast.com\/product\/yoast-seo-wordpress\/ -->\n<title>Tapas evening - season 2021 - Caveau C\u00f4t\u00e9 Mas Montagnac<\/title>\n<meta name=\"description\" content=\"Tuesday evenings at the Caveau C\u00f4t\u00e9 Mas in Montagnac, Wine &amp; Tapas atmosphere! Face to face, between friends, between work colleagues, a moment of relaxation and conviviality\" \/>\n<meta name=\"robots\" content=\"index, follow, max-snippet:-1, max-image-preview:large, max-video-preview:-1\" \/>\n<link rel=\"canonical\" href=\"https:\/\/www.cote-mas.fr\/en\/tapas-evening-season-2021\/\" \/>\n<meta property=\"og:locale\" content=\"en_US\" \/>\n<meta property=\"og:type\" content=\"article\" \/>\n<meta property=\"og:title\" content=\"Tapas evening - season 2021 - Caveau C\u00f4t\u00e9 Mas Montagnac\" \/>\n<meta property=\"og:description\" content=\"Tuesday evenings at the Caveau C\u00f4t\u00e9 Mas in Montagnac, Wine &amp; Tapas atmosphere! Face to face, between friends, between work colleagues, a moment of relaxation and conviviality\" \/>\n<meta property=\"og:url\" content=\"https:\/\/www.cote-mas.fr\/en\/tapas-evening-season-2021\/\" \/>\n<meta property=\"og:site_name\" content=\"C\u00f4t\u00e9 Mas\" \/>\n<meta property=\"article:publisher\" content=\"https:\/\/www.facebook.com\/Cote.Mas\" \/>\n<meta property=\"article:published_time\" content=\"2021-07-06T15:22:01+00:00\" \/>\n<meta property=\"article:modified_time\" content=\"2021-07-29T08:05:39+00:00\" \/>\n<meta property=\"og:image\" content=\"https:\/\/www.cote-mas.fr\/wp-content\/uploads\/2021\/07\/Banniere-actualite-site-web-1.jpg\" \/>\n\t<meta property=\"og:image:width\" content=\"800\" \/>\n\t<meta property=\"og:image:height\" content=\"400\" \/>\n\t<meta property=\"og:image:type\" content=\"image\/jpeg\" \/>\n<meta name=\"author\" content=\"Amandine Nelson\" \/>\n<meta name=\"twitter:card\" content=\"summary_large_image\" \/>\n<meta name=\"twitter:label1\" content=\"Written by\" \/>\n\t<meta name=\"twitter:data1\" content=\"Amandine Nelson\" \/>\n\t<meta name=\"twitter:label2\" content=\"Est. reading time\" \/>\n\t<meta name=\"twitter:data2\" content=\"1 minute\" \/>\n<script type=\"application\/ld+json\" class=\"yoast-schema-graph\">{\"@context\":\"https:\\\/\\\/schema.org\",\"@graph\":[{\"@type\":\"Article\",\"@id\":\"https:\\\/\\\/www.cote-mas.fr\\\/en\\\/tapas-evening-season-2021\\\/#article\",\"isPartOf\":{\"@id\":\"https:\\\/\\\/www.cote-mas.fr\\\/en\\\/tapas-evening-season-2021\\\/\"},\"author\":{\"name\":\"Amandine Nelson\",\"@id\":\"https:\\\/\\\/www.cote-mas.fr\\\/#\\\/schema\\\/person\\\/a28d00bbf357e9c0b83b06c9f45e3894\"},\"headline\":\"Tapas evening &#8211; season 2021\",\"datePublished\":\"2021-07-06T15:22:01+00:00\",\"dateModified\":\"2021-07-29T08:05:39+00:00\",\"mainEntityOfPage\":{\"@id\":\"https:\\\/\\\/www.cote-mas.fr\\\/en\\\/tapas-evening-season-2021\\\/\"},\"wordCount\":283,\"publisher\":{\"@id\":\"https:\\\/\\\/www.cote-mas.fr\\\/#organization\"},\"image\":{\"@id\":\"https:\\\/\\\/www.cote-mas.fr\\\/en\\\/tapas-evening-season-2021\\\/#primaryimage\"},\"thumbnailUrl\":\"https:\\\/\\\/www.cote-mas.fr\\\/wp-content\\\/uploads\\\/2021\\\/07\\\/Banniere-actualite-site-web-1.jpg\",\"articleSection\":[\"Atelier vin\",\"Bar \u00e0 Vin\",\"caveau\",\"Ev\u00e8nement\"],\"inLanguage\":\"en-US\"},{\"@type\":\"WebPage\",\"@id\":\"https:\\\/\\\/www.cote-mas.fr\\\/en\\\/tapas-evening-season-2021\\\/\",\"url\":\"https:\\\/\\\/www.cote-mas.fr\\\/en\\\/tapas-evening-season-2021\\\/\",\"name\":\"Tapas evening - season 2021 - Caveau C\u00f4t\u00e9 Mas Montagnac\",\"isPartOf\":{\"@id\":\"https:\\\/\\\/www.cote-mas.fr\\\/#website\"},\"primaryImageOfPage\":{\"@id\":\"https:\\\/\\\/www.cote-mas.fr\\\/en\\\/tapas-evening-season-2021\\\/#primaryimage\"},\"image\":{\"@id\":\"https:\\\/\\\/www.cote-mas.fr\\\/en\\\/tapas-evening-season-2021\\\/#primaryimage\"},\"thumbnailUrl\":\"https:\\\/\\\/www.cote-mas.fr\\\/wp-content\\\/uploads\\\/2021\\\/07\\\/Banniere-actualite-site-web-1.jpg\",\"datePublished\":\"2021-07-06T15:22:01+00:00\",\"dateModified\":\"2021-07-29T08:05:39+00:00\",\"description\":\"Tuesday evenings at the Caveau C\u00f4t\u00e9 Mas in Montagnac, Wine & Tapas atmosphere! Face to face, between friends, between work colleagues, a moment of relaxation and conviviality\",\"breadcrumb\":{\"@id\":\"https:\\\/\\\/www.cote-mas.fr\\\/en\\\/tapas-evening-season-2021\\\/#breadcrumb\"},\"inLanguage\":\"en-US\",\"potentialAction\":[{\"@type\":\"ReadAction\",\"target\":[\"https:\\\/\\\/www.cote-mas.fr\\\/en\\\/tapas-evening-season-2021\\\/\"]}]},{\"@type\":\"ImageObject\",\"inLanguage\":\"en-US\",\"@id\":\"https:\\\/\\\/www.cote-mas.fr\\\/en\\\/tapas-evening-season-2021\\\/#primaryimage\",\"url\":\"https:\\\/\\\/www.cote-mas.fr\\\/wp-content\\\/uploads\\\/2021\\\/07\\\/Banniere-actualite-site-web-1.jpg\",\"contentUrl\":\"https:\\\/\\\/www.cote-mas.fr\\\/wp-content\\\/uploads\\\/2021\\\/07\\\/Banniere-actualite-site-web-1.jpg\",\"width\":800,\"height\":400,\"caption\":\"Soir\u00e9e Tapas Caveau C\u00f4t\u00e9 Mas\"},{\"@type\":\"BreadcrumbList\",\"@id\":\"https:\\\/\\\/www.cote-mas.fr\\\/en\\\/tapas-evening-season-2021\\\/#breadcrumb\",\"itemListElement\":[{\"@type\":\"ListItem\",\"position\":1,\"name\":\"Accueil\",\"item\":\"https:\\\/\\\/www.cote-mas.fr\\\/en\\\/\"},{\"@type\":\"ListItem\",\"position\":2,\"name\":\"Tapas evening &#8211; season 2021\"}]},{\"@type\":\"WebSite\",\"@id\":\"https:\\\/\\\/www.cote-mas.fr\\\/#website\",\"url\":\"https:\\\/\\\/www.cote-mas.fr\\\/\",\"name\":\"C\u00f4t\u00e9 Mas\",\"description\":\"Le restaurant des Domaines Paul Mas \u00e0 Montagnac en Languedoc\",\"publisher\":{\"@id\":\"https:\\\/\\\/www.cote-mas.fr\\\/#organization\"},\"potentialAction\":[{\"@type\":\"SearchAction\",\"target\":{\"@type\":\"EntryPoint\",\"urlTemplate\":\"https:\\\/\\\/www.cote-mas.fr\\\/?s={search_term_string}\"},\"query-input\":{\"@type\":\"PropertyValueSpecification\",\"valueRequired\":true,\"valueName\":\"search_term_string\"}}],\"inLanguage\":\"en-US\"},{\"@type\":\"Organization\",\"@id\":\"https:\\\/\\\/www.cote-mas.fr\\\/#organization\",\"name\":\"C\u00f4t\u00e9 Mas\",\"url\":\"https:\\\/\\\/www.cote-mas.fr\\\/\",\"logo\":{\"@type\":\"ImageObject\",\"inLanguage\":\"en-US\",\"@id\":\"https:\\\/\\\/www.cote-mas.fr\\\/#\\\/schema\\\/logo\\\/image\\\/\",\"url\":\"https:\\\/\\\/www.cote-mas.fr\\\/wp-content\\\/uploads\\\/2021\\\/07\\\/Logo-cote-mas-seul-copie-2.png\",\"contentUrl\":\"https:\\\/\\\/www.cote-mas.fr\\\/wp-content\\\/uploads\\\/2021\\\/07\\\/Logo-cote-mas-seul-copie-2.png\",\"width\":487,\"height\":114,\"caption\":\"C\u00f4t\u00e9 Mas\"},\"image\":{\"@id\":\"https:\\\/\\\/www.cote-mas.fr\\\/#\\\/schema\\\/logo\\\/image\\\/\"},\"sameAs\":[\"https:\\\/\\\/www.facebook.com\\\/Cote.Mas\",\"https:\\\/\\\/www.instagram.com\\\/cotemas\\\/\"]},{\"@type\":\"Person\",\"@id\":\"https:\\\/\\\/www.cote-mas.fr\\\/#\\\/schema\\\/person\\\/a28d00bbf357e9c0b83b06c9f45e3894\",\"name\":\"Amandine Nelson\",\"image\":{\"@type\":\"ImageObject\",\"inLanguage\":\"en-US\",\"@id\":\"https:\\\/\\\/secure.gravatar.com\\\/avatar\\\/a59444e62f2377ad3d242270a9354ca685acc8491de224a8986182c58a425529?s=96&d=mm&r=g\",\"url\":\"https:\\\/\\\/secure.gravatar.com\\\/avatar\\\/a59444e62f2377ad3d242270a9354ca685acc8491de224a8986182c58a425529?s=96&d=mm&r=g\",\"contentUrl\":\"https:\\\/\\\/secure.gravatar.com\\\/avatar\\\/a59444e62f2377ad3d242270a9354ca685acc8491de224a8986182c58a425529?s=96&d=mm&r=g\",\"caption\":\"Amandine Nelson\"},\"url\":\"https:\\\/\\\/www.cote-mas.fr\\\/en\\\/author\\\/anelson\\\/\"}]}<\/script>\n<!-- \/ Yoast SEO plugin. -->","yoast_head_json":{"title":"Tapas evening - season 2021 - Caveau C\u00f4t\u00e9 Mas Montagnac","description":"Tuesday evenings at the Caveau C\u00f4t\u00e9 Mas in Montagnac, Wine & Tapas atmosphere! Face to face, between friends, between work colleagues, a moment of relaxation and conviviality","robots":{"index":"index","follow":"follow","max-snippet":"max-snippet:-1","max-image-preview":"max-image-preview:large","max-video-preview":"max-video-preview:-1"},"canonical":"https:\/\/www.cote-mas.fr\/en\/tapas-evening-season-2021\/","og_locale":"en_US","og_type":"article","og_title":"Tapas evening - season 2021 - Caveau C\u00f4t\u00e9 Mas Montagnac","og_description":"Tuesday evenings at the Caveau C\u00f4t\u00e9 Mas in Montagnac, Wine & Tapas atmosphere! Face to face, between friends, between work colleagues, a moment of relaxation and conviviality","og_url":"https:\/\/www.cote-mas.fr\/en\/tapas-evening-season-2021\/","og_site_name":"C\u00f4t\u00e9 Mas","article_publisher":"https:\/\/www.facebook.com\/Cote.Mas","article_published_time":"2021-07-06T15:22:01+00:00","article_modified_time":"2021-07-29T08:05:39+00:00","og_image":[{"width":800,"height":400,"url":"https:\/\/www.cote-mas.fr\/wp-content\/uploads\/2021\/07\/Banniere-actualite-site-web-1.jpg","type":"image\/jpeg"}],"author":"Amandine Nelson","twitter_card":"summary_large_image","twitter_misc":{"Written by":"Amandine Nelson","Est. reading time":"1 minute"},"schema":{"@context":"https:\/\/schema.org","@graph":[{"@type":"Article","@id":"https:\/\/www.cote-mas.fr\/en\/tapas-evening-season-2021\/#article","isPartOf":{"@id":"https:\/\/www.cote-mas.fr\/en\/tapas-evening-season-2021\/"},"author":{"name":"Amandine Nelson","@id":"https:\/\/www.cote-mas.fr\/#\/schema\/person\/a28d00bbf357e9c0b83b06c9f45e3894"},"headline":"Tapas evening &#8211; season 2021","datePublished":"2021-07-06T15:22:01+00:00","dateModified":"2021-07-29T08:05:39+00:00","mainEntityOfPage":{"@id":"https:\/\/www.cote-mas.fr\/en\/tapas-evening-season-2021\/"},"wordCount":283,"publisher":{"@id":"https:\/\/www.cote-mas.fr\/#organization"},"image":{"@id":"https:\/\/www.cote-mas.fr\/en\/tapas-evening-season-2021\/#primaryimage"},"thumbnailUrl":"https:\/\/www.cote-mas.fr\/wp-content\/uploads\/2021\/07\/Banniere-actualite-site-web-1.jpg","articleSection":["Atelier vin","Bar \u00e0 Vin","caveau","Ev\u00e8nement"],"inLanguage":"en-US"},{"@type":"WebPage","@id":"https:\/\/www.cote-mas.fr\/en\/tapas-evening-season-2021\/","url":"https:\/\/www.cote-mas.fr\/en\/tapas-evening-season-2021\/","name":"Tapas evening - season 2021 - Caveau C\u00f4t\u00e9 Mas Montagnac","isPartOf":{"@id":"https:\/\/www.cote-mas.fr\/#website"},"primaryImageOfPage":{"@id":"https:\/\/www.cote-mas.fr\/en\/tapas-evening-season-2021\/#primaryimage"},"image":{"@id":"https:\/\/www.cote-mas.fr\/en\/tapas-evening-season-2021\/#primaryimage"},"thumbnailUrl":"https:\/\/www.cote-mas.fr\/wp-content\/uploads\/2021\/07\/Banniere-actualite-site-web-1.jpg","datePublished":"2021-07-06T15:22:01+00:00","dateModified":"2021-07-29T08:05:39+00:00","description":"Tuesday evenings at the Caveau C\u00f4t\u00e9 Mas in Montagnac, Wine & Tapas atmosphere! Face to face, between friends, between work colleagues, a moment of relaxation and conviviality","breadcrumb":{"@id":"https:\/\/www.cote-mas.fr\/en\/tapas-evening-season-2021\/#breadcrumb"},"inLanguage":"en-US","potentialAction":[{"@type":"ReadAction","target":["https:\/\/www.cote-mas.fr\/en\/tapas-evening-season-2021\/"]}]},{"@type":"ImageObject","inLanguage":"en-US","@id":"https:\/\/www.cote-mas.fr\/en\/tapas-evening-season-2021\/#primaryimage","url":"https:\/\/www.cote-mas.fr\/wp-content\/uploads\/2021\/07\/Banniere-actualite-site-web-1.jpg","contentUrl":"https:\/\/www.cote-mas.fr\/wp-content\/uploads\/2021\/07\/Banniere-actualite-site-web-1.jpg","width":800,"height":400,"caption":"Soir\u00e9e Tapas Caveau C\u00f4t\u00e9 Mas"},{"@type":"BreadcrumbList","@id":"https:\/\/www.cote-mas.fr\/en\/tapas-evening-season-2021\/#breadcrumb","itemListElement":[{"@type":"ListItem","position":1,"name":"Accueil","item":"https:\/\/www.cote-mas.fr\/en\/"},{"@type":"ListItem","position":2,"name":"Tapas evening &#8211; season 2021"}]},{"@type":"WebSite","@id":"https:\/\/www.cote-mas.fr\/#website","url":"https:\/\/www.cote-mas.fr\/","name":"C\u00f4t\u00e9 Mas","description":"Le restaurant des Domaines Paul Mas \u00e0 Montagnac en Languedoc","publisher":{"@id":"https:\/\/www.cote-mas.fr\/#organization"},"potentialAction":[{"@type":"SearchAction","target":{"@type":"EntryPoint","urlTemplate":"https:\/\/www.cote-mas.fr\/?s={search_term_string}"},"query-input":{"@type":"PropertyValueSpecification","valueRequired":true,"valueName":"search_term_string"}}],"inLanguage":"en-US"},{"@type":"Organization","@id":"https:\/\/www.cote-mas.fr\/#organization","name":"C\u00f4t\u00e9 Mas","url":"https:\/\/www.cote-mas.fr\/","logo":{"@type":"ImageObject","inLanguage":"en-US","@id":"https:\/\/www.cote-mas.fr\/#\/schema\/logo\/image\/","url":"https:\/\/www.cote-mas.fr\/wp-content\/uploads\/2021\/07\/Logo-cote-mas-seul-copie-2.png","contentUrl":"https:\/\/www.cote-mas.fr\/wp-content\/uploads\/2021\/07\/Logo-cote-mas-seul-copie-2.png","width":487,"height":114,"caption":"C\u00f4t\u00e9 Mas"},"image":{"@id":"https:\/\/www.cote-mas.fr\/#\/schema\/logo\/image\/"},"sameAs":["https:\/\/www.facebook.com\/Cote.Mas","https:\/\/www.instagram.com\/cotemas\/"]},{"@type":"Person","@id":"https:\/\/www.cote-mas.fr\/#\/schema\/person\/a28d00bbf357e9c0b83b06c9f45e3894","name":"Amandine Nelson","image":{"@type":"ImageObject","inLanguage":"en-US","@id":"https:\/\/secure.gravatar.com\/avatar\/a59444e62f2377ad3d242270a9354ca685acc8491de224a8986182c58a425529?s=96&d=mm&r=g","url":"https:\/\/secure.gravatar.com\/avatar\/a59444e62f2377ad3d242270a9354ca685acc8491de224a8986182c58a425529?s=96&d=mm&r=g","contentUrl":"https:\/\/secure.gravatar.com\/avatar\/a59444e62f2377ad3d242270a9354ca685acc8491de224a8986182c58a425529?s=96&d=mm&r=g","caption":"Amandine Nelson"},"url":"https:\/\/www.cote-mas.fr\/en\/author\/anelson\/"}]}},"_links":{"self":[{"href":"https:\/\/www.cote-mas.fr\/en\/wp-json\/wp\/v2\/posts\/6371","targetHints":{"allow":["GET"]}}],"collection":[{"href":"https:\/\/www.cote-mas.fr\/en\/wp-json\/wp\/v2\/posts"}],"about":[{"href":"https:\/\/www.cote-mas.fr\/en\/wp-json\/wp\/v2\/types\/post"}],"author":[{"embeddable":true,"href":"https:\/\/www.cote-mas.fr\/en\/wp-json\/wp\/v2\/users\/43"}],"replies":[{"embeddable":true,"href":"https:\/\/www.cote-mas.fr\/en\/wp-json\/wp\/v2\/comments?post=6371"}],"version-history":[{"count":10,"href":"https:\/\/www.cote-mas.fr\/en\/wp-json\/wp\/v2\/posts\/6371\/revisions"}],"predecessor-version":[{"id":6474,"href":"https:\/\/www.cote-mas.fr\/en\/wp-json\/wp\/v2\/posts\/6371\/revisions\/6474"}],"wp:featuredmedia":[{"embeddable":true,"href":"https:\/\/www.cote-mas.fr\/en\/wp-json\/wp\/v2\/media\/6377"}],"wp:attachment":[{"href":"https:\/\/www.cote-mas.fr\/en\/wp-json\/wp\/v2\/media?parent=6371"}],"wp:term":[{"taxonomy":"category","embeddable":true,"href":"https:\/\/www.cote-mas.fr\/en\/wp-json\/wp\/v2\/categories?post=6371"},{"taxonomy":"post_tag","embeddable":true,"href":"https:\/\/www.cote-mas.fr\/en\/wp-json\/wp\/v2\/tags?post=6371"}],"curies":[{"name":"wp","href":"https:\/\/api.w.org\/{rel}","templated":true}]}}