{"id":3231,"date":"2019-10-07T11:20:04","date_gmt":"2019-10-07T10:20:04","guid":{"rendered":"https:\/\/www.cote-mas.fr\/?p=3231"},"modified":"2019-10-07T11:23:10","modified_gmt":"2019-10-07T10:23:10","slug":"course-a-pied-solidaire-au-chateau-paul-mas-13-octobre","status":"publish","type":"post","link":"https:\/\/www.cote-mas.fr\/en\/course-a-pied-solidaire-au-chateau-paul-mas-13-octobre\/","title":{"rendered":"Course \u00e0 pied solidaire au ch\u00e2teau Paul Mas  &#8211; 13 octobre"},"content":{"rendered":"<p><img decoding=\"async\" class=\"size-medium wp-image-3232\" src=\"https:\/\/www.cote-mas.fr\/wp-content\/uploads\/2019\/10\/affiche-course-226x300.png\" alt=\"\" width=\"226\" height=\"300\" \/><\/p>\n<p>&nbsp;<\/p>\n<p>Course solidaire dans les vignes le 13 octobre . 7km en course et marche nordique. D\u00e9part et arriv\u00e9e au Ch\u00e2teau Paul Mas . Inscription d\u00e8s 10h &#8211; 7 euros au profit de l&#8217;association des gazelles de St Jo.\u00a0Sur place Visite des Chai et d\u00e9gustation des vins des Domaines Paul Mas.\u00a0Tombola organis\u00e9e par l&#8217;association .<\/p>\n<p>Venez nombreux les soutenir !<\/p>\n","protected":false},"excerpt":{"rendered":"<p>&nbsp; Course solidaire dans les vignes le 13 octobre . 7km en course et marche nordique. D\u00e9part et arriv\u00e9e au Ch\u00e2teau Paul Mas . Inscription d\u00e8s 10h &#8211; 7 euros au profit de l&#8217;association des gazelles de St Jo.\u00a0Sur place Visite des Chai et d\u00e9gustation des vins des Domaines Paul Mas.\u00a0Tombola organis\u00e9e par l&#8217;association . [&hellip;]<\/p>\n","protected":false},"author":4,"featured_media":3235,"comment_status":"open","ping_status":"open","sticky":false,"template":"","format":"standard","meta":{"_et_pb_use_builder":"","_et_pb_old_content":"","_et_gb_content_width":"","footnotes":""},"categories":[36],"tags":[],"class_list":["post-3231","post","type-post","status-publish","format-standard","has-post-thumbnail","hentry","category-evenement"],"yoast_head":"<!-- This site is optimized with the Yoast SEO plugin v27.4 - https:\/\/yoast.com\/product\/yoast-seo-wordpress\/ -->\n<title>Course \u00e0 pied solidaire au ch\u00e2teau Paul Mas - 13 octobre - C\u00f4t\u00e9 Mas<\/title>\n<meta name=\"robots\" content=\"index, follow, max-snippet:-1, max-image-preview:large, max-video-preview:-1\" \/>\n<link rel=\"canonical\" href=\"https:\/\/www.cote-mas.fr\/course-a-pied-solidaire-au-chateau-paul-mas-13-octobre\/\" \/>\n<meta property=\"og:locale\" content=\"en_US\" \/>\n<meta property=\"og:type\" content=\"article\" \/>\n<meta property=\"og:title\" content=\"Course \u00e0 pied solidaire au ch\u00e2teau Paul Mas - 13 octobre - C\u00f4t\u00e9 Mas\" \/>\n<meta property=\"og:description\" content=\"&nbsp; Course solidaire dans les vignes le 13 octobre . 7km en course et marche nordique. D\u00e9part et arriv\u00e9e au Ch\u00e2teau Paul Mas . Inscription d\u00e8s 10h &#8211; 7 euros au profit de l&#8217;association des gazelles de St Jo.\u00a0Sur place Visite des Chai et d\u00e9gustation des vins des Domaines Paul Mas.\u00a0Tombola organis\u00e9e par l&#8217;association . [&hellip;]\" \/>\n<meta property=\"og:url\" content=\"https:\/\/www.cote-mas.fr\/course-a-pied-solidaire-au-chateau-paul-mas-13-octobre\/\" \/>\n<meta property=\"og:site_name\" content=\"C\u00f4t\u00e9 Mas\" \/>\n<meta property=\"article:publisher\" content=\"https:\/\/www.facebook.com\/Cote.Mas\" \/>\n<meta property=\"article:published_time\" content=\"2019-10-07T10:20:04+00:00\" \/>\n<meta property=\"article:modified_time\" content=\"2019-10-07T10:23:10+00:00\" \/>\n<meta property=\"og:image\" content=\"https:\/\/www.cote-mas.fr\/wp-content\/uploads\/2019\/10\/Capture-d\u2019\u00e9cran-2019-10-07-\u00e0-12.20.35.png\" \/>\n\t<meta property=\"og:image:width\" content=\"486\" \/>\n\t<meta property=\"og:image:height\" content=\"325\" \/>\n\t<meta property=\"og:image:type\" content=\"image\/png\" \/>\n<meta name=\"author\" content=\"LauHaie\" \/>\n<meta name=\"twitter:card\" content=\"summary_large_image\" \/>\n<meta name=\"twitter:label1\" content=\"Written by\" \/>\n\t<meta name=\"twitter:data1\" content=\"LauHaie\" \/>\n<script type=\"application\/ld+json\" class=\"yoast-schema-graph\">{\"@context\":\"https:\\\/\\\/schema.org\",\"@graph\":[{\"@type\":\"Article\",\"@id\":\"https:\\\/\\\/www.cote-mas.fr\\\/course-a-pied-solidaire-au-chateau-paul-mas-13-octobre\\\/#article\",\"isPartOf\":{\"@id\":\"https:\\\/\\\/www.cote-mas.fr\\\/course-a-pied-solidaire-au-chateau-paul-mas-13-octobre\\\/\"},\"author\":{\"name\":\"LauHaie\",\"@id\":\"https:\\\/\\\/www.cote-mas.fr\\\/#\\\/schema\\\/person\\\/89c0ee0277bea4c8ece99e8db6dd1d55\"},\"headline\":\"Course \u00e0 pied solidaire au ch\u00e2teau Paul Mas &#8211; 13 octobre\",\"datePublished\":\"2019-10-07T10:20:04+00:00\",\"dateModified\":\"2019-10-07T10:23:10+00:00\",\"mainEntityOfPage\":{\"@id\":\"https:\\\/\\\/www.cote-mas.fr\\\/course-a-pied-solidaire-au-chateau-paul-mas-13-octobre\\\/\"},\"wordCount\":74,\"commentCount\":0,\"publisher\":{\"@id\":\"https:\\\/\\\/www.cote-mas.fr\\\/#organization\"},\"image\":{\"@id\":\"https:\\\/\\\/www.cote-mas.fr\\\/course-a-pied-solidaire-au-chateau-paul-mas-13-octobre\\\/#primaryimage\"},\"thumbnailUrl\":\"https:\\\/\\\/www.cote-mas.fr\\\/wp-content\\\/uploads\\\/2019\\\/10\\\/Capture-d\u2019\u00e9cran-2019-10-07-\u00e0-12.20.35.png\",\"articleSection\":[\"Ev\u00e8nement\"],\"inLanguage\":\"en-US\",\"potentialAction\":[{\"@type\":\"CommentAction\",\"name\":\"Comment\",\"target\":[\"https:\\\/\\\/www.cote-mas.fr\\\/course-a-pied-solidaire-au-chateau-paul-mas-13-octobre\\\/#respond\"]}]},{\"@type\":\"WebPage\",\"@id\":\"https:\\\/\\\/www.cote-mas.fr\\\/course-a-pied-solidaire-au-chateau-paul-mas-13-octobre\\\/\",\"url\":\"https:\\\/\\\/www.cote-mas.fr\\\/course-a-pied-solidaire-au-chateau-paul-mas-13-octobre\\\/\",\"name\":\"Course \u00e0 pied solidaire au ch\u00e2teau Paul Mas - 13 octobre - C\u00f4t\u00e9 Mas\",\"isPartOf\":{\"@id\":\"https:\\\/\\\/www.cote-mas.fr\\\/#website\"},\"primaryImageOfPage\":{\"@id\":\"https:\\\/\\\/www.cote-mas.fr\\\/course-a-pied-solidaire-au-chateau-paul-mas-13-octobre\\\/#primaryimage\"},\"image\":{\"@id\":\"https:\\\/\\\/www.cote-mas.fr\\\/course-a-pied-solidaire-au-chateau-paul-mas-13-octobre\\\/#primaryimage\"},\"thumbnailUrl\":\"https:\\\/\\\/www.cote-mas.fr\\\/wp-content\\\/uploads\\\/2019\\\/10\\\/Capture-d\u2019\u00e9cran-2019-10-07-\u00e0-12.20.35.png\",\"datePublished\":\"2019-10-07T10:20:04+00:00\",\"dateModified\":\"2019-10-07T10:23:10+00:00\",\"breadcrumb\":{\"@id\":\"https:\\\/\\\/www.cote-mas.fr\\\/course-a-pied-solidaire-au-chateau-paul-mas-13-octobre\\\/#breadcrumb\"},\"inLanguage\":\"en-US\",\"potentialAction\":[{\"@type\":\"ReadAction\",\"target\":[\"https:\\\/\\\/www.cote-mas.fr\\\/course-a-pied-solidaire-au-chateau-paul-mas-13-octobre\\\/\"]}]},{\"@type\":\"ImageObject\",\"inLanguage\":\"en-US\",\"@id\":\"https:\\\/\\\/www.cote-mas.fr\\\/course-a-pied-solidaire-au-chateau-paul-mas-13-octobre\\\/#primaryimage\",\"url\":\"https:\\\/\\\/www.cote-mas.fr\\\/wp-content\\\/uploads\\\/2019\\\/10\\\/Capture-d\u2019\u00e9cran-2019-10-07-\u00e0-12.20.35.png\",\"contentUrl\":\"https:\\\/\\\/www.cote-mas.fr\\\/wp-content\\\/uploads\\\/2019\\\/10\\\/Capture-d\u2019\u00e9cran-2019-10-07-\u00e0-12.20.35.png\",\"width\":486,\"height\":325},{\"@type\":\"BreadcrumbList\",\"@id\":\"https:\\\/\\\/www.cote-mas.fr\\\/course-a-pied-solidaire-au-chateau-paul-mas-13-octobre\\\/#breadcrumb\",\"itemListElement\":[{\"@type\":\"ListItem\",\"position\":1,\"name\":\"Accueil\",\"item\":\"https:\\\/\\\/www.cote-mas.fr\\\/en\\\/\"},{\"@type\":\"ListItem\",\"position\":2,\"name\":\"Course \u00e0 pied solidaire au ch\u00e2teau Paul Mas &#8211; 13 octobre\"}]},{\"@type\":\"WebSite\",\"@id\":\"https:\\\/\\\/www.cote-mas.fr\\\/#website\",\"url\":\"https:\\\/\\\/www.cote-mas.fr\\\/\",\"name\":\"C\u00f4t\u00e9 Mas\",\"description\":\"Le restaurant des Domaines Paul Mas \u00e0 Montagnac en Languedoc\",\"publisher\":{\"@id\":\"https:\\\/\\\/www.cote-mas.fr\\\/#organization\"},\"potentialAction\":[{\"@type\":\"SearchAction\",\"target\":{\"@type\":\"EntryPoint\",\"urlTemplate\":\"https:\\\/\\\/www.cote-mas.fr\\\/?s={search_term_string}\"},\"query-input\":{\"@type\":\"PropertyValueSpecification\",\"valueRequired\":true,\"valueName\":\"search_term_string\"}}],\"inLanguage\":\"en-US\"},{\"@type\":\"Organization\",\"@id\":\"https:\\\/\\\/www.cote-mas.fr\\\/#organization\",\"name\":\"C\u00f4t\u00e9 Mas\",\"url\":\"https:\\\/\\\/www.cote-mas.fr\\\/\",\"logo\":{\"@type\":\"ImageObject\",\"inLanguage\":\"en-US\",\"@id\":\"https:\\\/\\\/www.cote-mas.fr\\\/#\\\/schema\\\/logo\\\/image\\\/\",\"url\":\"https:\\\/\\\/www.cote-mas.fr\\\/wp-content\\\/uploads\\\/2021\\\/07\\\/Logo-cote-mas-seul-copie-2.png\",\"contentUrl\":\"https:\\\/\\\/www.cote-mas.fr\\\/wp-content\\\/uploads\\\/2021\\\/07\\\/Logo-cote-mas-seul-copie-2.png\",\"width\":487,\"height\":114,\"caption\":\"C\u00f4t\u00e9 Mas\"},\"image\":{\"@id\":\"https:\\\/\\\/www.cote-mas.fr\\\/#\\\/schema\\\/logo\\\/image\\\/\"},\"sameAs\":[\"https:\\\/\\\/www.facebook.com\\\/Cote.Mas\",\"https:\\\/\\\/www.instagram.com\\\/cotemas\\\/\"]},{\"@type\":\"Person\",\"@id\":\"https:\\\/\\\/www.cote-mas.fr\\\/#\\\/schema\\\/person\\\/89c0ee0277bea4c8ece99e8db6dd1d55\",\"name\":\"LauHaie\",\"image\":{\"@type\":\"ImageObject\",\"inLanguage\":\"en-US\",\"@id\":\"https:\\\/\\\/secure.gravatar.com\\\/avatar\\\/e9de6e7d2123adfdbe747785cb7c76b45ccd925166b956315966d0bf4a7aab41?s=96&d=mm&r=g\",\"url\":\"https:\\\/\\\/secure.gravatar.com\\\/avatar\\\/e9de6e7d2123adfdbe747785cb7c76b45ccd925166b956315966d0bf4a7aab41?s=96&d=mm&r=g\",\"contentUrl\":\"https:\\\/\\\/secure.gravatar.com\\\/avatar\\\/e9de6e7d2123adfdbe747785cb7c76b45ccd925166b956315966d0bf4a7aab41?s=96&d=mm&r=g\",\"caption\":\"LauHaie\"},\"url\":\"https:\\\/\\\/www.cote-mas.fr\\\/en\\\/author\\\/lauhaie\\\/\"}]}<\/script>\n<!-- \/ Yoast SEO plugin. -->","yoast_head_json":{"title":"Course \u00e0 pied solidaire au ch\u00e2teau Paul Mas - 13 octobre - C\u00f4t\u00e9 Mas","robots":{"index":"index","follow":"follow","max-snippet":"max-snippet:-1","max-image-preview":"max-image-preview:large","max-video-preview":"max-video-preview:-1"},"canonical":"https:\/\/www.cote-mas.fr\/course-a-pied-solidaire-au-chateau-paul-mas-13-octobre\/","og_locale":"en_US","og_type":"article","og_title":"Course \u00e0 pied solidaire au ch\u00e2teau Paul Mas - 13 octobre - C\u00f4t\u00e9 Mas","og_description":"&nbsp; Course solidaire dans les vignes le 13 octobre . 7km en course et marche nordique. D\u00e9part et arriv\u00e9e au Ch\u00e2teau Paul Mas . Inscription d\u00e8s 10h &#8211; 7 euros au profit de l&#8217;association des gazelles de St Jo.\u00a0Sur place Visite des Chai et d\u00e9gustation des vins des Domaines Paul Mas.\u00a0Tombola organis\u00e9e par l&#8217;association . [&hellip;]","og_url":"https:\/\/www.cote-mas.fr\/course-a-pied-solidaire-au-chateau-paul-mas-13-octobre\/","og_site_name":"C\u00f4t\u00e9 Mas","article_publisher":"https:\/\/www.facebook.com\/Cote.Mas","article_published_time":"2019-10-07T10:20:04+00:00","article_modified_time":"2019-10-07T10:23:10+00:00","og_image":[{"width":486,"height":325,"url":"https:\/\/www.cote-mas.fr\/wp-content\/uploads\/2019\/10\/Capture-d\u2019\u00e9cran-2019-10-07-\u00e0-12.20.35.png","type":"image\/png"}],"author":"LauHaie","twitter_card":"summary_large_image","twitter_misc":{"Written by":"LauHaie"},"schema":{"@context":"https:\/\/schema.org","@graph":[{"@type":"Article","@id":"https:\/\/www.cote-mas.fr\/course-a-pied-solidaire-au-chateau-paul-mas-13-octobre\/#article","isPartOf":{"@id":"https:\/\/www.cote-mas.fr\/course-a-pied-solidaire-au-chateau-paul-mas-13-octobre\/"},"author":{"name":"LauHaie","@id":"https:\/\/www.cote-mas.fr\/#\/schema\/person\/89c0ee0277bea4c8ece99e8db6dd1d55"},"headline":"Course \u00e0 pied solidaire au ch\u00e2teau Paul Mas &#8211; 13 octobre","datePublished":"2019-10-07T10:20:04+00:00","dateModified":"2019-10-07T10:23:10+00:00","mainEntityOfPage":{"@id":"https:\/\/www.cote-mas.fr\/course-a-pied-solidaire-au-chateau-paul-mas-13-octobre\/"},"wordCount":74,"commentCount":0,"publisher":{"@id":"https:\/\/www.cote-mas.fr\/#organization"},"image":{"@id":"https:\/\/www.cote-mas.fr\/course-a-pied-solidaire-au-chateau-paul-mas-13-octobre\/#primaryimage"},"thumbnailUrl":"https:\/\/www.cote-mas.fr\/wp-content\/uploads\/2019\/10\/Capture-d\u2019\u00e9cran-2019-10-07-\u00e0-12.20.35.png","articleSection":["Ev\u00e8nement"],"inLanguage":"en-US","potentialAction":[{"@type":"CommentAction","name":"Comment","target":["https:\/\/www.cote-mas.fr\/course-a-pied-solidaire-au-chateau-paul-mas-13-octobre\/#respond"]}]},{"@type":"WebPage","@id":"https:\/\/www.cote-mas.fr\/course-a-pied-solidaire-au-chateau-paul-mas-13-octobre\/","url":"https:\/\/www.cote-mas.fr\/course-a-pied-solidaire-au-chateau-paul-mas-13-octobre\/","name":"Course \u00e0 pied solidaire au ch\u00e2teau Paul Mas - 13 octobre - C\u00f4t\u00e9 Mas","isPartOf":{"@id":"https:\/\/www.cote-mas.fr\/#website"},"primaryImageOfPage":{"@id":"https:\/\/www.cote-mas.fr\/course-a-pied-solidaire-au-chateau-paul-mas-13-octobre\/#primaryimage"},"image":{"@id":"https:\/\/www.cote-mas.fr\/course-a-pied-solidaire-au-chateau-paul-mas-13-octobre\/#primaryimage"},"thumbnailUrl":"https:\/\/www.cote-mas.fr\/wp-content\/uploads\/2019\/10\/Capture-d\u2019\u00e9cran-2019-10-07-\u00e0-12.20.35.png","datePublished":"2019-10-07T10:20:04+00:00","dateModified":"2019-10-07T10:23:10+00:00","breadcrumb":{"@id":"https:\/\/www.cote-mas.fr\/course-a-pied-solidaire-au-chateau-paul-mas-13-octobre\/#breadcrumb"},"inLanguage":"en-US","potentialAction":[{"@type":"ReadAction","target":["https:\/\/www.cote-mas.fr\/course-a-pied-solidaire-au-chateau-paul-mas-13-octobre\/"]}]},{"@type":"ImageObject","inLanguage":"en-US","@id":"https:\/\/www.cote-mas.fr\/course-a-pied-solidaire-au-chateau-paul-mas-13-octobre\/#primaryimage","url":"https:\/\/www.cote-mas.fr\/wp-content\/uploads\/2019\/10\/Capture-d\u2019\u00e9cran-2019-10-07-\u00e0-12.20.35.png","contentUrl":"https:\/\/www.cote-mas.fr\/wp-content\/uploads\/2019\/10\/Capture-d\u2019\u00e9cran-2019-10-07-\u00e0-12.20.35.png","width":486,"height":325},{"@type":"BreadcrumbList","@id":"https:\/\/www.cote-mas.fr\/course-a-pied-solidaire-au-chateau-paul-mas-13-octobre\/#breadcrumb","itemListElement":[{"@type":"ListItem","position":1,"name":"Accueil","item":"https:\/\/www.cote-mas.fr\/en\/"},{"@type":"ListItem","position":2,"name":"Course \u00e0 pied solidaire au ch\u00e2teau Paul Mas &#8211; 13 octobre"}]},{"@type":"WebSite","@id":"https:\/\/www.cote-mas.fr\/#website","url":"https:\/\/www.cote-mas.fr\/","name":"C\u00f4t\u00e9 Mas","description":"Le restaurant des Domaines Paul Mas \u00e0 Montagnac en Languedoc","publisher":{"@id":"https:\/\/www.cote-mas.fr\/#organization"},"potentialAction":[{"@type":"SearchAction","target":{"@type":"EntryPoint","urlTemplate":"https:\/\/www.cote-mas.fr\/?s={search_term_string}"},"query-input":{"@type":"PropertyValueSpecification","valueRequired":true,"valueName":"search_term_string"}}],"inLanguage":"en-US"},{"@type":"Organization","@id":"https:\/\/www.cote-mas.fr\/#organization","name":"C\u00f4t\u00e9 Mas","url":"https:\/\/www.cote-mas.fr\/","logo":{"@type":"ImageObject","inLanguage":"en-US","@id":"https:\/\/www.cote-mas.fr\/#\/schema\/logo\/image\/","url":"https:\/\/www.cote-mas.fr\/wp-content\/uploads\/2021\/07\/Logo-cote-mas-seul-copie-2.png","contentUrl":"https:\/\/www.cote-mas.fr\/wp-content\/uploads\/2021\/07\/Logo-cote-mas-seul-copie-2.png","width":487,"height":114,"caption":"C\u00f4t\u00e9 Mas"},"image":{"@id":"https:\/\/www.cote-mas.fr\/#\/schema\/logo\/image\/"},"sameAs":["https:\/\/www.facebook.com\/Cote.Mas","https:\/\/www.instagram.com\/cotemas\/"]},{"@type":"Person","@id":"https:\/\/www.cote-mas.fr\/#\/schema\/person\/89c0ee0277bea4c8ece99e8db6dd1d55","name":"LauHaie","image":{"@type":"ImageObject","inLanguage":"en-US","@id":"https:\/\/secure.gravatar.com\/avatar\/e9de6e7d2123adfdbe747785cb7c76b45ccd925166b956315966d0bf4a7aab41?s=96&d=mm&r=g","url":"https:\/\/secure.gravatar.com\/avatar\/e9de6e7d2123adfdbe747785cb7c76b45ccd925166b956315966d0bf4a7aab41?s=96&d=mm&r=g","contentUrl":"https:\/\/secure.gravatar.com\/avatar\/e9de6e7d2123adfdbe747785cb7c76b45ccd925166b956315966d0bf4a7aab41?s=96&d=mm&r=g","caption":"LauHaie"},"url":"https:\/\/www.cote-mas.fr\/en\/author\/lauhaie\/"}]}},"_links":{"self":[{"href":"https:\/\/www.cote-mas.fr\/en\/wp-json\/wp\/v2\/posts\/3231","targetHints":{"allow":["GET"]}}],"collection":[{"href":"https:\/\/www.cote-mas.fr\/en\/wp-json\/wp\/v2\/posts"}],"about":[{"href":"https:\/\/www.cote-mas.fr\/en\/wp-json\/wp\/v2\/types\/post"}],"author":[{"embeddable":true,"href":"https:\/\/www.cote-mas.fr\/en\/wp-json\/wp\/v2\/users\/4"}],"replies":[{"embeddable":true,"href":"https:\/\/www.cote-mas.fr\/en\/wp-json\/wp\/v2\/comments?post=3231"}],"version-history":[{"count":4,"href":"https:\/\/www.cote-mas.fr\/en\/wp-json\/wp\/v2\/posts\/3231\/revisions"}],"predecessor-version":[{"id":3239,"href":"https:\/\/www.cote-mas.fr\/en\/wp-json\/wp\/v2\/posts\/3231\/revisions\/3239"}],"wp:featuredmedia":[{"embeddable":true,"href":"https:\/\/www.cote-mas.fr\/en\/wp-json\/wp\/v2\/media\/3235"}],"wp:attachment":[{"href":"https:\/\/www.cote-mas.fr\/en\/wp-json\/wp\/v2\/media?parent=3231"}],"wp:term":[{"taxonomy":"category","embeddable":true,"href":"https:\/\/www.cote-mas.fr\/en\/wp-json\/wp\/v2\/categories?post=3231"},{"taxonomy":"post_tag","embeddable":true,"href":"https:\/\/www.cote-mas.fr\/en\/wp-json\/wp\/v2\/tags?post=3231"}],"curies":[{"name":"wp","href":"https:\/\/api.w.org\/{rel}","templated":true}]}}