{"id":3195,"date":"2019-09-09T11:39:31","date_gmt":"2019-09-09T10:39:31","guid":{"rendered":"https:\/\/www.cote-mas.fr\/?p=3195"},"modified":"2019-09-09T11:39:31","modified_gmt":"2019-09-09T10:39:31","slug":"soiree-speciale-vendanges-19-septembre","status":"publish","type":"post","link":"https:\/\/www.cote-mas.fr\/en\/soiree-speciale-vendanges-19-septembre\/","title":{"rendered":"Soir\u00e9e sp\u00e9ciale vendanges 19 Septembre"},"content":{"rendered":"<div class=\"\" data-block=\"true\" data-editor=\"cbu8b\" data-offset-key=\"eha5n-0-0\">\n<div class=\"_1mf _1mj\" style=\"text-align: center;\" data-offset-key=\"eha5n-0-0\"><span data-offset-key=\"eha5n-0-0\">On f\u00eate la fin de saison et les vendanges avec un format sp\u00e9cial le 19 septembre ! A la fa\u00e7on des vendangeurs retrouvez nous autour d&#8217;un plat unique et savoureux dans une ambiance conviviale .<\/span><\/div>\n<\/div>\n<div class=\"\" style=\"text-align: center;\" data-block=\"true\" data-editor=\"cbu8b\" data-offset-key=\"a0ug4-0-0\">\n<div class=\"_1mf _1mj\" data-offset-key=\"a0ug4-0-0\"><span data-offset-key=\"a0ug4-0-0\">Le groupe <\/span><span class=\"_247o\" spellcheck=\"false\" data-offset-key=\"a0ug4-1-0\"><span data-offset-key=\"a0ug4-1-0\">Zazous Z\u00e9l\u00e9s<\/span><\/span><span data-offset-key=\"a0ug4-2-0\"> viendra ajouter son \u00e9nergie folle \u00e0 la soir\u00e9e . Places limit\u00e9es pensez \u00e0 r\u00e9server Contactez nous pour en savoir plus .<\/span><\/div>\n<\/div>\n<div class=\"\" data-block=\"true\" data-editor=\"cbu8b\" data-offset-key=\"387d5-0-0\">\n<div class=\"_1mf _1mj\" style=\"text-align: center;\" data-offset-key=\"387d5-0-0\"><span data-offset-key=\"387d5-0-0\">04 67 24 36 10. \/ info@cote-mas.fr<\/span><\/div>\n<div data-offset-key=\"387d5-0-0\"><\/div>\n<\/div>\n","protected":false},"excerpt":{"rendered":"<p>On f\u00eate la fin de saison et les vendanges avec un format sp\u00e9cial le 19 septembre ! A la fa\u00e7on des vendangeurs retrouvez nous autour d&#8217;un plat unique et savoureux dans une ambiance conviviale . Le groupe Zazous Z\u00e9l\u00e9s viendra ajouter son \u00e9nergie folle \u00e0 la soir\u00e9e . Places limit\u00e9es pensez \u00e0 r\u00e9server Contactez nous [&hellip;]<\/p>\n","protected":false},"author":4,"featured_media":3196,"comment_status":"open","ping_status":"open","sticky":false,"template":"","format":"standard","meta":{"_et_pb_use_builder":"","_et_pb_old_content":"","_et_gb_content_width":"","footnotes":""},"categories":[32,36],"tags":[],"class_list":["post-3195","post","type-post","status-publish","format-standard","has-post-thumbnail","hentry","category-caveau","category-evenement"],"yoast_head":"<!-- This site is optimized with the Yoast SEO plugin v27.4 - https:\/\/yoast.com\/product\/yoast-seo-wordpress\/ -->\n<title>Soir\u00e9e sp\u00e9ciale vendanges 19 Septembre - C\u00f4t\u00e9 Mas<\/title>\n<meta name=\"robots\" content=\"index, follow, max-snippet:-1, max-image-preview:large, max-video-preview:-1\" \/>\n<link rel=\"canonical\" href=\"https:\/\/www.cote-mas.fr\/soiree-speciale-vendanges-19-septembre\/\" \/>\n<meta property=\"og:locale\" content=\"en_US\" \/>\n<meta property=\"og:type\" content=\"article\" \/>\n<meta property=\"og:title\" content=\"Soir\u00e9e sp\u00e9ciale vendanges 19 Septembre - C\u00f4t\u00e9 Mas\" \/>\n<meta property=\"og:description\" content=\"On f\u00eate la fin de saison et les vendanges avec un format sp\u00e9cial le 19 septembre ! A la fa\u00e7on des vendangeurs retrouvez nous autour d&#8217;un plat unique et savoureux dans une ambiance conviviale . Le groupe Zazous Z\u00e9l\u00e9s viendra ajouter son \u00e9nergie folle \u00e0 la soir\u00e9e . Places limit\u00e9es pensez \u00e0 r\u00e9server Contactez nous [&hellip;]\" \/>\n<meta property=\"og:url\" content=\"https:\/\/www.cote-mas.fr\/soiree-speciale-vendanges-19-septembre\/\" \/>\n<meta property=\"og:site_name\" content=\"C\u00f4t\u00e9 Mas\" \/>\n<meta property=\"article:publisher\" content=\"https:\/\/www.facebook.com\/Cote.Mas\" \/>\n<meta property=\"article:published_time\" content=\"2019-09-09T10:39:31+00:00\" \/>\n<meta property=\"og:image\" content=\"https:\/\/www.cote-mas.fr\/wp-content\/uploads\/2019\/09\/19-sept4-1024x1024.jpg\" \/>\n\t<meta property=\"og:image:width\" content=\"1024\" \/>\n\t<meta property=\"og:image:height\" content=\"1024\" \/>\n\t<meta property=\"og:image:type\" content=\"image\/jpeg\" \/>\n<meta name=\"author\" content=\"LauHaie\" \/>\n<meta name=\"twitter:card\" content=\"summary_large_image\" \/>\n<meta name=\"twitter:label1\" content=\"Written by\" \/>\n\t<meta name=\"twitter:data1\" content=\"LauHaie\" \/>\n<script type=\"application\/ld+json\" class=\"yoast-schema-graph\">{\"@context\":\"https:\\\/\\\/schema.org\",\"@graph\":[{\"@type\":\"Article\",\"@id\":\"https:\\\/\\\/www.cote-mas.fr\\\/soiree-speciale-vendanges-19-septembre\\\/#article\",\"isPartOf\":{\"@id\":\"https:\\\/\\\/www.cote-mas.fr\\\/soiree-speciale-vendanges-19-septembre\\\/\"},\"author\":{\"name\":\"LauHaie\",\"@id\":\"https:\\\/\\\/www.cote-mas.fr\\\/#\\\/schema\\\/person\\\/89c0ee0277bea4c8ece99e8db6dd1d55\"},\"headline\":\"Soir\u00e9e sp\u00e9ciale vendanges 19 Septembre\",\"datePublished\":\"2019-09-09T10:39:31+00:00\",\"mainEntityOfPage\":{\"@id\":\"https:\\\/\\\/www.cote-mas.fr\\\/soiree-speciale-vendanges-19-septembre\\\/\"},\"wordCount\":71,\"commentCount\":0,\"publisher\":{\"@id\":\"https:\\\/\\\/www.cote-mas.fr\\\/#organization\"},\"image\":{\"@id\":\"https:\\\/\\\/www.cote-mas.fr\\\/soiree-speciale-vendanges-19-septembre\\\/#primaryimage\"},\"thumbnailUrl\":\"https:\\\/\\\/www.cote-mas.fr\\\/wp-content\\\/uploads\\\/2019\\\/09\\\/19-sept4.jpg\",\"articleSection\":[\"caveau\",\"Ev\u00e8nement\"],\"inLanguage\":\"en-US\",\"potentialAction\":[{\"@type\":\"CommentAction\",\"name\":\"Comment\",\"target\":[\"https:\\\/\\\/www.cote-mas.fr\\\/soiree-speciale-vendanges-19-septembre\\\/#respond\"]}]},{\"@type\":\"WebPage\",\"@id\":\"https:\\\/\\\/www.cote-mas.fr\\\/soiree-speciale-vendanges-19-septembre\\\/\",\"url\":\"https:\\\/\\\/www.cote-mas.fr\\\/soiree-speciale-vendanges-19-septembre\\\/\",\"name\":\"Soir\u00e9e sp\u00e9ciale vendanges 19 Septembre - C\u00f4t\u00e9 Mas\",\"isPartOf\":{\"@id\":\"https:\\\/\\\/www.cote-mas.fr\\\/#website\"},\"primaryImageOfPage\":{\"@id\":\"https:\\\/\\\/www.cote-mas.fr\\\/soiree-speciale-vendanges-19-septembre\\\/#primaryimage\"},\"image\":{\"@id\":\"https:\\\/\\\/www.cote-mas.fr\\\/soiree-speciale-vendanges-19-septembre\\\/#primaryimage\"},\"thumbnailUrl\":\"https:\\\/\\\/www.cote-mas.fr\\\/wp-content\\\/uploads\\\/2019\\\/09\\\/19-sept4.jpg\",\"datePublished\":\"2019-09-09T10:39:31+00:00\",\"breadcrumb\":{\"@id\":\"https:\\\/\\\/www.cote-mas.fr\\\/soiree-speciale-vendanges-19-septembre\\\/#breadcrumb\"},\"inLanguage\":\"en-US\",\"potentialAction\":[{\"@type\":\"ReadAction\",\"target\":[\"https:\\\/\\\/www.cote-mas.fr\\\/soiree-speciale-vendanges-19-septembre\\\/\"]}]},{\"@type\":\"ImageObject\",\"inLanguage\":\"en-US\",\"@id\":\"https:\\\/\\\/www.cote-mas.fr\\\/soiree-speciale-vendanges-19-septembre\\\/#primaryimage\",\"url\":\"https:\\\/\\\/www.cote-mas.fr\\\/wp-content\\\/uploads\\\/2019\\\/09\\\/19-sept4.jpg\",\"contentUrl\":\"https:\\\/\\\/www.cote-mas.fr\\\/wp-content\\\/uploads\\\/2019\\\/09\\\/19-sept4.jpg\",\"width\":1500,\"height\":1500},{\"@type\":\"BreadcrumbList\",\"@id\":\"https:\\\/\\\/www.cote-mas.fr\\\/soiree-speciale-vendanges-19-septembre\\\/#breadcrumb\",\"itemListElement\":[{\"@type\":\"ListItem\",\"position\":1,\"name\":\"Accueil\",\"item\":\"https:\\\/\\\/www.cote-mas.fr\\\/en\\\/\"},{\"@type\":\"ListItem\",\"position\":2,\"name\":\"Soir\u00e9e sp\u00e9ciale vendanges 19 Septembre\"}]},{\"@type\":\"WebSite\",\"@id\":\"https:\\\/\\\/www.cote-mas.fr\\\/#website\",\"url\":\"https:\\\/\\\/www.cote-mas.fr\\\/\",\"name\":\"C\u00f4t\u00e9 Mas\",\"description\":\"Le restaurant des Domaines Paul Mas \u00e0 Montagnac en Languedoc\",\"publisher\":{\"@id\":\"https:\\\/\\\/www.cote-mas.fr\\\/#organization\"},\"potentialAction\":[{\"@type\":\"SearchAction\",\"target\":{\"@type\":\"EntryPoint\",\"urlTemplate\":\"https:\\\/\\\/www.cote-mas.fr\\\/?s={search_term_string}\"},\"query-input\":{\"@type\":\"PropertyValueSpecification\",\"valueRequired\":true,\"valueName\":\"search_term_string\"}}],\"inLanguage\":\"en-US\"},{\"@type\":\"Organization\",\"@id\":\"https:\\\/\\\/www.cote-mas.fr\\\/#organization\",\"name\":\"C\u00f4t\u00e9 Mas\",\"url\":\"https:\\\/\\\/www.cote-mas.fr\\\/\",\"logo\":{\"@type\":\"ImageObject\",\"inLanguage\":\"en-US\",\"@id\":\"https:\\\/\\\/www.cote-mas.fr\\\/#\\\/schema\\\/logo\\\/image\\\/\",\"url\":\"https:\\\/\\\/www.cote-mas.fr\\\/wp-content\\\/uploads\\\/2021\\\/07\\\/Logo-cote-mas-seul-copie-2.png\",\"contentUrl\":\"https:\\\/\\\/www.cote-mas.fr\\\/wp-content\\\/uploads\\\/2021\\\/07\\\/Logo-cote-mas-seul-copie-2.png\",\"width\":487,\"height\":114,\"caption\":\"C\u00f4t\u00e9 Mas\"},\"image\":{\"@id\":\"https:\\\/\\\/www.cote-mas.fr\\\/#\\\/schema\\\/logo\\\/image\\\/\"},\"sameAs\":[\"https:\\\/\\\/www.facebook.com\\\/Cote.Mas\",\"https:\\\/\\\/www.instagram.com\\\/cotemas\\\/\"]},{\"@type\":\"Person\",\"@id\":\"https:\\\/\\\/www.cote-mas.fr\\\/#\\\/schema\\\/person\\\/89c0ee0277bea4c8ece99e8db6dd1d55\",\"name\":\"LauHaie\",\"image\":{\"@type\":\"ImageObject\",\"inLanguage\":\"en-US\",\"@id\":\"https:\\\/\\\/secure.gravatar.com\\\/avatar\\\/e9de6e7d2123adfdbe747785cb7c76b45ccd925166b956315966d0bf4a7aab41?s=96&d=mm&r=g\",\"url\":\"https:\\\/\\\/secure.gravatar.com\\\/avatar\\\/e9de6e7d2123adfdbe747785cb7c76b45ccd925166b956315966d0bf4a7aab41?s=96&d=mm&r=g\",\"contentUrl\":\"https:\\\/\\\/secure.gravatar.com\\\/avatar\\\/e9de6e7d2123adfdbe747785cb7c76b45ccd925166b956315966d0bf4a7aab41?s=96&d=mm&r=g\",\"caption\":\"LauHaie\"},\"url\":\"https:\\\/\\\/www.cote-mas.fr\\\/en\\\/author\\\/lauhaie\\\/\"}]}<\/script>\n<!-- \/ Yoast SEO plugin. -->","yoast_head_json":{"title":"Soir\u00e9e sp\u00e9ciale vendanges 19 Septembre - C\u00f4t\u00e9 Mas","robots":{"index":"index","follow":"follow","max-snippet":"max-snippet:-1","max-image-preview":"max-image-preview:large","max-video-preview":"max-video-preview:-1"},"canonical":"https:\/\/www.cote-mas.fr\/soiree-speciale-vendanges-19-septembre\/","og_locale":"en_US","og_type":"article","og_title":"Soir\u00e9e sp\u00e9ciale vendanges 19 Septembre - C\u00f4t\u00e9 Mas","og_description":"On f\u00eate la fin de saison et les vendanges avec un format sp\u00e9cial le 19 septembre ! A la fa\u00e7on des vendangeurs retrouvez nous autour d&#8217;un plat unique et savoureux dans une ambiance conviviale . Le groupe Zazous Z\u00e9l\u00e9s viendra ajouter son \u00e9nergie folle \u00e0 la soir\u00e9e . Places limit\u00e9es pensez \u00e0 r\u00e9server Contactez nous [&hellip;]","og_url":"https:\/\/www.cote-mas.fr\/soiree-speciale-vendanges-19-septembre\/","og_site_name":"C\u00f4t\u00e9 Mas","article_publisher":"https:\/\/www.facebook.com\/Cote.Mas","article_published_time":"2019-09-09T10:39:31+00:00","og_image":[{"width":1024,"height":1024,"url":"https:\/\/www.cote-mas.fr\/wp-content\/uploads\/2019\/09\/19-sept4-1024x1024.jpg","type":"image\/jpeg"}],"author":"LauHaie","twitter_card":"summary_large_image","twitter_misc":{"Written by":"LauHaie"},"schema":{"@context":"https:\/\/schema.org","@graph":[{"@type":"Article","@id":"https:\/\/www.cote-mas.fr\/soiree-speciale-vendanges-19-septembre\/#article","isPartOf":{"@id":"https:\/\/www.cote-mas.fr\/soiree-speciale-vendanges-19-septembre\/"},"author":{"name":"LauHaie","@id":"https:\/\/www.cote-mas.fr\/#\/schema\/person\/89c0ee0277bea4c8ece99e8db6dd1d55"},"headline":"Soir\u00e9e sp\u00e9ciale vendanges 19 Septembre","datePublished":"2019-09-09T10:39:31+00:00","mainEntityOfPage":{"@id":"https:\/\/www.cote-mas.fr\/soiree-speciale-vendanges-19-septembre\/"},"wordCount":71,"commentCount":0,"publisher":{"@id":"https:\/\/www.cote-mas.fr\/#organization"},"image":{"@id":"https:\/\/www.cote-mas.fr\/soiree-speciale-vendanges-19-septembre\/#primaryimage"},"thumbnailUrl":"https:\/\/www.cote-mas.fr\/wp-content\/uploads\/2019\/09\/19-sept4.jpg","articleSection":["caveau","Ev\u00e8nement"],"inLanguage":"en-US","potentialAction":[{"@type":"CommentAction","name":"Comment","target":["https:\/\/www.cote-mas.fr\/soiree-speciale-vendanges-19-septembre\/#respond"]}]},{"@type":"WebPage","@id":"https:\/\/www.cote-mas.fr\/soiree-speciale-vendanges-19-septembre\/","url":"https:\/\/www.cote-mas.fr\/soiree-speciale-vendanges-19-septembre\/","name":"Soir\u00e9e sp\u00e9ciale vendanges 19 Septembre - C\u00f4t\u00e9 Mas","isPartOf":{"@id":"https:\/\/www.cote-mas.fr\/#website"},"primaryImageOfPage":{"@id":"https:\/\/www.cote-mas.fr\/soiree-speciale-vendanges-19-septembre\/#primaryimage"},"image":{"@id":"https:\/\/www.cote-mas.fr\/soiree-speciale-vendanges-19-septembre\/#primaryimage"},"thumbnailUrl":"https:\/\/www.cote-mas.fr\/wp-content\/uploads\/2019\/09\/19-sept4.jpg","datePublished":"2019-09-09T10:39:31+00:00","breadcrumb":{"@id":"https:\/\/www.cote-mas.fr\/soiree-speciale-vendanges-19-septembre\/#breadcrumb"},"inLanguage":"en-US","potentialAction":[{"@type":"ReadAction","target":["https:\/\/www.cote-mas.fr\/soiree-speciale-vendanges-19-septembre\/"]}]},{"@type":"ImageObject","inLanguage":"en-US","@id":"https:\/\/www.cote-mas.fr\/soiree-speciale-vendanges-19-septembre\/#primaryimage","url":"https:\/\/www.cote-mas.fr\/wp-content\/uploads\/2019\/09\/19-sept4.jpg","contentUrl":"https:\/\/www.cote-mas.fr\/wp-content\/uploads\/2019\/09\/19-sept4.jpg","width":1500,"height":1500},{"@type":"BreadcrumbList","@id":"https:\/\/www.cote-mas.fr\/soiree-speciale-vendanges-19-septembre\/#breadcrumb","itemListElement":[{"@type":"ListItem","position":1,"name":"Accueil","item":"https:\/\/www.cote-mas.fr\/en\/"},{"@type":"ListItem","position":2,"name":"Soir\u00e9e sp\u00e9ciale vendanges 19 Septembre"}]},{"@type":"WebSite","@id":"https:\/\/www.cote-mas.fr\/#website","url":"https:\/\/www.cote-mas.fr\/","name":"C\u00f4t\u00e9 Mas","description":"Le restaurant des Domaines Paul Mas \u00e0 Montagnac en Languedoc","publisher":{"@id":"https:\/\/www.cote-mas.fr\/#organization"},"potentialAction":[{"@type":"SearchAction","target":{"@type":"EntryPoint","urlTemplate":"https:\/\/www.cote-mas.fr\/?s={search_term_string}"},"query-input":{"@type":"PropertyValueSpecification","valueRequired":true,"valueName":"search_term_string"}}],"inLanguage":"en-US"},{"@type":"Organization","@id":"https:\/\/www.cote-mas.fr\/#organization","name":"C\u00f4t\u00e9 Mas","url":"https:\/\/www.cote-mas.fr\/","logo":{"@type":"ImageObject","inLanguage":"en-US","@id":"https:\/\/www.cote-mas.fr\/#\/schema\/logo\/image\/","url":"https:\/\/www.cote-mas.fr\/wp-content\/uploads\/2021\/07\/Logo-cote-mas-seul-copie-2.png","contentUrl":"https:\/\/www.cote-mas.fr\/wp-content\/uploads\/2021\/07\/Logo-cote-mas-seul-copie-2.png","width":487,"height":114,"caption":"C\u00f4t\u00e9 Mas"},"image":{"@id":"https:\/\/www.cote-mas.fr\/#\/schema\/logo\/image\/"},"sameAs":["https:\/\/www.facebook.com\/Cote.Mas","https:\/\/www.instagram.com\/cotemas\/"]},{"@type":"Person","@id":"https:\/\/www.cote-mas.fr\/#\/schema\/person\/89c0ee0277bea4c8ece99e8db6dd1d55","name":"LauHaie","image":{"@type":"ImageObject","inLanguage":"en-US","@id":"https:\/\/secure.gravatar.com\/avatar\/e9de6e7d2123adfdbe747785cb7c76b45ccd925166b956315966d0bf4a7aab41?s=96&d=mm&r=g","url":"https:\/\/secure.gravatar.com\/avatar\/e9de6e7d2123adfdbe747785cb7c76b45ccd925166b956315966d0bf4a7aab41?s=96&d=mm&r=g","contentUrl":"https:\/\/secure.gravatar.com\/avatar\/e9de6e7d2123adfdbe747785cb7c76b45ccd925166b956315966d0bf4a7aab41?s=96&d=mm&r=g","caption":"LauHaie"},"url":"https:\/\/www.cote-mas.fr\/en\/author\/lauhaie\/"}]}},"_links":{"self":[{"href":"https:\/\/www.cote-mas.fr\/en\/wp-json\/wp\/v2\/posts\/3195","targetHints":{"allow":["GET"]}}],"collection":[{"href":"https:\/\/www.cote-mas.fr\/en\/wp-json\/wp\/v2\/posts"}],"about":[{"href":"https:\/\/www.cote-mas.fr\/en\/wp-json\/wp\/v2\/types\/post"}],"author":[{"embeddable":true,"href":"https:\/\/www.cote-mas.fr\/en\/wp-json\/wp\/v2\/users\/4"}],"replies":[{"embeddable":true,"href":"https:\/\/www.cote-mas.fr\/en\/wp-json\/wp\/v2\/comments?post=3195"}],"version-history":[{"count":1,"href":"https:\/\/www.cote-mas.fr\/en\/wp-json\/wp\/v2\/posts\/3195\/revisions"}],"predecessor-version":[{"id":3198,"href":"https:\/\/www.cote-mas.fr\/en\/wp-json\/wp\/v2\/posts\/3195\/revisions\/3198"}],"wp:featuredmedia":[{"embeddable":true,"href":"https:\/\/www.cote-mas.fr\/en\/wp-json\/wp\/v2\/media\/3196"}],"wp:attachment":[{"href":"https:\/\/www.cote-mas.fr\/en\/wp-json\/wp\/v2\/media?parent=3195"}],"wp:term":[{"taxonomy":"category","embeddable":true,"href":"https:\/\/www.cote-mas.fr\/en\/wp-json\/wp\/v2\/categories?post=3195"},{"taxonomy":"post_tag","embeddable":true,"href":"https:\/\/www.cote-mas.fr\/en\/wp-json\/wp\/v2\/tags?post=3195"}],"curies":[{"name":"wp","href":"https:\/\/api.w.org\/{rel}","templated":true}]}}