{"id":3176,"date":"2019-08-13T16:14:58","date_gmt":"2019-08-13T15:14:58","guid":{"rendered":"https:\/\/www.cote-mas.fr\/?p=3176"},"modified":"2019-08-23T08:42:17","modified_gmt":"2019-08-23T07:42:17","slug":"3176","status":"publish","type":"post","link":"https:\/\/www.cote-mas.fr\/en\/3176\/","title":{"rendered":"Le bar \u00e0 vin C\u00f4t\u00e9 Mas"},"content":{"rendered":"<p>Le Bar \u00e0 vin C\u00f4t\u00e9 Mas<\/p>\n<p>C\u00f4t\u00e9 Mas vous invite \u00e0 d\u00e9couvrir une autre ambiance, d\u00e8s le d\u00e9but de semaine, dans son espace Bar \u00e0 Vin \u00e0 l&#8217;\u00e9tage, du mardi au vendredi les midis . La cuisine du restaurant vous propose de savoureuses planches \u00e9labor\u00e9es avec les produits du terroir h\u00e9raultais et de notre potager . La formule id\u00e9ale pour ceux qui souhaitent profiter du cadre de C\u00f4t\u00e9 Mas le temps d\u2019une pause .<\/p>\n<p><span class=\"text_exposed_show\"><br \/>\nLa r\u00e9servation est conseill\u00e9e, merci de nous contacter par t\u00e9l\u00e9phone au 04 67 24 36 10 ou en ligne sur <a href=\"https:\/\/l.facebook.com\/l.php?u=https%3A%2F%2Fwww.cote-mas.fr%2F%3Ffbclid%3DIwAR2SmGqjIP3Rx9Gl_tAZ3ROYw0FMStuCPWTU5A0jnr3rgZZCJZZSCBwjUEU&amp;h=AT26bYmA03kozK-5LrF2UN-uiZZl_FEw7wONZ8qx66DCavFkAW7MjyYKTy-fN0DcsQyuAq8HDchP8at_ZF4KQR_d8nHY22boE3iobZb6kQcfNqCE-zR5biI1m1AzIBGFb3lHPghD53h6tSgiYB7g6wDm9GViVbpcL9dkFvETJpQsa1QvyWyjlYA90MY68XBveOFGxY_mdFlamWmEa7kxW2xFdB8U4LWYlbrkCrzth7Svc8kIEK7m3lMbZgPOF9djtTl-Roc3OQCUl3kpiTtWJzLDirbKU8TR5lq45reS6nSswTmqNkH-L8Hyju9yL1cFNp6dsQaCNDyradUVnz0jbNhmL6OabxJ1YCv4tmPdNQsrGXoyQ2EdPxWFm2hV20UEFKORdOcJegtRHqMh2EuhlZl2IZtNrnwUPY2XBxC5HVFlCW9LPYmCfOcDsVyTPknO1jvQnWL0eZUGcNvqQUjlw7Pu-xAbQCfpyWXS6SUhnZIhshkTPlJo5f6SMDN-7MfQN5X9hz8N4L2k1C5qoOqyI_5nLvB_xQN_Q-TOinLjPCqDXOhfR__yCN75VJMsriIpDgBhtgfem754Y3V7a52UArzllZcnd0sC0w9Ls92Uxj2g2aYb6ufmxmv0Sx4t-7iKM3cNP84\" target=\"_blank\" rel=\"noopener nofollow noreferrer\" data-ft=\"{&quot;tn&quot;:&quot;-U&quot;}\" data-lynx-mode=\"origin\">www.cote-mas.fr<\/a> par email \u00e0 info@cote-mas.<\/span><\/p>\n<p>&nbsp;<\/p>\n","protected":false},"excerpt":{"rendered":"<p>Le Bar \u00e0 vin C\u00f4t\u00e9 Mas C\u00f4t\u00e9 Mas vous invite \u00e0 d\u00e9couvrir une autre ambiance, d\u00e8s le d\u00e9but de semaine, dans son espace Bar \u00e0 Vin \u00e0 l&#8217;\u00e9tage, du mardi au vendredi les midis . La cuisine du restaurant vous propose de savoureuses planches \u00e9labor\u00e9es avec les produits du terroir h\u00e9raultais et de notre potager [&hellip;]<\/p>\n","protected":false},"author":4,"featured_media":3177,"comment_status":"open","ping_status":"open","sticky":false,"template":"","format":"standard","meta":{"_et_pb_use_builder":"","_et_pb_old_content":"","_et_gb_content_width":"","footnotes":""},"categories":[34],"tags":[],"class_list":["post-3176","post","type-post","status-publish","format-standard","has-post-thumbnail","hentry","category-bar-a-vin"],"yoast_head":"<!-- This site is optimized with the Yoast SEO plugin v27.4 - https:\/\/yoast.com\/product\/yoast-seo-wordpress\/ -->\n<title>Le bar \u00e0 vin C\u00f4t\u00e9 Mas - C\u00f4t\u00e9 Mas<\/title>\n<meta name=\"robots\" content=\"index, follow, max-snippet:-1, max-image-preview:large, max-video-preview:-1\" \/>\n<link rel=\"canonical\" href=\"https:\/\/www.cote-mas.fr\/3176\/\" \/>\n<meta property=\"og:locale\" content=\"en_US\" \/>\n<meta property=\"og:type\" content=\"article\" \/>\n<meta property=\"og:title\" content=\"Le bar \u00e0 vin C\u00f4t\u00e9 Mas - C\u00f4t\u00e9 Mas\" \/>\n<meta property=\"og:description\" content=\"Le Bar \u00e0 vin C\u00f4t\u00e9 Mas C\u00f4t\u00e9 Mas vous invite \u00e0 d\u00e9couvrir une autre ambiance, d\u00e8s le d\u00e9but de semaine, dans son espace Bar \u00e0 Vin \u00e0 l&#8217;\u00e9tage, du mardi au vendredi les midis . La cuisine du restaurant vous propose de savoureuses planches \u00e9labor\u00e9es avec les produits du terroir h\u00e9raultais et de notre potager [&hellip;]\" \/>\n<meta property=\"og:url\" content=\"https:\/\/www.cote-mas.fr\/3176\/\" \/>\n<meta property=\"og:site_name\" content=\"C\u00f4t\u00e9 Mas\" \/>\n<meta property=\"article:publisher\" content=\"https:\/\/www.facebook.com\/Cote.Mas\" \/>\n<meta property=\"article:published_time\" content=\"2019-08-13T15:14:58+00:00\" \/>\n<meta property=\"article:modified_time\" content=\"2019-08-23T07:42:17+00:00\" \/>\n<meta property=\"og:image\" content=\"https:\/\/www.cote-mas.fr\/wp-content\/uploads\/2019\/08\/Bar-C\u00f4t\u00e9-Mas-scaled.jpg\" \/>\n\t<meta property=\"og:image:width\" content=\"2560\" \/>\n\t<meta property=\"og:image:height\" content=\"1707\" \/>\n\t<meta property=\"og:image:type\" content=\"image\/jpeg\" \/>\n<meta name=\"author\" content=\"LauHaie\" \/>\n<meta name=\"twitter:card\" content=\"summary_large_image\" \/>\n<meta name=\"twitter:label1\" content=\"Written by\" \/>\n\t<meta name=\"twitter:data1\" content=\"LauHaie\" \/>\n\t<meta name=\"twitter:label2\" content=\"Est. reading time\" \/>\n\t<meta name=\"twitter:data2\" content=\"1 minute\" \/>\n<script type=\"application\/ld+json\" class=\"yoast-schema-graph\">{\"@context\":\"https:\\\/\\\/schema.org\",\"@graph\":[{\"@type\":\"Article\",\"@id\":\"https:\\\/\\\/www.cote-mas.fr\\\/3176\\\/#article\",\"isPartOf\":{\"@id\":\"https:\\\/\\\/www.cote-mas.fr\\\/3176\\\/\"},\"author\":{\"name\":\"LauHaie\",\"@id\":\"https:\\\/\\\/www.cote-mas.fr\\\/#\\\/schema\\\/person\\\/89c0ee0277bea4c8ece99e8db6dd1d55\"},\"headline\":\"Le bar \u00e0 vin C\u00f4t\u00e9 Mas\",\"datePublished\":\"2019-08-13T15:14:58+00:00\",\"dateModified\":\"2019-08-23T07:42:17+00:00\",\"mainEntityOfPage\":{\"@id\":\"https:\\\/\\\/www.cote-mas.fr\\\/3176\\\/\"},\"wordCount\":111,\"commentCount\":0,\"publisher\":{\"@id\":\"https:\\\/\\\/www.cote-mas.fr\\\/#organization\"},\"image\":{\"@id\":\"https:\\\/\\\/www.cote-mas.fr\\\/3176\\\/#primaryimage\"},\"thumbnailUrl\":\"https:\\\/\\\/www.cote-mas.fr\\\/wp-content\\\/uploads\\\/2019\\\/08\\\/Bar-C\u00f4t\u00e9-Mas-scaled.jpg\",\"articleSection\":[\"Bar \u00e0 Vin\"],\"inLanguage\":\"en-US\",\"potentialAction\":[{\"@type\":\"CommentAction\",\"name\":\"Comment\",\"target\":[\"https:\\\/\\\/www.cote-mas.fr\\\/3176\\\/#respond\"]}]},{\"@type\":\"WebPage\",\"@id\":\"https:\\\/\\\/www.cote-mas.fr\\\/3176\\\/\",\"url\":\"https:\\\/\\\/www.cote-mas.fr\\\/3176\\\/\",\"name\":\"Le bar \u00e0 vin C\u00f4t\u00e9 Mas - C\u00f4t\u00e9 Mas\",\"isPartOf\":{\"@id\":\"https:\\\/\\\/www.cote-mas.fr\\\/#website\"},\"primaryImageOfPage\":{\"@id\":\"https:\\\/\\\/www.cote-mas.fr\\\/3176\\\/#primaryimage\"},\"image\":{\"@id\":\"https:\\\/\\\/www.cote-mas.fr\\\/3176\\\/#primaryimage\"},\"thumbnailUrl\":\"https:\\\/\\\/www.cote-mas.fr\\\/wp-content\\\/uploads\\\/2019\\\/08\\\/Bar-C\u00f4t\u00e9-Mas-scaled.jpg\",\"datePublished\":\"2019-08-13T15:14:58+00:00\",\"dateModified\":\"2019-08-23T07:42:17+00:00\",\"breadcrumb\":{\"@id\":\"https:\\\/\\\/www.cote-mas.fr\\\/3176\\\/#breadcrumb\"},\"inLanguage\":\"en-US\",\"potentialAction\":[{\"@type\":\"ReadAction\",\"target\":[\"https:\\\/\\\/www.cote-mas.fr\\\/3176\\\/\"]}]},{\"@type\":\"ImageObject\",\"inLanguage\":\"en-US\",\"@id\":\"https:\\\/\\\/www.cote-mas.fr\\\/3176\\\/#primaryimage\",\"url\":\"https:\\\/\\\/www.cote-mas.fr\\\/wp-content\\\/uploads\\\/2019\\\/08\\\/Bar-C\u00f4t\u00e9-Mas-scaled.jpg\",\"contentUrl\":\"https:\\\/\\\/www.cote-mas.fr\\\/wp-content\\\/uploads\\\/2019\\\/08\\\/Bar-C\u00f4t\u00e9-Mas-scaled.jpg\",\"width\":1500,\"height\":1000},{\"@type\":\"BreadcrumbList\",\"@id\":\"https:\\\/\\\/www.cote-mas.fr\\\/3176\\\/#breadcrumb\",\"itemListElement\":[{\"@type\":\"ListItem\",\"position\":1,\"name\":\"Accueil\",\"item\":\"https:\\\/\\\/www.cote-mas.fr\\\/en\\\/\"},{\"@type\":\"ListItem\",\"position\":2,\"name\":\"Le bar \u00e0 vin C\u00f4t\u00e9 Mas\"}]},{\"@type\":\"WebSite\",\"@id\":\"https:\\\/\\\/www.cote-mas.fr\\\/#website\",\"url\":\"https:\\\/\\\/www.cote-mas.fr\\\/\",\"name\":\"C\u00f4t\u00e9 Mas\",\"description\":\"Le restaurant des Domaines Paul Mas \u00e0 Montagnac en Languedoc\",\"publisher\":{\"@id\":\"https:\\\/\\\/www.cote-mas.fr\\\/#organization\"},\"potentialAction\":[{\"@type\":\"SearchAction\",\"target\":{\"@type\":\"EntryPoint\",\"urlTemplate\":\"https:\\\/\\\/www.cote-mas.fr\\\/?s={search_term_string}\"},\"query-input\":{\"@type\":\"PropertyValueSpecification\",\"valueRequired\":true,\"valueName\":\"search_term_string\"}}],\"inLanguage\":\"en-US\"},{\"@type\":\"Organization\",\"@id\":\"https:\\\/\\\/www.cote-mas.fr\\\/#organization\",\"name\":\"C\u00f4t\u00e9 Mas\",\"url\":\"https:\\\/\\\/www.cote-mas.fr\\\/\",\"logo\":{\"@type\":\"ImageObject\",\"inLanguage\":\"en-US\",\"@id\":\"https:\\\/\\\/www.cote-mas.fr\\\/#\\\/schema\\\/logo\\\/image\\\/\",\"url\":\"https:\\\/\\\/www.cote-mas.fr\\\/wp-content\\\/uploads\\\/2021\\\/07\\\/Logo-cote-mas-seul-copie-2.png\",\"contentUrl\":\"https:\\\/\\\/www.cote-mas.fr\\\/wp-content\\\/uploads\\\/2021\\\/07\\\/Logo-cote-mas-seul-copie-2.png\",\"width\":487,\"height\":114,\"caption\":\"C\u00f4t\u00e9 Mas\"},\"image\":{\"@id\":\"https:\\\/\\\/www.cote-mas.fr\\\/#\\\/schema\\\/logo\\\/image\\\/\"},\"sameAs\":[\"https:\\\/\\\/www.facebook.com\\\/Cote.Mas\",\"https:\\\/\\\/www.instagram.com\\\/cotemas\\\/\"]},{\"@type\":\"Person\",\"@id\":\"https:\\\/\\\/www.cote-mas.fr\\\/#\\\/schema\\\/person\\\/89c0ee0277bea4c8ece99e8db6dd1d55\",\"name\":\"LauHaie\",\"image\":{\"@type\":\"ImageObject\",\"inLanguage\":\"en-US\",\"@id\":\"https:\\\/\\\/secure.gravatar.com\\\/avatar\\\/e9de6e7d2123adfdbe747785cb7c76b45ccd925166b956315966d0bf4a7aab41?s=96&d=mm&r=g\",\"url\":\"https:\\\/\\\/secure.gravatar.com\\\/avatar\\\/e9de6e7d2123adfdbe747785cb7c76b45ccd925166b956315966d0bf4a7aab41?s=96&d=mm&r=g\",\"contentUrl\":\"https:\\\/\\\/secure.gravatar.com\\\/avatar\\\/e9de6e7d2123adfdbe747785cb7c76b45ccd925166b956315966d0bf4a7aab41?s=96&d=mm&r=g\",\"caption\":\"LauHaie\"},\"url\":\"https:\\\/\\\/www.cote-mas.fr\\\/en\\\/author\\\/lauhaie\\\/\"}]}<\/script>\n<!-- \/ Yoast SEO plugin. -->","yoast_head_json":{"title":"Le bar \u00e0 vin C\u00f4t\u00e9 Mas - C\u00f4t\u00e9 Mas","robots":{"index":"index","follow":"follow","max-snippet":"max-snippet:-1","max-image-preview":"max-image-preview:large","max-video-preview":"max-video-preview:-1"},"canonical":"https:\/\/www.cote-mas.fr\/3176\/","og_locale":"en_US","og_type":"article","og_title":"Le bar \u00e0 vin C\u00f4t\u00e9 Mas - C\u00f4t\u00e9 Mas","og_description":"Le Bar \u00e0 vin C\u00f4t\u00e9 Mas C\u00f4t\u00e9 Mas vous invite \u00e0 d\u00e9couvrir une autre ambiance, d\u00e8s le d\u00e9but de semaine, dans son espace Bar \u00e0 Vin \u00e0 l&#8217;\u00e9tage, du mardi au vendredi les midis . La cuisine du restaurant vous propose de savoureuses planches \u00e9labor\u00e9es avec les produits du terroir h\u00e9raultais et de notre potager [&hellip;]","og_url":"https:\/\/www.cote-mas.fr\/3176\/","og_site_name":"C\u00f4t\u00e9 Mas","article_publisher":"https:\/\/www.facebook.com\/Cote.Mas","article_published_time":"2019-08-13T15:14:58+00:00","article_modified_time":"2019-08-23T07:42:17+00:00","og_image":[{"width":2560,"height":1707,"url":"https:\/\/www.cote-mas.fr\/wp-content\/uploads\/2019\/08\/Bar-C\u00f4t\u00e9-Mas-scaled.jpg","type":"image\/jpeg"}],"author":"LauHaie","twitter_card":"summary_large_image","twitter_misc":{"Written by":"LauHaie","Est. reading time":"1 minute"},"schema":{"@context":"https:\/\/schema.org","@graph":[{"@type":"Article","@id":"https:\/\/www.cote-mas.fr\/3176\/#article","isPartOf":{"@id":"https:\/\/www.cote-mas.fr\/3176\/"},"author":{"name":"LauHaie","@id":"https:\/\/www.cote-mas.fr\/#\/schema\/person\/89c0ee0277bea4c8ece99e8db6dd1d55"},"headline":"Le bar \u00e0 vin C\u00f4t\u00e9 Mas","datePublished":"2019-08-13T15:14:58+00:00","dateModified":"2019-08-23T07:42:17+00:00","mainEntityOfPage":{"@id":"https:\/\/www.cote-mas.fr\/3176\/"},"wordCount":111,"commentCount":0,"publisher":{"@id":"https:\/\/www.cote-mas.fr\/#organization"},"image":{"@id":"https:\/\/www.cote-mas.fr\/3176\/#primaryimage"},"thumbnailUrl":"https:\/\/www.cote-mas.fr\/wp-content\/uploads\/2019\/08\/Bar-C\u00f4t\u00e9-Mas-scaled.jpg","articleSection":["Bar \u00e0 Vin"],"inLanguage":"en-US","potentialAction":[{"@type":"CommentAction","name":"Comment","target":["https:\/\/www.cote-mas.fr\/3176\/#respond"]}]},{"@type":"WebPage","@id":"https:\/\/www.cote-mas.fr\/3176\/","url":"https:\/\/www.cote-mas.fr\/3176\/","name":"Le bar \u00e0 vin C\u00f4t\u00e9 Mas - C\u00f4t\u00e9 Mas","isPartOf":{"@id":"https:\/\/www.cote-mas.fr\/#website"},"primaryImageOfPage":{"@id":"https:\/\/www.cote-mas.fr\/3176\/#primaryimage"},"image":{"@id":"https:\/\/www.cote-mas.fr\/3176\/#primaryimage"},"thumbnailUrl":"https:\/\/www.cote-mas.fr\/wp-content\/uploads\/2019\/08\/Bar-C\u00f4t\u00e9-Mas-scaled.jpg","datePublished":"2019-08-13T15:14:58+00:00","dateModified":"2019-08-23T07:42:17+00:00","breadcrumb":{"@id":"https:\/\/www.cote-mas.fr\/3176\/#breadcrumb"},"inLanguage":"en-US","potentialAction":[{"@type":"ReadAction","target":["https:\/\/www.cote-mas.fr\/3176\/"]}]},{"@type":"ImageObject","inLanguage":"en-US","@id":"https:\/\/www.cote-mas.fr\/3176\/#primaryimage","url":"https:\/\/www.cote-mas.fr\/wp-content\/uploads\/2019\/08\/Bar-C\u00f4t\u00e9-Mas-scaled.jpg","contentUrl":"https:\/\/www.cote-mas.fr\/wp-content\/uploads\/2019\/08\/Bar-C\u00f4t\u00e9-Mas-scaled.jpg","width":1500,"height":1000},{"@type":"BreadcrumbList","@id":"https:\/\/www.cote-mas.fr\/3176\/#breadcrumb","itemListElement":[{"@type":"ListItem","position":1,"name":"Accueil","item":"https:\/\/www.cote-mas.fr\/en\/"},{"@type":"ListItem","position":2,"name":"Le bar \u00e0 vin C\u00f4t\u00e9 Mas"}]},{"@type":"WebSite","@id":"https:\/\/www.cote-mas.fr\/#website","url":"https:\/\/www.cote-mas.fr\/","name":"C\u00f4t\u00e9 Mas","description":"Le restaurant des Domaines Paul Mas \u00e0 Montagnac en Languedoc","publisher":{"@id":"https:\/\/www.cote-mas.fr\/#organization"},"potentialAction":[{"@type":"SearchAction","target":{"@type":"EntryPoint","urlTemplate":"https:\/\/www.cote-mas.fr\/?s={search_term_string}"},"query-input":{"@type":"PropertyValueSpecification","valueRequired":true,"valueName":"search_term_string"}}],"inLanguage":"en-US"},{"@type":"Organization","@id":"https:\/\/www.cote-mas.fr\/#organization","name":"C\u00f4t\u00e9 Mas","url":"https:\/\/www.cote-mas.fr\/","logo":{"@type":"ImageObject","inLanguage":"en-US","@id":"https:\/\/www.cote-mas.fr\/#\/schema\/logo\/image\/","url":"https:\/\/www.cote-mas.fr\/wp-content\/uploads\/2021\/07\/Logo-cote-mas-seul-copie-2.png","contentUrl":"https:\/\/www.cote-mas.fr\/wp-content\/uploads\/2021\/07\/Logo-cote-mas-seul-copie-2.png","width":487,"height":114,"caption":"C\u00f4t\u00e9 Mas"},"image":{"@id":"https:\/\/www.cote-mas.fr\/#\/schema\/logo\/image\/"},"sameAs":["https:\/\/www.facebook.com\/Cote.Mas","https:\/\/www.instagram.com\/cotemas\/"]},{"@type":"Person","@id":"https:\/\/www.cote-mas.fr\/#\/schema\/person\/89c0ee0277bea4c8ece99e8db6dd1d55","name":"LauHaie","image":{"@type":"ImageObject","inLanguage":"en-US","@id":"https:\/\/secure.gravatar.com\/avatar\/e9de6e7d2123adfdbe747785cb7c76b45ccd925166b956315966d0bf4a7aab41?s=96&d=mm&r=g","url":"https:\/\/secure.gravatar.com\/avatar\/e9de6e7d2123adfdbe747785cb7c76b45ccd925166b956315966d0bf4a7aab41?s=96&d=mm&r=g","contentUrl":"https:\/\/secure.gravatar.com\/avatar\/e9de6e7d2123adfdbe747785cb7c76b45ccd925166b956315966d0bf4a7aab41?s=96&d=mm&r=g","caption":"LauHaie"},"url":"https:\/\/www.cote-mas.fr\/en\/author\/lauhaie\/"}]}},"_links":{"self":[{"href":"https:\/\/www.cote-mas.fr\/en\/wp-json\/wp\/v2\/posts\/3176","targetHints":{"allow":["GET"]}}],"collection":[{"href":"https:\/\/www.cote-mas.fr\/en\/wp-json\/wp\/v2\/posts"}],"about":[{"href":"https:\/\/www.cote-mas.fr\/en\/wp-json\/wp\/v2\/types\/post"}],"author":[{"embeddable":true,"href":"https:\/\/www.cote-mas.fr\/en\/wp-json\/wp\/v2\/users\/4"}],"replies":[{"embeddable":true,"href":"https:\/\/www.cote-mas.fr\/en\/wp-json\/wp\/v2\/comments?post=3176"}],"version-history":[{"count":3,"href":"https:\/\/www.cote-mas.fr\/en\/wp-json\/wp\/v2\/posts\/3176\/revisions"}],"predecessor-version":[{"id":3190,"href":"https:\/\/www.cote-mas.fr\/en\/wp-json\/wp\/v2\/posts\/3176\/revisions\/3190"}],"wp:featuredmedia":[{"embeddable":true,"href":"https:\/\/www.cote-mas.fr\/en\/wp-json\/wp\/v2\/media\/3177"}],"wp:attachment":[{"href":"https:\/\/www.cote-mas.fr\/en\/wp-json\/wp\/v2\/media?parent=3176"}],"wp:term":[{"taxonomy":"category","embeddable":true,"href":"https:\/\/www.cote-mas.fr\/en\/wp-json\/wp\/v2\/categories?post=3176"},{"taxonomy":"post_tag","embeddable":true,"href":"https:\/\/www.cote-mas.fr\/en\/wp-json\/wp\/v2\/tags?post=3176"}],"curies":[{"name":"wp","href":"https:\/\/api.w.org\/{rel}","templated":true}]}}