{"id":3092,"date":"2019-04-08T14:09:48","date_gmt":"2019-04-08T13:09:48","guid":{"rendered":"https:\/\/www.cote-mas.fr\/?p=3092"},"modified":"2019-04-09T10:22:55","modified_gmt":"2019-04-09T09:22:55","slug":"agenda-printemps-ete-2019","status":"publish","type":"post","link":"https:\/\/www.cote-mas.fr\/en\/agenda-printemps-ete-2019\/","title":{"rendered":"AGENDA PRINTEMPS ETE 2019"},"content":{"rendered":"<p>D\u00e9couvrez notre agenda d&#8217;activit\u00e9s Oenotouristiques printemps \u00e9t\u00e9 2019 .<\/p>\n<p>Pour r\u00e9server ou pour plus de renseignements,contactez nous au 04 67 24 36 10.<\/p>\n<p>Suivez notre actualit\u00e9 sur notre site ou sur notre page <a href=\"https:\/\/www.facebook.com\/Cote.Mas\/\">Facebook<\/a> pour conna\u00eetre les surprises \u00e0 venir .<\/p>\n<p><a href=\"https:\/\/www.cote-mas.fr\/wp-content\/uploads\/2019\/04\/Capture-d\u2019\u00e9cran-2019-04-08-\u00e0-12.08.36.png\"><img decoding=\"async\" class=\"alignnone size-medium wp-image-3093\" src=\"https:\/\/www.cote-mas.fr\/wp-content\/uploads\/2019\/04\/Capture-d\u2019\u00e9cran-2019-04-08-\u00e0-12.08.36-300x200.png\" alt=\"\" width=\"300\" height=\"200\" \/><\/a><\/p>\n","protected":false},"excerpt":{"rendered":"<p>D\u00e9couvrez notre agenda d&#8217;activit\u00e9s Oenotouristiques printemps \u00e9t\u00e9 2019 . Pour r\u00e9server ou pour plus de renseignements,contactez nous au 04 67 24 36 10. Suivez notre actualit\u00e9 sur notre site ou sur notre page Facebook pour conna\u00eetre les surprises \u00e0 venir .<\/p>\n","protected":false},"author":4,"featured_media":3097,"comment_status":"open","ping_status":"open","sticky":false,"template":"","format":"standard","meta":{"_et_pb_use_builder":"","_et_pb_old_content":"","_et_gb_content_width":"","footnotes":""},"categories":[34,32,36],"tags":[],"class_list":["post-3092","post","type-post","status-publish","format-standard","has-post-thumbnail","hentry","category-bar-a-vin","category-caveau","category-evenement"],"yoast_head":"<!-- This site is optimized with the Yoast SEO plugin v27.4 - https:\/\/yoast.com\/product\/yoast-seo-wordpress\/ -->\n<title>AGENDA PRINTEMPS ETE 2019 - C\u00f4t\u00e9 Mas<\/title>\n<meta name=\"robots\" content=\"index, follow, max-snippet:-1, max-image-preview:large, max-video-preview:-1\" \/>\n<link rel=\"canonical\" href=\"https:\/\/www.cote-mas.fr\/en\/agenda-printemps-ete-2019\/\" \/>\n<meta property=\"og:locale\" content=\"en_US\" \/>\n<meta property=\"og:type\" content=\"article\" \/>\n<meta property=\"og:title\" content=\"AGENDA PRINTEMPS ETE 2019 - C\u00f4t\u00e9 Mas\" \/>\n<meta property=\"og:description\" content=\"D\u00e9couvrez notre agenda d&#8217;activit\u00e9s Oenotouristiques printemps \u00e9t\u00e9 2019 . Pour r\u00e9server ou pour plus de renseignements,contactez nous au 04 67 24 36 10. Suivez notre actualit\u00e9 sur notre site ou sur notre page Facebook pour conna\u00eetre les surprises \u00e0 venir .\" \/>\n<meta property=\"og:url\" content=\"https:\/\/www.cote-mas.fr\/en\/agenda-printemps-ete-2019\/\" \/>\n<meta property=\"og:site_name\" content=\"C\u00f4t\u00e9 Mas\" \/>\n<meta property=\"article:publisher\" content=\"https:\/\/www.facebook.com\/Cote.Mas\" \/>\n<meta property=\"article:published_time\" content=\"2019-04-08T13:09:48+00:00\" \/>\n<meta property=\"article:modified_time\" content=\"2019-04-09T09:22:55+00:00\" \/>\n<meta property=\"og:image\" content=\"https:\/\/www.cote-mas.fr\/wp-content\/uploads\/2019\/04\/Capture-e1554801766405.png\" \/>\n\t<meta property=\"og:image:width\" content=\"333\" \/>\n\t<meta property=\"og:image:height\" content=\"330\" \/>\n\t<meta property=\"og:image:type\" content=\"image\/png\" \/>\n<meta name=\"author\" content=\"LauHaie\" \/>\n<meta name=\"twitter:card\" content=\"summary_large_image\" \/>\n<meta name=\"twitter:label1\" content=\"Written by\" \/>\n\t<meta name=\"twitter:data1\" content=\"LauHaie\" \/>\n<script type=\"application\/ld+json\" class=\"yoast-schema-graph\">{\"@context\":\"https:\\\/\\\/schema.org\",\"@graph\":[{\"@type\":\"Article\",\"@id\":\"https:\\\/\\\/www.cote-mas.fr\\\/en\\\/agenda-printemps-ete-2019\\\/#article\",\"isPartOf\":{\"@id\":\"https:\\\/\\\/www.cote-mas.fr\\\/en\\\/agenda-printemps-ete-2019\\\/\"},\"author\":{\"name\":\"LauHaie\",\"@id\":\"https:\\\/\\\/www.cote-mas.fr\\\/#\\\/schema\\\/person\\\/89c0ee0277bea4c8ece99e8db6dd1d55\"},\"headline\":\"AGENDA PRINTEMPS ETE 2019\",\"datePublished\":\"2019-04-08T13:09:48+00:00\",\"dateModified\":\"2019-04-09T09:22:55+00:00\",\"mainEntityOfPage\":{\"@id\":\"https:\\\/\\\/www.cote-mas.fr\\\/en\\\/agenda-printemps-ete-2019\\\/\"},\"wordCount\":41,\"commentCount\":0,\"publisher\":{\"@id\":\"https:\\\/\\\/www.cote-mas.fr\\\/#organization\"},\"image\":{\"@id\":\"https:\\\/\\\/www.cote-mas.fr\\\/en\\\/agenda-printemps-ete-2019\\\/#primaryimage\"},\"thumbnailUrl\":\"https:\\\/\\\/www.cote-mas.fr\\\/wp-content\\\/uploads\\\/2019\\\/04\\\/Capture-e1554801766405.png\",\"articleSection\":[\"Bar \u00e0 Vin\",\"caveau\",\"Ev\u00e8nement\"],\"inLanguage\":\"en-US\",\"potentialAction\":[{\"@type\":\"CommentAction\",\"name\":\"Comment\",\"target\":[\"https:\\\/\\\/www.cote-mas.fr\\\/en\\\/agenda-printemps-ete-2019\\\/#respond\"]}]},{\"@type\":\"WebPage\",\"@id\":\"https:\\\/\\\/www.cote-mas.fr\\\/en\\\/agenda-printemps-ete-2019\\\/\",\"url\":\"https:\\\/\\\/www.cote-mas.fr\\\/en\\\/agenda-printemps-ete-2019\\\/\",\"name\":\"AGENDA PRINTEMPS ETE 2019 - C\u00f4t\u00e9 Mas\",\"isPartOf\":{\"@id\":\"https:\\\/\\\/www.cote-mas.fr\\\/#website\"},\"primaryImageOfPage\":{\"@id\":\"https:\\\/\\\/www.cote-mas.fr\\\/en\\\/agenda-printemps-ete-2019\\\/#primaryimage\"},\"image\":{\"@id\":\"https:\\\/\\\/www.cote-mas.fr\\\/en\\\/agenda-printemps-ete-2019\\\/#primaryimage\"},\"thumbnailUrl\":\"https:\\\/\\\/www.cote-mas.fr\\\/wp-content\\\/uploads\\\/2019\\\/04\\\/Capture-e1554801766405.png\",\"datePublished\":\"2019-04-08T13:09:48+00:00\",\"dateModified\":\"2019-04-09T09:22:55+00:00\",\"breadcrumb\":{\"@id\":\"https:\\\/\\\/www.cote-mas.fr\\\/en\\\/agenda-printemps-ete-2019\\\/#breadcrumb\"},\"inLanguage\":\"en-US\",\"potentialAction\":[{\"@type\":\"ReadAction\",\"target\":[\"https:\\\/\\\/www.cote-mas.fr\\\/en\\\/agenda-printemps-ete-2019\\\/\"]}]},{\"@type\":\"ImageObject\",\"inLanguage\":\"en-US\",\"@id\":\"https:\\\/\\\/www.cote-mas.fr\\\/en\\\/agenda-printemps-ete-2019\\\/#primaryimage\",\"url\":\"https:\\\/\\\/www.cote-mas.fr\\\/wp-content\\\/uploads\\\/2019\\\/04\\\/Capture-e1554801766405.png\",\"contentUrl\":\"https:\\\/\\\/www.cote-mas.fr\\\/wp-content\\\/uploads\\\/2019\\\/04\\\/Capture-e1554801766405.png\",\"width\":333,\"height\":330},{\"@type\":\"BreadcrumbList\",\"@id\":\"https:\\\/\\\/www.cote-mas.fr\\\/en\\\/agenda-printemps-ete-2019\\\/#breadcrumb\",\"itemListElement\":[{\"@type\":\"ListItem\",\"position\":1,\"name\":\"Accueil\",\"item\":\"https:\\\/\\\/www.cote-mas.fr\\\/en\\\/\"},{\"@type\":\"ListItem\",\"position\":2,\"name\":\"AGENDA PRINTEMPS ETE 2019\"}]},{\"@type\":\"WebSite\",\"@id\":\"https:\\\/\\\/www.cote-mas.fr\\\/#website\",\"url\":\"https:\\\/\\\/www.cote-mas.fr\\\/\",\"name\":\"C\u00f4t\u00e9 Mas\",\"description\":\"Le restaurant des Domaines Paul Mas \u00e0 Montagnac en Languedoc\",\"publisher\":{\"@id\":\"https:\\\/\\\/www.cote-mas.fr\\\/#organization\"},\"potentialAction\":[{\"@type\":\"SearchAction\",\"target\":{\"@type\":\"EntryPoint\",\"urlTemplate\":\"https:\\\/\\\/www.cote-mas.fr\\\/?s={search_term_string}\"},\"query-input\":{\"@type\":\"PropertyValueSpecification\",\"valueRequired\":true,\"valueName\":\"search_term_string\"}}],\"inLanguage\":\"en-US\"},{\"@type\":\"Organization\",\"@id\":\"https:\\\/\\\/www.cote-mas.fr\\\/#organization\",\"name\":\"C\u00f4t\u00e9 Mas\",\"url\":\"https:\\\/\\\/www.cote-mas.fr\\\/\",\"logo\":{\"@type\":\"ImageObject\",\"inLanguage\":\"en-US\",\"@id\":\"https:\\\/\\\/www.cote-mas.fr\\\/#\\\/schema\\\/logo\\\/image\\\/\",\"url\":\"https:\\\/\\\/www.cote-mas.fr\\\/wp-content\\\/uploads\\\/2021\\\/07\\\/Logo-cote-mas-seul-copie-2.png\",\"contentUrl\":\"https:\\\/\\\/www.cote-mas.fr\\\/wp-content\\\/uploads\\\/2021\\\/07\\\/Logo-cote-mas-seul-copie-2.png\",\"width\":487,\"height\":114,\"caption\":\"C\u00f4t\u00e9 Mas\"},\"image\":{\"@id\":\"https:\\\/\\\/www.cote-mas.fr\\\/#\\\/schema\\\/logo\\\/image\\\/\"},\"sameAs\":[\"https:\\\/\\\/www.facebook.com\\\/Cote.Mas\",\"https:\\\/\\\/www.instagram.com\\\/cotemas\\\/\"]},{\"@type\":\"Person\",\"@id\":\"https:\\\/\\\/www.cote-mas.fr\\\/#\\\/schema\\\/person\\\/89c0ee0277bea4c8ece99e8db6dd1d55\",\"name\":\"LauHaie\",\"image\":{\"@type\":\"ImageObject\",\"inLanguage\":\"en-US\",\"@id\":\"https:\\\/\\\/secure.gravatar.com\\\/avatar\\\/e9de6e7d2123adfdbe747785cb7c76b45ccd925166b956315966d0bf4a7aab41?s=96&d=mm&r=g\",\"url\":\"https:\\\/\\\/secure.gravatar.com\\\/avatar\\\/e9de6e7d2123adfdbe747785cb7c76b45ccd925166b956315966d0bf4a7aab41?s=96&d=mm&r=g\",\"contentUrl\":\"https:\\\/\\\/secure.gravatar.com\\\/avatar\\\/e9de6e7d2123adfdbe747785cb7c76b45ccd925166b956315966d0bf4a7aab41?s=96&d=mm&r=g\",\"caption\":\"LauHaie\"},\"url\":\"https:\\\/\\\/www.cote-mas.fr\\\/en\\\/author\\\/lauhaie\\\/\"}]}<\/script>\n<!-- \/ Yoast SEO plugin. -->","yoast_head_json":{"title":"AGENDA PRINTEMPS ETE 2019 - C\u00f4t\u00e9 Mas","robots":{"index":"index","follow":"follow","max-snippet":"max-snippet:-1","max-image-preview":"max-image-preview:large","max-video-preview":"max-video-preview:-1"},"canonical":"https:\/\/www.cote-mas.fr\/en\/agenda-printemps-ete-2019\/","og_locale":"en_US","og_type":"article","og_title":"AGENDA PRINTEMPS ETE 2019 - C\u00f4t\u00e9 Mas","og_description":"D\u00e9couvrez notre agenda d&#8217;activit\u00e9s Oenotouristiques printemps \u00e9t\u00e9 2019 . Pour r\u00e9server ou pour plus de renseignements,contactez nous au 04 67 24 36 10. Suivez notre actualit\u00e9 sur notre site ou sur notre page Facebook pour conna\u00eetre les surprises \u00e0 venir .","og_url":"https:\/\/www.cote-mas.fr\/en\/agenda-printemps-ete-2019\/","og_site_name":"C\u00f4t\u00e9 Mas","article_publisher":"https:\/\/www.facebook.com\/Cote.Mas","article_published_time":"2019-04-08T13:09:48+00:00","article_modified_time":"2019-04-09T09:22:55+00:00","og_image":[{"width":333,"height":330,"url":"https:\/\/www.cote-mas.fr\/wp-content\/uploads\/2019\/04\/Capture-e1554801766405.png","type":"image\/png"}],"author":"LauHaie","twitter_card":"summary_large_image","twitter_misc":{"Written by":"LauHaie"},"schema":{"@context":"https:\/\/schema.org","@graph":[{"@type":"Article","@id":"https:\/\/www.cote-mas.fr\/en\/agenda-printemps-ete-2019\/#article","isPartOf":{"@id":"https:\/\/www.cote-mas.fr\/en\/agenda-printemps-ete-2019\/"},"author":{"name":"LauHaie","@id":"https:\/\/www.cote-mas.fr\/#\/schema\/person\/89c0ee0277bea4c8ece99e8db6dd1d55"},"headline":"AGENDA PRINTEMPS ETE 2019","datePublished":"2019-04-08T13:09:48+00:00","dateModified":"2019-04-09T09:22:55+00:00","mainEntityOfPage":{"@id":"https:\/\/www.cote-mas.fr\/en\/agenda-printemps-ete-2019\/"},"wordCount":41,"commentCount":0,"publisher":{"@id":"https:\/\/www.cote-mas.fr\/#organization"},"image":{"@id":"https:\/\/www.cote-mas.fr\/en\/agenda-printemps-ete-2019\/#primaryimage"},"thumbnailUrl":"https:\/\/www.cote-mas.fr\/wp-content\/uploads\/2019\/04\/Capture-e1554801766405.png","articleSection":["Bar \u00e0 Vin","caveau","Ev\u00e8nement"],"inLanguage":"en-US","potentialAction":[{"@type":"CommentAction","name":"Comment","target":["https:\/\/www.cote-mas.fr\/en\/agenda-printemps-ete-2019\/#respond"]}]},{"@type":"WebPage","@id":"https:\/\/www.cote-mas.fr\/en\/agenda-printemps-ete-2019\/","url":"https:\/\/www.cote-mas.fr\/en\/agenda-printemps-ete-2019\/","name":"AGENDA PRINTEMPS ETE 2019 - C\u00f4t\u00e9 Mas","isPartOf":{"@id":"https:\/\/www.cote-mas.fr\/#website"},"primaryImageOfPage":{"@id":"https:\/\/www.cote-mas.fr\/en\/agenda-printemps-ete-2019\/#primaryimage"},"image":{"@id":"https:\/\/www.cote-mas.fr\/en\/agenda-printemps-ete-2019\/#primaryimage"},"thumbnailUrl":"https:\/\/www.cote-mas.fr\/wp-content\/uploads\/2019\/04\/Capture-e1554801766405.png","datePublished":"2019-04-08T13:09:48+00:00","dateModified":"2019-04-09T09:22:55+00:00","breadcrumb":{"@id":"https:\/\/www.cote-mas.fr\/en\/agenda-printemps-ete-2019\/#breadcrumb"},"inLanguage":"en-US","potentialAction":[{"@type":"ReadAction","target":["https:\/\/www.cote-mas.fr\/en\/agenda-printemps-ete-2019\/"]}]},{"@type":"ImageObject","inLanguage":"en-US","@id":"https:\/\/www.cote-mas.fr\/en\/agenda-printemps-ete-2019\/#primaryimage","url":"https:\/\/www.cote-mas.fr\/wp-content\/uploads\/2019\/04\/Capture-e1554801766405.png","contentUrl":"https:\/\/www.cote-mas.fr\/wp-content\/uploads\/2019\/04\/Capture-e1554801766405.png","width":333,"height":330},{"@type":"BreadcrumbList","@id":"https:\/\/www.cote-mas.fr\/en\/agenda-printemps-ete-2019\/#breadcrumb","itemListElement":[{"@type":"ListItem","position":1,"name":"Accueil","item":"https:\/\/www.cote-mas.fr\/en\/"},{"@type":"ListItem","position":2,"name":"AGENDA PRINTEMPS ETE 2019"}]},{"@type":"WebSite","@id":"https:\/\/www.cote-mas.fr\/#website","url":"https:\/\/www.cote-mas.fr\/","name":"C\u00f4t\u00e9 Mas","description":"Le restaurant des Domaines Paul Mas \u00e0 Montagnac en Languedoc","publisher":{"@id":"https:\/\/www.cote-mas.fr\/#organization"},"potentialAction":[{"@type":"SearchAction","target":{"@type":"EntryPoint","urlTemplate":"https:\/\/www.cote-mas.fr\/?s={search_term_string}"},"query-input":{"@type":"PropertyValueSpecification","valueRequired":true,"valueName":"search_term_string"}}],"inLanguage":"en-US"},{"@type":"Organization","@id":"https:\/\/www.cote-mas.fr\/#organization","name":"C\u00f4t\u00e9 Mas","url":"https:\/\/www.cote-mas.fr\/","logo":{"@type":"ImageObject","inLanguage":"en-US","@id":"https:\/\/www.cote-mas.fr\/#\/schema\/logo\/image\/","url":"https:\/\/www.cote-mas.fr\/wp-content\/uploads\/2021\/07\/Logo-cote-mas-seul-copie-2.png","contentUrl":"https:\/\/www.cote-mas.fr\/wp-content\/uploads\/2021\/07\/Logo-cote-mas-seul-copie-2.png","width":487,"height":114,"caption":"C\u00f4t\u00e9 Mas"},"image":{"@id":"https:\/\/www.cote-mas.fr\/#\/schema\/logo\/image\/"},"sameAs":["https:\/\/www.facebook.com\/Cote.Mas","https:\/\/www.instagram.com\/cotemas\/"]},{"@type":"Person","@id":"https:\/\/www.cote-mas.fr\/#\/schema\/person\/89c0ee0277bea4c8ece99e8db6dd1d55","name":"LauHaie","image":{"@type":"ImageObject","inLanguage":"en-US","@id":"https:\/\/secure.gravatar.com\/avatar\/e9de6e7d2123adfdbe747785cb7c76b45ccd925166b956315966d0bf4a7aab41?s=96&d=mm&r=g","url":"https:\/\/secure.gravatar.com\/avatar\/e9de6e7d2123adfdbe747785cb7c76b45ccd925166b956315966d0bf4a7aab41?s=96&d=mm&r=g","contentUrl":"https:\/\/secure.gravatar.com\/avatar\/e9de6e7d2123adfdbe747785cb7c76b45ccd925166b956315966d0bf4a7aab41?s=96&d=mm&r=g","caption":"LauHaie"},"url":"https:\/\/www.cote-mas.fr\/en\/author\/lauhaie\/"}]}},"_links":{"self":[{"href":"https:\/\/www.cote-mas.fr\/en\/wp-json\/wp\/v2\/posts\/3092","targetHints":{"allow":["GET"]}}],"collection":[{"href":"https:\/\/www.cote-mas.fr\/en\/wp-json\/wp\/v2\/posts"}],"about":[{"href":"https:\/\/www.cote-mas.fr\/en\/wp-json\/wp\/v2\/types\/post"}],"author":[{"embeddable":true,"href":"https:\/\/www.cote-mas.fr\/en\/wp-json\/wp\/v2\/users\/4"}],"replies":[{"embeddable":true,"href":"https:\/\/www.cote-mas.fr\/en\/wp-json\/wp\/v2\/comments?post=3092"}],"version-history":[{"count":3,"href":"https:\/\/www.cote-mas.fr\/en\/wp-json\/wp\/v2\/posts\/3092\/revisions"}],"predecessor-version":[{"id":3102,"href":"https:\/\/www.cote-mas.fr\/en\/wp-json\/wp\/v2\/posts\/3092\/revisions\/3102"}],"wp:featuredmedia":[{"embeddable":true,"href":"https:\/\/www.cote-mas.fr\/en\/wp-json\/wp\/v2\/media\/3097"}],"wp:attachment":[{"href":"https:\/\/www.cote-mas.fr\/en\/wp-json\/wp\/v2\/media?parent=3092"}],"wp:term":[{"taxonomy":"category","embeddable":true,"href":"https:\/\/www.cote-mas.fr\/en\/wp-json\/wp\/v2\/categories?post=3092"},{"taxonomy":"post_tag","embeddable":true,"href":"https:\/\/www.cote-mas.fr\/en\/wp-json\/wp\/v2\/tags?post=3092"}],"curies":[{"name":"wp","href":"https:\/\/api.w.org\/{rel}","templated":true}]}}