{"id":2533,"date":"2018-07-23T10:16:03","date_gmt":"2018-07-23T09:16:03","guid":{"rendered":"https:\/\/www.cote-mas.fr\/?p=2533"},"modified":"2018-07-23T10:18:28","modified_gmt":"2018-07-23T09:18:28","slug":"jazz-party-at-cote-mas-wednesday-25-july","status":"publish","type":"post","link":"https:\/\/www.cote-mas.fr\/en\/jazz-party-at-cote-mas-wednesday-25-july\/","title":{"rendered":"Jazz Party at C\u00f4t\u00e9 Mas Wednesday 25 July"},"content":{"rendered":"<p>On the terrace amidst the vineyards, to the rhythm of a summer evening, let yourself be carried away by the Jazz sound of the group Soleil Nomade.<br \/>\nThe delicacy of the dishes of our Chef Alexandre Fontaine in union with the wines of Domaines Paul Mas, is the awakening of the 5 senses.<br \/>\nSingle menu at 59 euros.<\/p>\n<p>Booking on 04 67 24 36 10 or by email at <strong><a href=\"mailto:info@cote-mas.fr\">info@cote-mas.fr<\/a><\/strong><\/p>\n<p><iframe loading=\"lazy\" src=\"https:\/\/www.youtube.com\/embed\/WaMSS7x09eo?rel=0\" width=\"950\" height=\"620\" frameborder=\"0\" allowfullscreen=\"allowfullscreen\"><span data-mce-type=\"bookmark\" style=\"display: inline-block; width: 0px; overflow: hidden; line-height: 0;\" class=\"mce_SELRES_start\">\ufeff<\/span><\/iframe><\/p>\n","protected":false},"excerpt":{"rendered":"<p>On the terrace amidst the vineyards, to the rhythm of a summer evening, let yourself be carried away by the Jazz sound of the group Soleil Nomade. The delicacy of the dishes of our Chef Alexandre Fontaine in union with the wines of Domaines Paul Mas, is the awakening of the 5 senses. Single menu [&hellip;]<\/p>\n","protected":false},"author":4,"featured_media":2539,"comment_status":"open","ping_status":"open","sticky":false,"template":"","format":"standard","meta":{"_et_pb_use_builder":"","_et_pb_old_content":"","_et_gb_content_width":"","footnotes":""},"categories":[24,29],"tags":[],"class_list":["post-2533","post","type-post","status-publish","format-standard","has-post-thumbnail","hentry","category-live-music","category-video"],"yoast_head":"<!-- This site is optimized with the Yoast SEO plugin v27.4 - https:\/\/yoast.com\/product\/yoast-seo-wordpress\/ -->\n<title>Jazz Party at C\u00f4t\u00e9 Mas Wednesday 25 July - C\u00f4t\u00e9 Mas<\/title>\n<meta name=\"robots\" content=\"index, follow, max-snippet:-1, max-image-preview:large, max-video-preview:-1\" \/>\n<link rel=\"canonical\" href=\"https:\/\/www.cote-mas.fr\/en\/jazz-party-at-cote-mas-wednesday-25-july\/\" \/>\n<meta property=\"og:locale\" content=\"en_US\" \/>\n<meta property=\"og:type\" content=\"article\" \/>\n<meta property=\"og:title\" content=\"Jazz Party at C\u00f4t\u00e9 Mas Wednesday 25 July - C\u00f4t\u00e9 Mas\" \/>\n<meta property=\"og:description\" content=\"On the terrace amidst the vineyards, to the rhythm of a summer evening, let yourself be carried away by the Jazz sound of the group Soleil Nomade. The delicacy of the dishes of our Chef Alexandre Fontaine in union with the wines of Domaines Paul Mas, is the awakening of the 5 senses. Single menu [&hellip;]\" \/>\n<meta property=\"og:url\" content=\"https:\/\/www.cote-mas.fr\/en\/jazz-party-at-cote-mas-wednesday-25-july\/\" \/>\n<meta property=\"og:site_name\" content=\"C\u00f4t\u00e9 Mas\" \/>\n<meta property=\"article:publisher\" content=\"https:\/\/www.facebook.com\/Cote.Mas\" \/>\n<meta property=\"article:published_time\" content=\"2018-07-23T09:16:03+00:00\" \/>\n<meta property=\"article:modified_time\" content=\"2018-07-23T09:18:28+00:00\" \/>\n<meta property=\"og:image\" content=\"https:\/\/www.cote-mas.fr\/wp-content\/uploads\/2018\/07\/Capture-d\u2019e\u0301cran-2018-07-23-a\u0300-11.17.27.png\" \/>\n\t<meta property=\"og:image:width\" content=\"814\" \/>\n\t<meta property=\"og:image:height\" content=\"525\" \/>\n\t<meta property=\"og:image:type\" content=\"image\/png\" \/>\n<meta name=\"author\" content=\"LauHaie\" \/>\n<meta name=\"twitter:card\" content=\"summary_large_image\" \/>\n<meta name=\"twitter:label1\" content=\"Written by\" \/>\n\t<meta name=\"twitter:data1\" content=\"LauHaie\" \/>\n<script type=\"application\/ld+json\" class=\"yoast-schema-graph\">{\"@context\":\"https:\\\/\\\/schema.org\",\"@graph\":[{\"@type\":\"Article\",\"@id\":\"https:\\\/\\\/www.cote-mas.fr\\\/en\\\/jazz-party-at-cote-mas-wednesday-25-july\\\/#article\",\"isPartOf\":{\"@id\":\"https:\\\/\\\/www.cote-mas.fr\\\/en\\\/jazz-party-at-cote-mas-wednesday-25-july\\\/\"},\"author\":{\"name\":\"LauHaie\",\"@id\":\"https:\\\/\\\/www.cote-mas.fr\\\/#\\\/schema\\\/person\\\/89c0ee0277bea4c8ece99e8db6dd1d55\"},\"headline\":\"Jazz Party at C\u00f4t\u00e9 Mas Wednesday 25 July\",\"datePublished\":\"2018-07-23T09:16:03+00:00\",\"dateModified\":\"2018-07-23T09:18:28+00:00\",\"mainEntityOfPage\":{\"@id\":\"https:\\\/\\\/www.cote-mas.fr\\\/en\\\/jazz-party-at-cote-mas-wednesday-25-july\\\/\"},\"wordCount\":73,\"commentCount\":0,\"publisher\":{\"@id\":\"https:\\\/\\\/www.cote-mas.fr\\\/#organization\"},\"image\":{\"@id\":\"https:\\\/\\\/www.cote-mas.fr\\\/en\\\/jazz-party-at-cote-mas-wednesday-25-july\\\/#primaryimage\"},\"thumbnailUrl\":\"https:\\\/\\\/www.cote-mas.fr\\\/wp-content\\\/uploads\\\/2018\\\/07\\\/Capture-d\u2019e\u0301cran-2018-07-23-a\u0300-11.17.27.png\",\"articleSection\":[\"Live Music\",\"Video\"],\"inLanguage\":\"en-US\",\"potentialAction\":[{\"@type\":\"CommentAction\",\"name\":\"Comment\",\"target\":[\"https:\\\/\\\/www.cote-mas.fr\\\/en\\\/jazz-party-at-cote-mas-wednesday-25-july\\\/#respond\"]}]},{\"@type\":\"WebPage\",\"@id\":\"https:\\\/\\\/www.cote-mas.fr\\\/en\\\/jazz-party-at-cote-mas-wednesday-25-july\\\/\",\"url\":\"https:\\\/\\\/www.cote-mas.fr\\\/en\\\/jazz-party-at-cote-mas-wednesday-25-july\\\/\",\"name\":\"Jazz Party at C\u00f4t\u00e9 Mas Wednesday 25 July - C\u00f4t\u00e9 Mas\",\"isPartOf\":{\"@id\":\"https:\\\/\\\/www.cote-mas.fr\\\/#website\"},\"primaryImageOfPage\":{\"@id\":\"https:\\\/\\\/www.cote-mas.fr\\\/en\\\/jazz-party-at-cote-mas-wednesday-25-july\\\/#primaryimage\"},\"image\":{\"@id\":\"https:\\\/\\\/www.cote-mas.fr\\\/en\\\/jazz-party-at-cote-mas-wednesday-25-july\\\/#primaryimage\"},\"thumbnailUrl\":\"https:\\\/\\\/www.cote-mas.fr\\\/wp-content\\\/uploads\\\/2018\\\/07\\\/Capture-d\u2019e\u0301cran-2018-07-23-a\u0300-11.17.27.png\",\"datePublished\":\"2018-07-23T09:16:03+00:00\",\"dateModified\":\"2018-07-23T09:18:28+00:00\",\"breadcrumb\":{\"@id\":\"https:\\\/\\\/www.cote-mas.fr\\\/en\\\/jazz-party-at-cote-mas-wednesday-25-july\\\/#breadcrumb\"},\"inLanguage\":\"en-US\",\"potentialAction\":[{\"@type\":\"ReadAction\",\"target\":[\"https:\\\/\\\/www.cote-mas.fr\\\/en\\\/jazz-party-at-cote-mas-wednesday-25-july\\\/\"]}]},{\"@type\":\"ImageObject\",\"inLanguage\":\"en-US\",\"@id\":\"https:\\\/\\\/www.cote-mas.fr\\\/en\\\/jazz-party-at-cote-mas-wednesday-25-july\\\/#primaryimage\",\"url\":\"https:\\\/\\\/www.cote-mas.fr\\\/wp-content\\\/uploads\\\/2018\\\/07\\\/Capture-d\u2019e\u0301cran-2018-07-23-a\u0300-11.17.27.png\",\"contentUrl\":\"https:\\\/\\\/www.cote-mas.fr\\\/wp-content\\\/uploads\\\/2018\\\/07\\\/Capture-d\u2019e\u0301cran-2018-07-23-a\u0300-11.17.27.png\",\"width\":814,\"height\":525},{\"@type\":\"BreadcrumbList\",\"@id\":\"https:\\\/\\\/www.cote-mas.fr\\\/en\\\/jazz-party-at-cote-mas-wednesday-25-july\\\/#breadcrumb\",\"itemListElement\":[{\"@type\":\"ListItem\",\"position\":1,\"name\":\"Accueil\",\"item\":\"https:\\\/\\\/www.cote-mas.fr\\\/en\\\/\"},{\"@type\":\"ListItem\",\"position\":2,\"name\":\"Jazz Party at C\u00f4t\u00e9 Mas Wednesday 25 July\"}]},{\"@type\":\"WebSite\",\"@id\":\"https:\\\/\\\/www.cote-mas.fr\\\/#website\",\"url\":\"https:\\\/\\\/www.cote-mas.fr\\\/\",\"name\":\"C\u00f4t\u00e9 Mas\",\"description\":\"Le restaurant des Domaines Paul Mas \u00e0 Montagnac en Languedoc\",\"publisher\":{\"@id\":\"https:\\\/\\\/www.cote-mas.fr\\\/#organization\"},\"potentialAction\":[{\"@type\":\"SearchAction\",\"target\":{\"@type\":\"EntryPoint\",\"urlTemplate\":\"https:\\\/\\\/www.cote-mas.fr\\\/?s={search_term_string}\"},\"query-input\":{\"@type\":\"PropertyValueSpecification\",\"valueRequired\":true,\"valueName\":\"search_term_string\"}}],\"inLanguage\":\"en-US\"},{\"@type\":\"Organization\",\"@id\":\"https:\\\/\\\/www.cote-mas.fr\\\/#organization\",\"name\":\"C\u00f4t\u00e9 Mas\",\"url\":\"https:\\\/\\\/www.cote-mas.fr\\\/\",\"logo\":{\"@type\":\"ImageObject\",\"inLanguage\":\"en-US\",\"@id\":\"https:\\\/\\\/www.cote-mas.fr\\\/#\\\/schema\\\/logo\\\/image\\\/\",\"url\":\"https:\\\/\\\/www.cote-mas.fr\\\/wp-content\\\/uploads\\\/2021\\\/07\\\/Logo-cote-mas-seul-copie-2.png\",\"contentUrl\":\"https:\\\/\\\/www.cote-mas.fr\\\/wp-content\\\/uploads\\\/2021\\\/07\\\/Logo-cote-mas-seul-copie-2.png\",\"width\":487,\"height\":114,\"caption\":\"C\u00f4t\u00e9 Mas\"},\"image\":{\"@id\":\"https:\\\/\\\/www.cote-mas.fr\\\/#\\\/schema\\\/logo\\\/image\\\/\"},\"sameAs\":[\"https:\\\/\\\/www.facebook.com\\\/Cote.Mas\",\"https:\\\/\\\/www.instagram.com\\\/cotemas\\\/\"]},{\"@type\":\"Person\",\"@id\":\"https:\\\/\\\/www.cote-mas.fr\\\/#\\\/schema\\\/person\\\/89c0ee0277bea4c8ece99e8db6dd1d55\",\"name\":\"LauHaie\",\"image\":{\"@type\":\"ImageObject\",\"inLanguage\":\"en-US\",\"@id\":\"https:\\\/\\\/secure.gravatar.com\\\/avatar\\\/e9de6e7d2123adfdbe747785cb7c76b45ccd925166b956315966d0bf4a7aab41?s=96&d=mm&r=g\",\"url\":\"https:\\\/\\\/secure.gravatar.com\\\/avatar\\\/e9de6e7d2123adfdbe747785cb7c76b45ccd925166b956315966d0bf4a7aab41?s=96&d=mm&r=g\",\"contentUrl\":\"https:\\\/\\\/secure.gravatar.com\\\/avatar\\\/e9de6e7d2123adfdbe747785cb7c76b45ccd925166b956315966d0bf4a7aab41?s=96&d=mm&r=g\",\"caption\":\"LauHaie\"},\"url\":\"https:\\\/\\\/www.cote-mas.fr\\\/en\\\/author\\\/lauhaie\\\/\"}]}<\/script>\n<!-- \/ Yoast SEO plugin. -->","yoast_head_json":{"title":"Jazz Party at C\u00f4t\u00e9 Mas Wednesday 25 July - C\u00f4t\u00e9 Mas","robots":{"index":"index","follow":"follow","max-snippet":"max-snippet:-1","max-image-preview":"max-image-preview:large","max-video-preview":"max-video-preview:-1"},"canonical":"https:\/\/www.cote-mas.fr\/en\/jazz-party-at-cote-mas-wednesday-25-july\/","og_locale":"en_US","og_type":"article","og_title":"Jazz Party at C\u00f4t\u00e9 Mas Wednesday 25 July - C\u00f4t\u00e9 Mas","og_description":"On the terrace amidst the vineyards, to the rhythm of a summer evening, let yourself be carried away by the Jazz sound of the group Soleil Nomade. The delicacy of the dishes of our Chef Alexandre Fontaine in union with the wines of Domaines Paul Mas, is the awakening of the 5 senses. Single menu [&hellip;]","og_url":"https:\/\/www.cote-mas.fr\/en\/jazz-party-at-cote-mas-wednesday-25-july\/","og_site_name":"C\u00f4t\u00e9 Mas","article_publisher":"https:\/\/www.facebook.com\/Cote.Mas","article_published_time":"2018-07-23T09:16:03+00:00","article_modified_time":"2018-07-23T09:18:28+00:00","og_image":[{"width":814,"height":525,"url":"https:\/\/www.cote-mas.fr\/wp-content\/uploads\/2018\/07\/Capture-d\u2019e\u0301cran-2018-07-23-a\u0300-11.17.27.png","type":"image\/png"}],"author":"LauHaie","twitter_card":"summary_large_image","twitter_misc":{"Written by":"LauHaie"},"schema":{"@context":"https:\/\/schema.org","@graph":[{"@type":"Article","@id":"https:\/\/www.cote-mas.fr\/en\/jazz-party-at-cote-mas-wednesday-25-july\/#article","isPartOf":{"@id":"https:\/\/www.cote-mas.fr\/en\/jazz-party-at-cote-mas-wednesday-25-july\/"},"author":{"name":"LauHaie","@id":"https:\/\/www.cote-mas.fr\/#\/schema\/person\/89c0ee0277bea4c8ece99e8db6dd1d55"},"headline":"Jazz Party at C\u00f4t\u00e9 Mas Wednesday 25 July","datePublished":"2018-07-23T09:16:03+00:00","dateModified":"2018-07-23T09:18:28+00:00","mainEntityOfPage":{"@id":"https:\/\/www.cote-mas.fr\/en\/jazz-party-at-cote-mas-wednesday-25-july\/"},"wordCount":73,"commentCount":0,"publisher":{"@id":"https:\/\/www.cote-mas.fr\/#organization"},"image":{"@id":"https:\/\/www.cote-mas.fr\/en\/jazz-party-at-cote-mas-wednesday-25-july\/#primaryimage"},"thumbnailUrl":"https:\/\/www.cote-mas.fr\/wp-content\/uploads\/2018\/07\/Capture-d\u2019e\u0301cran-2018-07-23-a\u0300-11.17.27.png","articleSection":["Live Music","Video"],"inLanguage":"en-US","potentialAction":[{"@type":"CommentAction","name":"Comment","target":["https:\/\/www.cote-mas.fr\/en\/jazz-party-at-cote-mas-wednesday-25-july\/#respond"]}]},{"@type":"WebPage","@id":"https:\/\/www.cote-mas.fr\/en\/jazz-party-at-cote-mas-wednesday-25-july\/","url":"https:\/\/www.cote-mas.fr\/en\/jazz-party-at-cote-mas-wednesday-25-july\/","name":"Jazz Party at C\u00f4t\u00e9 Mas Wednesday 25 July - C\u00f4t\u00e9 Mas","isPartOf":{"@id":"https:\/\/www.cote-mas.fr\/#website"},"primaryImageOfPage":{"@id":"https:\/\/www.cote-mas.fr\/en\/jazz-party-at-cote-mas-wednesday-25-july\/#primaryimage"},"image":{"@id":"https:\/\/www.cote-mas.fr\/en\/jazz-party-at-cote-mas-wednesday-25-july\/#primaryimage"},"thumbnailUrl":"https:\/\/www.cote-mas.fr\/wp-content\/uploads\/2018\/07\/Capture-d\u2019e\u0301cran-2018-07-23-a\u0300-11.17.27.png","datePublished":"2018-07-23T09:16:03+00:00","dateModified":"2018-07-23T09:18:28+00:00","breadcrumb":{"@id":"https:\/\/www.cote-mas.fr\/en\/jazz-party-at-cote-mas-wednesday-25-july\/#breadcrumb"},"inLanguage":"en-US","potentialAction":[{"@type":"ReadAction","target":["https:\/\/www.cote-mas.fr\/en\/jazz-party-at-cote-mas-wednesday-25-july\/"]}]},{"@type":"ImageObject","inLanguage":"en-US","@id":"https:\/\/www.cote-mas.fr\/en\/jazz-party-at-cote-mas-wednesday-25-july\/#primaryimage","url":"https:\/\/www.cote-mas.fr\/wp-content\/uploads\/2018\/07\/Capture-d\u2019e\u0301cran-2018-07-23-a\u0300-11.17.27.png","contentUrl":"https:\/\/www.cote-mas.fr\/wp-content\/uploads\/2018\/07\/Capture-d\u2019e\u0301cran-2018-07-23-a\u0300-11.17.27.png","width":814,"height":525},{"@type":"BreadcrumbList","@id":"https:\/\/www.cote-mas.fr\/en\/jazz-party-at-cote-mas-wednesday-25-july\/#breadcrumb","itemListElement":[{"@type":"ListItem","position":1,"name":"Accueil","item":"https:\/\/www.cote-mas.fr\/en\/"},{"@type":"ListItem","position":2,"name":"Jazz Party at C\u00f4t\u00e9 Mas Wednesday 25 July"}]},{"@type":"WebSite","@id":"https:\/\/www.cote-mas.fr\/#website","url":"https:\/\/www.cote-mas.fr\/","name":"C\u00f4t\u00e9 Mas","description":"Le restaurant des Domaines Paul Mas \u00e0 Montagnac en Languedoc","publisher":{"@id":"https:\/\/www.cote-mas.fr\/#organization"},"potentialAction":[{"@type":"SearchAction","target":{"@type":"EntryPoint","urlTemplate":"https:\/\/www.cote-mas.fr\/?s={search_term_string}"},"query-input":{"@type":"PropertyValueSpecification","valueRequired":true,"valueName":"search_term_string"}}],"inLanguage":"en-US"},{"@type":"Organization","@id":"https:\/\/www.cote-mas.fr\/#organization","name":"C\u00f4t\u00e9 Mas","url":"https:\/\/www.cote-mas.fr\/","logo":{"@type":"ImageObject","inLanguage":"en-US","@id":"https:\/\/www.cote-mas.fr\/#\/schema\/logo\/image\/","url":"https:\/\/www.cote-mas.fr\/wp-content\/uploads\/2021\/07\/Logo-cote-mas-seul-copie-2.png","contentUrl":"https:\/\/www.cote-mas.fr\/wp-content\/uploads\/2021\/07\/Logo-cote-mas-seul-copie-2.png","width":487,"height":114,"caption":"C\u00f4t\u00e9 Mas"},"image":{"@id":"https:\/\/www.cote-mas.fr\/#\/schema\/logo\/image\/"},"sameAs":["https:\/\/www.facebook.com\/Cote.Mas","https:\/\/www.instagram.com\/cotemas\/"]},{"@type":"Person","@id":"https:\/\/www.cote-mas.fr\/#\/schema\/person\/89c0ee0277bea4c8ece99e8db6dd1d55","name":"LauHaie","image":{"@type":"ImageObject","inLanguage":"en-US","@id":"https:\/\/secure.gravatar.com\/avatar\/e9de6e7d2123adfdbe747785cb7c76b45ccd925166b956315966d0bf4a7aab41?s=96&d=mm&r=g","url":"https:\/\/secure.gravatar.com\/avatar\/e9de6e7d2123adfdbe747785cb7c76b45ccd925166b956315966d0bf4a7aab41?s=96&d=mm&r=g","contentUrl":"https:\/\/secure.gravatar.com\/avatar\/e9de6e7d2123adfdbe747785cb7c76b45ccd925166b956315966d0bf4a7aab41?s=96&d=mm&r=g","caption":"LauHaie"},"url":"https:\/\/www.cote-mas.fr\/en\/author\/lauhaie\/"}]}},"_links":{"self":[{"href":"https:\/\/www.cote-mas.fr\/en\/wp-json\/wp\/v2\/posts\/2533","targetHints":{"allow":["GET"]}}],"collection":[{"href":"https:\/\/www.cote-mas.fr\/en\/wp-json\/wp\/v2\/posts"}],"about":[{"href":"https:\/\/www.cote-mas.fr\/en\/wp-json\/wp\/v2\/types\/post"}],"author":[{"embeddable":true,"href":"https:\/\/www.cote-mas.fr\/en\/wp-json\/wp\/v2\/users\/4"}],"replies":[{"embeddable":true,"href":"https:\/\/www.cote-mas.fr\/en\/wp-json\/wp\/v2\/comments?post=2533"}],"version-history":[{"count":1,"href":"https:\/\/www.cote-mas.fr\/en\/wp-json\/wp\/v2\/posts\/2533\/revisions"}],"predecessor-version":[{"id":2534,"href":"https:\/\/www.cote-mas.fr\/en\/wp-json\/wp\/v2\/posts\/2533\/revisions\/2534"}],"wp:featuredmedia":[{"embeddable":true,"href":"https:\/\/www.cote-mas.fr\/en\/wp-json\/wp\/v2\/media\/2539"}],"wp:attachment":[{"href":"https:\/\/www.cote-mas.fr\/en\/wp-json\/wp\/v2\/media?parent=2533"}],"wp:term":[{"taxonomy":"category","embeddable":true,"href":"https:\/\/www.cote-mas.fr\/en\/wp-json\/wp\/v2\/categories?post=2533"},{"taxonomy":"post_tag","embeddable":true,"href":"https:\/\/www.cote-mas.fr\/en\/wp-json\/wp\/v2\/tags?post=2533"}],"curies":[{"name":"wp","href":"https:\/\/api.w.org\/{rel}","templated":true}]}}