{"id":2501,"date":"2018-06-01T11:05:39","date_gmt":"2018-06-01T10:05:39","guid":{"rendered":"https:\/\/www.cote-mas.fr\/?p=2501"},"modified":"2018-06-01T11:32:15","modified_gmt":"2018-06-01T10:32:15","slug":"soiree-accords-mets-vins-au-bar-a-vins-14-juin-a-19h30","status":"publish","type":"post","link":"https:\/\/www.cote-mas.fr\/en\/soiree-accords-mets-vins-au-bar-a-vins-14-juin-a-19h30\/","title":{"rendered":"Soir\u00e9e Accords Mets &#038; Vins au Bar \u00e0 Vins 14 Juin \u00e0 19h30"},"content":{"rendered":"<p>Kim vous propose une soir\u00e9e sp\u00e9ciale <strong>Accords Mets &amp; Vins<\/strong> au Bar \u00e0 Vins le Jeudi 14 Juin \u00e0 19h30.<\/p>\n<p>Sur chacun des plats pr\u00e9par\u00e9s par le Chef, Kim vous fera d\u00e9guster une s\u00e9lection de 6 vins des Domaines Paul Mas de la mise en bouche au dessert. Au menu de la soir\u00e9e :<\/p>\n<ul>\n<li>Chou \u00e0 la rillette de thon<\/li>\n<li>Espuma d&#8217;Asperge<\/li>\n<li>Gravelax de saumon<\/li>\n<li>Artichaut Chorizo Bellota<\/li>\n<li>Comt\u00e9<\/li>\n<li>Mousse au chocolat ou Fraisier<\/li>\n<\/ul>\n<p>Pour les vins, ce sera la surprise sachant qu&#8217;il y aura un cr\u00e9mant pour la mise en bouche et cet excellent Sauvignon Astelia.<\/p>\n<p><strong>Soir\u00e9e sur r\u00e9servation aupr\u00e8s de Kim au 04 67 24 36 10 &#8211; 40\u20ac\/personne<\/strong><\/p>\n<p>&nbsp;<\/p>\n","protected":false},"excerpt":{"rendered":"<p>Kim vous propose une soir\u00e9e sp\u00e9ciale Accords Mets &amp; Vins au Bar \u00e0 Vins le Jeudi 14 Juin \u00e0 19h30. Sur chacun des plats pr\u00e9par\u00e9s par le Chef, Kim vous fera d\u00e9guster une s\u00e9lection de 6 vins des Domaines Paul Mas de la mise en bouche au dessert. Au menu de la soir\u00e9e : Chou [&hellip;]<\/p>\n","protected":false},"author":4,"featured_media":2502,"comment_status":"open","ping_status":"open","sticky":false,"template":"","format":"standard","meta":{"_et_pb_use_builder":"","_et_pb_old_content":"","_et_gb_content_width":"","footnotes":""},"categories":[9,34],"tags":[],"class_list":["post-2501","post","type-post","status-publish","format-standard","has-post-thumbnail","hentry","category-atelier-vin","category-bar-a-vin"],"yoast_head":"<!-- This site is optimized with the Yoast SEO plugin v27.4 - https:\/\/yoast.com\/product\/yoast-seo-wordpress\/ -->\n<title>Soir\u00e9e Accords Mets &amp; Vins au Bar \u00e0 Vins 14 Juin \u00e0 19h30 - C\u00f4t\u00e9 Mas<\/title>\n<meta name=\"robots\" content=\"index, follow, max-snippet:-1, max-image-preview:large, max-video-preview:-1\" \/>\n<link rel=\"canonical\" href=\"https:\/\/www.cote-mas.fr\/soiree-accords-mets-vins-au-bar-a-vins-14-juin-a-19h30\/\" \/>\n<meta property=\"og:locale\" content=\"en_US\" \/>\n<meta property=\"og:type\" content=\"article\" \/>\n<meta property=\"og:title\" content=\"Soir\u00e9e Accords Mets &amp; Vins au Bar \u00e0 Vins 14 Juin \u00e0 19h30 - C\u00f4t\u00e9 Mas\" \/>\n<meta property=\"og:description\" content=\"Kim vous propose une soir\u00e9e sp\u00e9ciale Accords Mets &amp; Vins au Bar \u00e0 Vins le Jeudi 14 Juin \u00e0 19h30. Sur chacun des plats pr\u00e9par\u00e9s par le Chef, Kim vous fera d\u00e9guster une s\u00e9lection de 6 vins des Domaines Paul Mas de la mise en bouche au dessert. Au menu de la soir\u00e9e : Chou [&hellip;]\" \/>\n<meta property=\"og:url\" content=\"https:\/\/www.cote-mas.fr\/soiree-accords-mets-vins-au-bar-a-vins-14-juin-a-19h30\/\" \/>\n<meta property=\"og:site_name\" content=\"C\u00f4t\u00e9 Mas\" \/>\n<meta property=\"article:publisher\" content=\"https:\/\/www.facebook.com\/Cote.Mas\" \/>\n<meta property=\"article:published_time\" content=\"2018-06-01T10:05:39+00:00\" \/>\n<meta property=\"article:modified_time\" content=\"2018-06-01T10:32:15+00:00\" \/>\n<meta property=\"og:image\" content=\"https:\/\/www.cote-mas.fr\/wp-content\/uploads\/2018\/06\/soiree-accords.jpg\" \/>\n\t<meta property=\"og:image:width\" content=\"800\" \/>\n\t<meta property=\"og:image:height\" content=\"533\" \/>\n\t<meta property=\"og:image:type\" content=\"image\/jpeg\" \/>\n<meta name=\"author\" content=\"LauHaie\" \/>\n<meta name=\"twitter:card\" content=\"summary_large_image\" \/>\n<meta name=\"twitter:label1\" content=\"Written by\" \/>\n\t<meta name=\"twitter:data1\" content=\"LauHaie\" \/>\n\t<meta name=\"twitter:label2\" content=\"Est. reading time\" \/>\n\t<meta name=\"twitter:data2\" content=\"1 minute\" \/>\n<script type=\"application\/ld+json\" class=\"yoast-schema-graph\">{\"@context\":\"https:\\\/\\\/schema.org\",\"@graph\":[{\"@type\":\"Article\",\"@id\":\"https:\\\/\\\/www.cote-mas.fr\\\/soiree-accords-mets-vins-au-bar-a-vins-14-juin-a-19h30\\\/#article\",\"isPartOf\":{\"@id\":\"https:\\\/\\\/www.cote-mas.fr\\\/soiree-accords-mets-vins-au-bar-a-vins-14-juin-a-19h30\\\/\"},\"author\":{\"name\":\"LauHaie\",\"@id\":\"https:\\\/\\\/www.cote-mas.fr\\\/#\\\/schema\\\/person\\\/89c0ee0277bea4c8ece99e8db6dd1d55\"},\"headline\":\"Soir\u00e9e Accords Mets &#038; Vins au Bar \u00e0 Vins 14 Juin \u00e0 19h30\",\"datePublished\":\"2018-06-01T10:05:39+00:00\",\"dateModified\":\"2018-06-01T10:32:15+00:00\",\"mainEntityOfPage\":{\"@id\":\"https:\\\/\\\/www.cote-mas.fr\\\/soiree-accords-mets-vins-au-bar-a-vins-14-juin-a-19h30\\\/\"},\"wordCount\":124,\"commentCount\":0,\"publisher\":{\"@id\":\"https:\\\/\\\/www.cote-mas.fr\\\/#organization\"},\"image\":{\"@id\":\"https:\\\/\\\/www.cote-mas.fr\\\/soiree-accords-mets-vins-au-bar-a-vins-14-juin-a-19h30\\\/#primaryimage\"},\"thumbnailUrl\":\"https:\\\/\\\/www.cote-mas.fr\\\/wp-content\\\/uploads\\\/2018\\\/06\\\/soiree-accords.jpg\",\"articleSection\":[\"Atelier vin\",\"Bar \u00e0 Vin\"],\"inLanguage\":\"en-US\",\"potentialAction\":[{\"@type\":\"CommentAction\",\"name\":\"Comment\",\"target\":[\"https:\\\/\\\/www.cote-mas.fr\\\/soiree-accords-mets-vins-au-bar-a-vins-14-juin-a-19h30\\\/#respond\"]}]},{\"@type\":\"WebPage\",\"@id\":\"https:\\\/\\\/www.cote-mas.fr\\\/soiree-accords-mets-vins-au-bar-a-vins-14-juin-a-19h30\\\/\",\"url\":\"https:\\\/\\\/www.cote-mas.fr\\\/soiree-accords-mets-vins-au-bar-a-vins-14-juin-a-19h30\\\/\",\"name\":\"Soir\u00e9e Accords Mets & Vins au Bar \u00e0 Vins 14 Juin \u00e0 19h30 - C\u00f4t\u00e9 Mas\",\"isPartOf\":{\"@id\":\"https:\\\/\\\/www.cote-mas.fr\\\/#website\"},\"primaryImageOfPage\":{\"@id\":\"https:\\\/\\\/www.cote-mas.fr\\\/soiree-accords-mets-vins-au-bar-a-vins-14-juin-a-19h30\\\/#primaryimage\"},\"image\":{\"@id\":\"https:\\\/\\\/www.cote-mas.fr\\\/soiree-accords-mets-vins-au-bar-a-vins-14-juin-a-19h30\\\/#primaryimage\"},\"thumbnailUrl\":\"https:\\\/\\\/www.cote-mas.fr\\\/wp-content\\\/uploads\\\/2018\\\/06\\\/soiree-accords.jpg\",\"datePublished\":\"2018-06-01T10:05:39+00:00\",\"dateModified\":\"2018-06-01T10:32:15+00:00\",\"breadcrumb\":{\"@id\":\"https:\\\/\\\/www.cote-mas.fr\\\/soiree-accords-mets-vins-au-bar-a-vins-14-juin-a-19h30\\\/#breadcrumb\"},\"inLanguage\":\"en-US\",\"potentialAction\":[{\"@type\":\"ReadAction\",\"target\":[\"https:\\\/\\\/www.cote-mas.fr\\\/soiree-accords-mets-vins-au-bar-a-vins-14-juin-a-19h30\\\/\"]}]},{\"@type\":\"ImageObject\",\"inLanguage\":\"en-US\",\"@id\":\"https:\\\/\\\/www.cote-mas.fr\\\/soiree-accords-mets-vins-au-bar-a-vins-14-juin-a-19h30\\\/#primaryimage\",\"url\":\"https:\\\/\\\/www.cote-mas.fr\\\/wp-content\\\/uploads\\\/2018\\\/06\\\/soiree-accords.jpg\",\"contentUrl\":\"https:\\\/\\\/www.cote-mas.fr\\\/wp-content\\\/uploads\\\/2018\\\/06\\\/soiree-accords.jpg\",\"width\":800,\"height\":533},{\"@type\":\"BreadcrumbList\",\"@id\":\"https:\\\/\\\/www.cote-mas.fr\\\/soiree-accords-mets-vins-au-bar-a-vins-14-juin-a-19h30\\\/#breadcrumb\",\"itemListElement\":[{\"@type\":\"ListItem\",\"position\":1,\"name\":\"Accueil\",\"item\":\"https:\\\/\\\/www.cote-mas.fr\\\/en\\\/\"},{\"@type\":\"ListItem\",\"position\":2,\"name\":\"Soir\u00e9e Accords Mets &#038; Vins au Bar \u00e0 Vins 14 Juin \u00e0 19h30\"}]},{\"@type\":\"WebSite\",\"@id\":\"https:\\\/\\\/www.cote-mas.fr\\\/#website\",\"url\":\"https:\\\/\\\/www.cote-mas.fr\\\/\",\"name\":\"C\u00f4t\u00e9 Mas\",\"description\":\"Le restaurant des Domaines Paul Mas \u00e0 Montagnac en Languedoc\",\"publisher\":{\"@id\":\"https:\\\/\\\/www.cote-mas.fr\\\/#organization\"},\"potentialAction\":[{\"@type\":\"SearchAction\",\"target\":{\"@type\":\"EntryPoint\",\"urlTemplate\":\"https:\\\/\\\/www.cote-mas.fr\\\/?s={search_term_string}\"},\"query-input\":{\"@type\":\"PropertyValueSpecification\",\"valueRequired\":true,\"valueName\":\"search_term_string\"}}],\"inLanguage\":\"en-US\"},{\"@type\":\"Organization\",\"@id\":\"https:\\\/\\\/www.cote-mas.fr\\\/#organization\",\"name\":\"C\u00f4t\u00e9 Mas\",\"url\":\"https:\\\/\\\/www.cote-mas.fr\\\/\",\"logo\":{\"@type\":\"ImageObject\",\"inLanguage\":\"en-US\",\"@id\":\"https:\\\/\\\/www.cote-mas.fr\\\/#\\\/schema\\\/logo\\\/image\\\/\",\"url\":\"https:\\\/\\\/www.cote-mas.fr\\\/wp-content\\\/uploads\\\/2021\\\/07\\\/Logo-cote-mas-seul-copie-2.png\",\"contentUrl\":\"https:\\\/\\\/www.cote-mas.fr\\\/wp-content\\\/uploads\\\/2021\\\/07\\\/Logo-cote-mas-seul-copie-2.png\",\"width\":487,\"height\":114,\"caption\":\"C\u00f4t\u00e9 Mas\"},\"image\":{\"@id\":\"https:\\\/\\\/www.cote-mas.fr\\\/#\\\/schema\\\/logo\\\/image\\\/\"},\"sameAs\":[\"https:\\\/\\\/www.facebook.com\\\/Cote.Mas\",\"https:\\\/\\\/www.instagram.com\\\/cotemas\\\/\"]},{\"@type\":\"Person\",\"@id\":\"https:\\\/\\\/www.cote-mas.fr\\\/#\\\/schema\\\/person\\\/89c0ee0277bea4c8ece99e8db6dd1d55\",\"name\":\"LauHaie\",\"image\":{\"@type\":\"ImageObject\",\"inLanguage\":\"en-US\",\"@id\":\"https:\\\/\\\/secure.gravatar.com\\\/avatar\\\/e9de6e7d2123adfdbe747785cb7c76b45ccd925166b956315966d0bf4a7aab41?s=96&d=mm&r=g\",\"url\":\"https:\\\/\\\/secure.gravatar.com\\\/avatar\\\/e9de6e7d2123adfdbe747785cb7c76b45ccd925166b956315966d0bf4a7aab41?s=96&d=mm&r=g\",\"contentUrl\":\"https:\\\/\\\/secure.gravatar.com\\\/avatar\\\/e9de6e7d2123adfdbe747785cb7c76b45ccd925166b956315966d0bf4a7aab41?s=96&d=mm&r=g\",\"caption\":\"LauHaie\"},\"url\":\"https:\\\/\\\/www.cote-mas.fr\\\/en\\\/author\\\/lauhaie\\\/\"}]}<\/script>\n<!-- \/ Yoast SEO plugin. -->","yoast_head_json":{"title":"Soir\u00e9e Accords Mets & Vins au Bar \u00e0 Vins 14 Juin \u00e0 19h30 - C\u00f4t\u00e9 Mas","robots":{"index":"index","follow":"follow","max-snippet":"max-snippet:-1","max-image-preview":"max-image-preview:large","max-video-preview":"max-video-preview:-1"},"canonical":"https:\/\/www.cote-mas.fr\/soiree-accords-mets-vins-au-bar-a-vins-14-juin-a-19h30\/","og_locale":"en_US","og_type":"article","og_title":"Soir\u00e9e Accords Mets & Vins au Bar \u00e0 Vins 14 Juin \u00e0 19h30 - C\u00f4t\u00e9 Mas","og_description":"Kim vous propose une soir\u00e9e sp\u00e9ciale Accords Mets &amp; Vins au Bar \u00e0 Vins le Jeudi 14 Juin \u00e0 19h30. Sur chacun des plats pr\u00e9par\u00e9s par le Chef, Kim vous fera d\u00e9guster une s\u00e9lection de 6 vins des Domaines Paul Mas de la mise en bouche au dessert. Au menu de la soir\u00e9e : Chou [&hellip;]","og_url":"https:\/\/www.cote-mas.fr\/soiree-accords-mets-vins-au-bar-a-vins-14-juin-a-19h30\/","og_site_name":"C\u00f4t\u00e9 Mas","article_publisher":"https:\/\/www.facebook.com\/Cote.Mas","article_published_time":"2018-06-01T10:05:39+00:00","article_modified_time":"2018-06-01T10:32:15+00:00","og_image":[{"width":800,"height":533,"url":"https:\/\/www.cote-mas.fr\/wp-content\/uploads\/2018\/06\/soiree-accords.jpg","type":"image\/jpeg"}],"author":"LauHaie","twitter_card":"summary_large_image","twitter_misc":{"Written by":"LauHaie","Est. reading time":"1 minute"},"schema":{"@context":"https:\/\/schema.org","@graph":[{"@type":"Article","@id":"https:\/\/www.cote-mas.fr\/soiree-accords-mets-vins-au-bar-a-vins-14-juin-a-19h30\/#article","isPartOf":{"@id":"https:\/\/www.cote-mas.fr\/soiree-accords-mets-vins-au-bar-a-vins-14-juin-a-19h30\/"},"author":{"name":"LauHaie","@id":"https:\/\/www.cote-mas.fr\/#\/schema\/person\/89c0ee0277bea4c8ece99e8db6dd1d55"},"headline":"Soir\u00e9e Accords Mets &#038; Vins au Bar \u00e0 Vins 14 Juin \u00e0 19h30","datePublished":"2018-06-01T10:05:39+00:00","dateModified":"2018-06-01T10:32:15+00:00","mainEntityOfPage":{"@id":"https:\/\/www.cote-mas.fr\/soiree-accords-mets-vins-au-bar-a-vins-14-juin-a-19h30\/"},"wordCount":124,"commentCount":0,"publisher":{"@id":"https:\/\/www.cote-mas.fr\/#organization"},"image":{"@id":"https:\/\/www.cote-mas.fr\/soiree-accords-mets-vins-au-bar-a-vins-14-juin-a-19h30\/#primaryimage"},"thumbnailUrl":"https:\/\/www.cote-mas.fr\/wp-content\/uploads\/2018\/06\/soiree-accords.jpg","articleSection":["Atelier vin","Bar \u00e0 Vin"],"inLanguage":"en-US","potentialAction":[{"@type":"CommentAction","name":"Comment","target":["https:\/\/www.cote-mas.fr\/soiree-accords-mets-vins-au-bar-a-vins-14-juin-a-19h30\/#respond"]}]},{"@type":"WebPage","@id":"https:\/\/www.cote-mas.fr\/soiree-accords-mets-vins-au-bar-a-vins-14-juin-a-19h30\/","url":"https:\/\/www.cote-mas.fr\/soiree-accords-mets-vins-au-bar-a-vins-14-juin-a-19h30\/","name":"Soir\u00e9e Accords Mets & Vins au Bar \u00e0 Vins 14 Juin \u00e0 19h30 - C\u00f4t\u00e9 Mas","isPartOf":{"@id":"https:\/\/www.cote-mas.fr\/#website"},"primaryImageOfPage":{"@id":"https:\/\/www.cote-mas.fr\/soiree-accords-mets-vins-au-bar-a-vins-14-juin-a-19h30\/#primaryimage"},"image":{"@id":"https:\/\/www.cote-mas.fr\/soiree-accords-mets-vins-au-bar-a-vins-14-juin-a-19h30\/#primaryimage"},"thumbnailUrl":"https:\/\/www.cote-mas.fr\/wp-content\/uploads\/2018\/06\/soiree-accords.jpg","datePublished":"2018-06-01T10:05:39+00:00","dateModified":"2018-06-01T10:32:15+00:00","breadcrumb":{"@id":"https:\/\/www.cote-mas.fr\/soiree-accords-mets-vins-au-bar-a-vins-14-juin-a-19h30\/#breadcrumb"},"inLanguage":"en-US","potentialAction":[{"@type":"ReadAction","target":["https:\/\/www.cote-mas.fr\/soiree-accords-mets-vins-au-bar-a-vins-14-juin-a-19h30\/"]}]},{"@type":"ImageObject","inLanguage":"en-US","@id":"https:\/\/www.cote-mas.fr\/soiree-accords-mets-vins-au-bar-a-vins-14-juin-a-19h30\/#primaryimage","url":"https:\/\/www.cote-mas.fr\/wp-content\/uploads\/2018\/06\/soiree-accords.jpg","contentUrl":"https:\/\/www.cote-mas.fr\/wp-content\/uploads\/2018\/06\/soiree-accords.jpg","width":800,"height":533},{"@type":"BreadcrumbList","@id":"https:\/\/www.cote-mas.fr\/soiree-accords-mets-vins-au-bar-a-vins-14-juin-a-19h30\/#breadcrumb","itemListElement":[{"@type":"ListItem","position":1,"name":"Accueil","item":"https:\/\/www.cote-mas.fr\/en\/"},{"@type":"ListItem","position":2,"name":"Soir\u00e9e Accords Mets &#038; Vins au Bar \u00e0 Vins 14 Juin \u00e0 19h30"}]},{"@type":"WebSite","@id":"https:\/\/www.cote-mas.fr\/#website","url":"https:\/\/www.cote-mas.fr\/","name":"C\u00f4t\u00e9 Mas","description":"Le restaurant des Domaines Paul Mas \u00e0 Montagnac en Languedoc","publisher":{"@id":"https:\/\/www.cote-mas.fr\/#organization"},"potentialAction":[{"@type":"SearchAction","target":{"@type":"EntryPoint","urlTemplate":"https:\/\/www.cote-mas.fr\/?s={search_term_string}"},"query-input":{"@type":"PropertyValueSpecification","valueRequired":true,"valueName":"search_term_string"}}],"inLanguage":"en-US"},{"@type":"Organization","@id":"https:\/\/www.cote-mas.fr\/#organization","name":"C\u00f4t\u00e9 Mas","url":"https:\/\/www.cote-mas.fr\/","logo":{"@type":"ImageObject","inLanguage":"en-US","@id":"https:\/\/www.cote-mas.fr\/#\/schema\/logo\/image\/","url":"https:\/\/www.cote-mas.fr\/wp-content\/uploads\/2021\/07\/Logo-cote-mas-seul-copie-2.png","contentUrl":"https:\/\/www.cote-mas.fr\/wp-content\/uploads\/2021\/07\/Logo-cote-mas-seul-copie-2.png","width":487,"height":114,"caption":"C\u00f4t\u00e9 Mas"},"image":{"@id":"https:\/\/www.cote-mas.fr\/#\/schema\/logo\/image\/"},"sameAs":["https:\/\/www.facebook.com\/Cote.Mas","https:\/\/www.instagram.com\/cotemas\/"]},{"@type":"Person","@id":"https:\/\/www.cote-mas.fr\/#\/schema\/person\/89c0ee0277bea4c8ece99e8db6dd1d55","name":"LauHaie","image":{"@type":"ImageObject","inLanguage":"en-US","@id":"https:\/\/secure.gravatar.com\/avatar\/e9de6e7d2123adfdbe747785cb7c76b45ccd925166b956315966d0bf4a7aab41?s=96&d=mm&r=g","url":"https:\/\/secure.gravatar.com\/avatar\/e9de6e7d2123adfdbe747785cb7c76b45ccd925166b956315966d0bf4a7aab41?s=96&d=mm&r=g","contentUrl":"https:\/\/secure.gravatar.com\/avatar\/e9de6e7d2123adfdbe747785cb7c76b45ccd925166b956315966d0bf4a7aab41?s=96&d=mm&r=g","caption":"LauHaie"},"url":"https:\/\/www.cote-mas.fr\/en\/author\/lauhaie\/"}]}},"_links":{"self":[{"href":"https:\/\/www.cote-mas.fr\/en\/wp-json\/wp\/v2\/posts\/2501","targetHints":{"allow":["GET"]}}],"collection":[{"href":"https:\/\/www.cote-mas.fr\/en\/wp-json\/wp\/v2\/posts"}],"about":[{"href":"https:\/\/www.cote-mas.fr\/en\/wp-json\/wp\/v2\/types\/post"}],"author":[{"embeddable":true,"href":"https:\/\/www.cote-mas.fr\/en\/wp-json\/wp\/v2\/users\/4"}],"replies":[{"embeddable":true,"href":"https:\/\/www.cote-mas.fr\/en\/wp-json\/wp\/v2\/comments?post=2501"}],"version-history":[{"count":2,"href":"https:\/\/www.cote-mas.fr\/en\/wp-json\/wp\/v2\/posts\/2501\/revisions"}],"predecessor-version":[{"id":2507,"href":"https:\/\/www.cote-mas.fr\/en\/wp-json\/wp\/v2\/posts\/2501\/revisions\/2507"}],"wp:featuredmedia":[{"embeddable":true,"href":"https:\/\/www.cote-mas.fr\/en\/wp-json\/wp\/v2\/media\/2502"}],"wp:attachment":[{"href":"https:\/\/www.cote-mas.fr\/en\/wp-json\/wp\/v2\/media?parent=2501"}],"wp:term":[{"taxonomy":"category","embeddable":true,"href":"https:\/\/www.cote-mas.fr\/en\/wp-json\/wp\/v2\/categories?post=2501"},{"taxonomy":"post_tag","embeddable":true,"href":"https:\/\/www.cote-mas.fr\/en\/wp-json\/wp\/v2\/tags?post=2501"}],"curies":[{"name":"wp","href":"https:\/\/api.w.org\/{rel}","templated":true}]}}