{"id":19173,"date":"2026-03-13T11:48:28","date_gmt":"2026-03-13T10:48:28","guid":{"rendered":"https:\/\/www.cote-mas.fr\/?p=19173"},"modified":"2026-03-27T14:54:09","modified_gmt":"2026-03-27T13:54:09","slug":"offre-printemps-vin-blanc-rose","status":"publish","type":"post","link":"https:\/\/www.cote-mas.fr\/en\/offre-printemps-vin-blanc-rose\/","title":{"rendered":"Les vins des beaux jours"},"content":{"rendered":"<p>[et_pb_section fb_built=&#8221;1&#8243; custom_padding_last_edited=&#8221;on|desktop&#8221; admin_label=&#8221;section&#8221; _builder_version=&#8221;4.22.1&#8243; background_color=&#8221;RGBA(255,255,255,0)&#8221; custom_padding_tablet=&#8221;50px|0|50px|0&#8243; custom_padding_phone=&#8221;&#8221; transparent_background=&#8221;off&#8221; padding_mobile=&#8221;off&#8221; make_fullwidth=&#8221;off&#8221; use_custom_width=&#8221;off&#8221; width_unit=&#8221;on&#8221; global_colors_info=&#8221;{}&#8221;][et_pb_row _builder_version=&#8221;4.27.4&#8243; _module_preset=&#8221;default&#8221; width_tablet=&#8221;&#8221; width_phone=&#8221;95%&#8221; width_last_edited=&#8221;on|phone&#8221; custom_padding=&#8221;||0px|||&#8221; global_colors_info=&#8221;{}&#8221;][et_pb_column type=&#8221;4_4&#8243; _builder_version=&#8221;4.21.0&#8243; _module_preset=&#8221;default&#8221; global_colors_info=&#8221;{}&#8221;][et_pb_text content_tablet=&#8221;<\/p>\n<h1 style=%22text-align: center;%22><strong>Les vins des beaux jours<\/strong><\/h1>\n<h2 style=%22text-align: center;%22>Blancs, ros\u00e9s et bulles : notre s\u00e9lection pour accueillir le printemps,<\/h2>\n<h2 style=%22text-align: center;%22>avec une bouteille offerte du 13 au 26 mars.<\/h2>\n<p>&#8221; content_phone=&#8221;<\/p>\n<h1 style=%22text-align: center;%22><strong>Les vins des beaux jours<\/strong><\/h1>\n<h2 style=%22text-align: center;%22>Blancs, ros\u00e9s et bulles : notre s\u00e9lection pour accueillir le printemps,<\/h2>\n<h2 style=%22text-align: center;%22>avec une bouteille offerte du 13 au 26 mars.<\/h2>\n<p>&#8221; content_last_edited=&#8221;on|desktop&#8221; _builder_version=&#8221;4.27.5&#8243; _module_preset=&#8221;default&#8221; header_font=&#8221;|||||on|||&#8221; header_font_size=&#8221;50px&#8221; header_2_font=&#8221;||||||||&#8221; header_2_font_size=&#8221;24px&#8221; locked=&#8221;off&#8221; global_colors_info=&#8221;{}&#8221;]<\/p>\n<h1 style=\"text-align: center;\"><strong>Les vins des beaux jours<\/strong><\/h1>\n<h2 style=\"text-align: center;\">Blancs, ros\u00e9s et bulles : notre s\u00e9lection pour accueillir le printemps,<\/h2>\n<h2 style=\"text-align: center;\">avec une bouteille offerte du 13 au 26 mars 2026.<\/h2>\n<p>[\/et_pb_text][\/et_pb_column][\/et_pb_row][et_pb_row _builder_version=&#8221;4.27.4&#8243; _module_preset=&#8221;default&#8221; global_colors_info=&#8221;{}&#8221;][et_pb_column type=&#8221;4_4&#8243; _builder_version=&#8221;4.27.4&#8243; _module_preset=&#8221;default&#8221; global_colors_info=&#8221;{}&#8221;][et_pb_text _builder_version=&#8221;4.27.5&#8243; _module_preset=&#8221;default&#8221; width=&#8221;90%&#8221; module_alignment=&#8221;center&#8221; custom_padding=&#8221;20px||||false|false&#8221; border_color_all=&#8221;#C20017&#8243; border_style_all=&#8221;outset&#8221; border_width_bottom=&#8221;0px&#8221; global_colors_info=&#8221;{}&#8221;]<\/p>\n<p data-start=\"451\" data-end=\"656\" style=\"text-align: justify;\">Avec le retour du printemps, les tables \u00e9voluent naturellement vers des vins plus frais et lumineux. Blancs, ros\u00e9s et bulles trouvent alors toute leur place, aussi bien \u00e0 l\u2019ap\u00e9ritif qu\u2019au cours d\u2019un repas.<\/p>\n<p data-start=\"658\" data-end=\"974\" style=\"text-align: justify;\">Pour accompagner cette p\u00e9riode de l\u2019ann\u00e9e, nous avons r\u00e9uni une s\u00e9lection de cuv\u00e9es particuli\u00e8rement adapt\u00e9es aux repas de saison : des vins expressifs, \u00e9quilibr\u00e9s et faciles \u00e0 partager, que l\u2019on ouvre volontiers lors d\u2019un d\u00e9jeuner entre amis, d\u2019un d\u00eener en famille ou simplement pour profiter d\u2019un moment convivial.<\/p>\n<p data-start=\"976\" data-end=\"1183\" style=\"text-align: justify;\">Du <strong data-start=\"979\" data-end=\"1001\">13 au 26 mars 2026<\/strong>, C\u00f4t\u00e9 Mas vous invite \u00e0 d\u00e9couvrir cette s\u00e9lection avec une offre sp\u00e9ciale : <strong data-start=\"1078\" data-end=\"1183\">pour cinq bouteilles achet\u00e9es d\u2019une m\u00eame cuv\u00e9e, la sixi\u00e8me bouteille de cette m\u00eame cuv\u00e9e est offerte.<\/strong><\/p>\n<p>[\/et_pb_text][\/et_pb_column][\/et_pb_row][et_pb_row module_id=&#8221;https:\/\/www.cote-mas.fr\/boutique\/#decouverte-cres-ricards&#8221; _builder_version=&#8221;4.27.5&#8243; _module_preset=&#8221;default&#8221; global_colors_info=&#8221;{}&#8221;][et_pb_column type=&#8221;4_4&#8243; _builder_version=&#8221;4.27.5&#8243; _module_preset=&#8221;default&#8221; global_colors_info=&#8221;{}&#8221;][et_pb_image src=&#8221;https:\/\/www.cote-mas.fr\/wp-content\/uploads\/2026\/03\/offre-vin-printemps-blanc-rose-5plus1-cote-mas.png.jpg&#8221; title_text=&#8221;offre vin printemps blanc rose 5plus1 cote mas.png&#8221; _builder_version=&#8221;4.27.5&#8243; _module_preset=&#8221;default&#8221; width=&#8221;72%&#8221; module_alignment=&#8221;center&#8221; border_radii=&#8221;on|10px|10px|10px|10px&#8221; border_width_all=&#8221;1px&#8221; box_shadow_style=&#8221;preset2&#8243; global_colors_info=&#8221;{}&#8221;][\/et_pb_image][\/et_pb_column][\/et_pb_row][et_pb_row _builder_version=&#8221;4.27.5&#8243; _module_preset=&#8221;default&#8221; custom_margin=&#8221;45px||||false|false&#8221; global_colors_info=&#8221;{}&#8221;][et_pb_column type=&#8221;4_4&#8243; _builder_version=&#8221;4.27.4&#8243; _module_preset=&#8221;default&#8221; global_colors_info=&#8221;{}&#8221;][et_pb_text _builder_version=&#8221;4.27.5&#8243; _module_preset=&#8221;default&#8221; header_font=&#8221;||||||||&#8221; header_2_font=&#8221;|||||on|||&#8221; header_2_font_size=&#8221;31px&#8221; global_colors_info=&#8221;{}&#8221;]<\/p>\n<h2 style=\"text-align: justify;\"><strong>Une s\u00e9lection de vins pour la saison<\/strong><\/h2>\n<p style=\"text-align: justify;\">Le printemps marque souvent un retour vers des vins plus frais, plus aromatiques et plus d\u00e9licats.<\/p>\n<p style=\"text-align: justify;\">Les vins blancs s\u00e9duisent par leur vivacit\u00e9 et leurs ar\u00f4mes fruit\u00e9s ou floraux, tandis que les ros\u00e9s offrent une belle fra\u00eecheur et une grande polyvalence \u00e0 table. Les bulles, quant \u00e0 elles, accompagnent aussi bien l\u2019ap\u00e9ritif que les moments festifs.<\/p>\n<p style=\"text-align: justify;\">Poissons grill\u00e9s, salades m\u00e9diterran\u00e9ennes, cuisine l\u00e9g\u00e8re ou simplement un ap\u00e9ritif entre amis : ces vins s\u2019accordent naturellement avec les saveurs de saison.<\/p>\n<p style=\"text-align: justify;\">La s\u00e9lection propos\u00e9e par C\u00f4t\u00e9 Mas rassemble ainsi plusieurs cuv\u00e9es id\u00e9ales pour accompagner les repas du printemps.<\/p>\n<p>[\/et_pb_text][et_pb_text _builder_version=&#8221;4.27.5&#8243; _module_preset=&#8221;default&#8221; header_font=&#8221;||||||||&#8221; header_2_font=&#8221;|||||on|||&#8221; header_2_font_size=&#8221;31px&#8221; global_colors_info=&#8221;{}&#8221;]<\/p>\n<h2 data-section-id=\"1q9pqiq\" data-start=\"1868\" data-end=\"1924\" style=\"text-align: justify;\"><strong>Une bouteille offerte pour pr\u00e9parer les beaux moments<\/strong><\/h2>\n<p data-start=\"1926\" data-end=\"2036\" style=\"text-align: justify;\">Pendant cette p\u00e9riode, <strong data-start=\"1949\" data-end=\"2035\">pour l\u2019achat de cinq bouteilles d\u2019une m\u00eame cuv\u00e9e, la sixi\u00e8me bouteille est offerte<\/strong>.<\/p>\n<p data-start=\"2038\" data-end=\"2087\" style=\"text-align: justify;\">Une belle occasion de constituer un carton pour :<\/p>\n<ul data-start=\"2089\" data-end=\"2240\" style=\"text-align: justify;\">\n<li data-section-id=\"1bgbgqr\" data-start=\"2089\" data-end=\"2115\">\n<p data-start=\"2091\" data-end=\"2115\">un d\u00e9jeuner entre amis<\/p>\n<\/li>\n<li data-section-id=\"o0dii5\" data-start=\"2116\" data-end=\"2139\">\n<p data-start=\"2118\" data-end=\"2139\">un d\u00eener en famille<\/p>\n<\/li>\n<li data-section-id=\"fe789i\" data-start=\"2140\" data-end=\"2168\">\n<p data-start=\"2142\" data-end=\"2168\">un week-end de printemps<\/p>\n<\/li>\n<li data-section-id=\"1hzm052\" data-start=\"2169\" data-end=\"2240\">\n<p data-start=\"2171\" data-end=\"2240\">ou simplement pour avoir quelques bonnes bouteilles \u00e0 port\u00e9e de main.<\/p>\n<\/li>\n<\/ul>\n<p data-start=\"2242\" data-end=\"2465\" style=\"text-align: justify;\">Cette offre constitue \u00e9galement une opportunit\u00e9 int\u00e9ressante de d\u00e9couvrir plusieurs vins blancs et ros\u00e9s C\u00f4t\u00e9 Mas \u00e0 prix avantageux, que ce soit pour pr\u00e9parer les repas de saison, recevoir des invit\u00e9s ou renouveler sa cave.<\/p>\n<p>[\/et_pb_text][\/et_pb_column][\/et_pb_row][et_pb_row _builder_version=&#8221;4.27.5&#8243; _module_preset=&#8221;default&#8221; global_colors_info=&#8221;{}&#8221;][et_pb_column type=&#8221;4_4&#8243; _builder_version=&#8221;4.27.5&#8243; _module_preset=&#8221;default&#8221; global_colors_info=&#8221;{}&#8221;][\/et_pb_column][\/et_pb_row][et_pb_row _builder_version=&#8221;4.27.5&#8243; _module_preset=&#8221;default&#8221; global_colors_info=&#8221;{}&#8221;][et_pb_column type=&#8221;4_4&#8243; _builder_version=&#8221;4.27.5&#8243; _module_preset=&#8221;default&#8221; global_colors_info=&#8221;{}&#8221;][et_pb_text _builder_version=&#8221;4.27.5&#8243; _module_preset=&#8221;default&#8221; header_font=&#8221;||||||||&#8221; header_2_font=&#8221;|||||on|||&#8221; header_2_font_size=&#8221;31px&#8221; global_colors_info=&#8221;{}&#8221;]<\/p>\n<h2><strong>Une offre disponible en ligne et au caveau de Montagnac<\/strong><\/h2>\n<p>L\u2019offre est disponible :<\/p>\n<ul>\n<li>sur la boutique en ligne C\u00f4t\u00e9 Mas<\/li>\n<li>au caveau de vente des Domaines Paul Mas \u00e0 Montagnac<\/li>\n<\/ul>\n<p>Que vous choisissiez de commander vos vins en ligne ou de venir les d\u00e9couvrir directement au domaine, vous pouvez profiter de cette offre pendant toute sa dur\u00e9e.<\/p>\n<p>Au caveau, notre \u00e9quipe se tient \u00e9galement \u00e0 votre disposition pour vous conseiller et vous guider dans la s\u00e9lection des cuv\u00e9es les plus adapt\u00e9es \u00e0 vos envies et \u00e0 vos repas.<\/p>\n<p>[\/et_pb_text][et_pb_text _builder_version=&#8221;4.27.5&#8243; _module_preset=&#8221;default&#8221; header_font=&#8221;||||||||&#8221; header_2_font=&#8221;|||||on|||&#8221; header_2_font_size=&#8221;31px&#8221; global_colors_info=&#8221;{}&#8221;]<\/p>\n<h2 data-section-id=\"165yerw\" data-start=\"3004\" data-end=\"3043\" style=\"text-align: justify;\"><strong>Profitez de l\u2019offre jusqu\u2019au 26 mars<\/strong><\/h2>\n<p data-start=\"3045\" data-end=\"3156\" style=\"text-align: justify;\">L\u2019offre <strong data-start=\"3053\" data-end=\"3078\">5+1 bouteille offerte<\/strong> est valable <strong data-start=\"3091\" data-end=\"3116\">du 13 au 26 mars 2026<\/strong>, dans la limite des stocks disponibles.<\/p>\n<p data-start=\"3158\" data-end=\"3324\" style=\"text-align: justify;\">C\u2019est l\u2019occasion id\u00e9ale de d\u00e9couvrir ou red\u00e9couvrir plusieurs cuv\u00e9es de la s\u00e9lection et d\u2019accompagner les premiers repas du printemps avec des vins frais et \u00e9l\u00e9gants.<\/p>\n<p>[\/et_pb_text][et_pb_accordion _builder_version=&#8221;4.27.5&#8243; _module_preset=&#8221;default&#8221; global_colors_info=&#8221;{}&#8221;][et_pb_accordion_item title=&#8221;Comment fonctionne l\u2019offre 5+1 ?&#8221; open=&#8221;on&#8221; _builder_version=&#8221;4.27.5&#8243; _module_preset=&#8221;default&#8221; global_colors_info=&#8221;{}&#8221;]<\/p>\n<p>Pour cinq bouteilles achet\u00e9es d\u2019une m\u00eame cuv\u00e9e, la sixi\u00e8me bouteille de cette m\u00eame cuv\u00e9e est offerte.<br data-start=\"317\" data-end=\"320\" \/>Ajoutez simplement <strong data-start=\"339\" data-end=\"386\">six bouteilles identiques dans votre panier<\/strong> : la promotion s\u2019applique automatiquement.<\/p>\n<p>[\/et_pb_accordion_item][et_pb_accordion_item title=&#8221;Peut-on m\u00e9langer plusieurs cuv\u00e9es dans l\u2019offre ?&#8221; _builder_version=&#8221;4.27.5&#8243; _module_preset=&#8221;default&#8221; global_colors_info=&#8221;{}&#8221; open=&#8221;off&#8221;]<\/p>\n<p>L\u2019offre s\u2019applique sur un m\u00eame carton : les six bouteilles doivent \u00eatre de la m\u00eame cuv\u00e9e.<\/p>\n<p>[\/et_pb_accordion_item][et_pb_accordion_item title=&#8221;O\u00f9 profiter de l\u2019offre ?&#8221; _builder_version=&#8221;4.27.5&#8243; _module_preset=&#8221;default&#8221; global_colors_info=&#8221;{}&#8221; open=&#8221;off&#8221;]<\/p>\n<p>L\u2019offre est disponible sur la boutique en ligne C\u00f4t\u00e9 Mas ainsi qu\u2019au caveau de vente des Domaines Paul Mas \u00e0 Montagnac.<\/p>\n<p>[\/et_pb_accordion_item][et_pb_accordion_item title=&#8221;Votre titre va iciJusqu\u2019\u00e0 quand l\u2019offre est-elle valable ?&#8221; _builder_version=&#8221;4.27.5&#8243; _module_preset=&#8221;default&#8221; global_colors_info=&#8221;{}&#8221; open=&#8221;off&#8221;]<\/p>\n<p>L\u2019offre est valable du 13 au 26 mars 2026, dans la limite des stocks disponibles.<\/p>\n<p>[\/et_pb_accordion_item][\/et_pb_accordion][\/et_pb_column][\/et_pb_row][et_pb_row _builder_version=&#8221;4.16&#8243; _module_preset=&#8221;default&#8221; custom_padding=&#8221;62px|||||&#8221; global_colors_info=&#8221;{}&#8221;][et_pb_column type=&#8221;4_4&#8243; _builder_version=&#8221;4.16&#8243; _module_preset=&#8221;default&#8221; global_colors_info=&#8221;{}&#8221;][et_pb_divider _builder_version=&#8221;4.16&#8243; _module_preset=&#8221;default&#8221; global_colors_info=&#8221;{}&#8221;][\/et_pb_divider][et_pb_text admin_label=&#8221;Text&#8221; _builder_version=&#8221;4.16&#8243; background_size=&#8221;initial&#8221; background_position=&#8221;top_left&#8221; background_repeat=&#8221;repeat&#8221; width=&#8221;62%&#8221; module_alignment=&#8221;center&#8221; custom_margin=&#8221;-45px|||||&#8221; custom_padding=&#8221;7px|||||&#8221; global_colors_info=&#8221;{}&#8221;]<\/p>\n<p style=\"text-align: justify;\"><em>N&#8217;h\u00e9sitez pas \u00e0 vous inscire \u00e0 la newsletter ou \u00e0 nous suivre sur les r\u00e9seaux sociaux pour \u00eatre les premiers inform\u00e9s de tous nos \u00e9v\u00e8nements, soir\u00e9es sp\u00e9ciales, offres promotionnelles &#8230;<\/em><\/p>\n<p class=\"p1\">[\/et_pb_text][et_pb_button button_url=&#8221;https:\/\/www.cote-mas.fr\/inscription-newsletter\/&#8221; url_new_window=&#8221;on&#8221; button_text=&#8221;Inscription Newsletter&#8221; button_alignment=&#8221;center&#8221; _builder_version=&#8221;4.16&#8243; _module_preset=&#8221;default&#8221; custom_button=&#8221;on&#8221; button_text_color=&#8221;#5F504D&#8221; button_bg_color=&#8221;RGBA(255,255,255,0)&#8221; button_border_color=&#8221;#5F504D&#8221; custom_margin=&#8221;0px||||false|false&#8221; global_colors_info=&#8221;{}&#8221;][\/et_pb_button][et_pb_social_media_follow _builder_version=&#8221;4.16&#8243; _module_preset=&#8221;default&#8221; text_orientation=&#8221;center&#8221; module_alignment=&#8221;center&#8221; custom_margin=&#8221;0px||||false|false&#8221; custom_padding=&#8221;0px|||||&#8221; locked=&#8221;off&#8221; global_colors_info=&#8221;{}&#8221;][et_pb_social_media_follow_network social_network=&#8221;instagram&#8221; url=&#8221;https:\/\/www.instagram.com\/cotemas\/&#8221; use_icon_font_size=&#8221;on&#8221; icon_font_size=&#8221;39px&#8221; _builder_version=&#8221;4.16&#8243; _module_preset=&#8221;default&#8221; background_color=&#8221;#5f504d&#8221; background_enable_color=&#8221;on&#8221; custom_button=&#8221;on&#8221; button_text_size=&#8221;12px&#8221; button_bg_color=&#8221;#5f504d&#8221; button_border_color=&#8221;#5f504d&#8221; button_border_radius=&#8221;9px&#8221; transform_scale=&#8221;82%|82%&#8221; border_radii=&#8221;on|40px|40px|40px|40px&#8221; global_colors_info=&#8221;{}&#8221; follow_button=&#8221;off&#8221; url_new_window=&#8221;on&#8221;]instagram[\/et_pb_social_media_follow_network][et_pb_social_media_follow_network social_network=&#8221;facebook&#8221; url=&#8221;https:\/\/www.facebook.com\/Cote.Mas&#8221; use_icon_font_size=&#8221;on&#8221; icon_font_size=&#8221;39px&#8221; _builder_version=&#8221;4.16&#8243; _module_preset=&#8221;default&#8221; background_color=&#8221;#5f504d&#8221; background_enable_color=&#8221;on&#8221; custom_button=&#8221;on&#8221; button_text_size=&#8221;12px&#8221; button_bg_color=&#8221;#5f504d&#8221; button_border_color=&#8221;#5f504d&#8221; button_border_radius=&#8221;9px&#8221; transform_scale=&#8221;82%|82%&#8221; border_radii=&#8221;on|40px|40px|40px|40px&#8221; global_colors_info=&#8221;{}&#8221; follow_button=&#8221;off&#8221; url_new_window=&#8221;on&#8221;]facebook[\/et_pb_social_media_follow_network][\/et_pb_social_media_follow][\/et_pb_column][\/et_pb_row][\/et_pb_section]<\/p>\n","protected":false},"excerpt":{"rendered":"<p>Les vins des beaux jours Blancs, ros\u00e9s et bulles : notre s\u00e9lection pour accueillir le printemps, avec une bouteille offerte du 13 au 26 mars 2026.Avec le retour du printemps, les tables \u00e9voluent naturellement vers des vins plus frais et lumineux. Blancs, ros\u00e9s et bulles trouvent alors toute leur place, aussi bien \u00e0 l\u2019ap\u00e9ritif qu\u2019au [&hellip;]<\/p>\n","protected":false},"author":43,"featured_media":19214,"comment_status":"open","ping_status":"open","sticky":false,"template":"","format":"standard","meta":{"_et_pb_use_builder":"on","_et_pb_old_content":"","_et_gb_content_width":"1413","footnotes":""},"categories":[32,36],"tags":[],"class_list":["post-19173","post","type-post","status-publish","format-standard","has-post-thumbnail","hentry","category-caveau","category-evenement"],"yoast_head":"<!-- This site is optimized with the Yoast SEO plugin v27.4 - https:\/\/yoast.com\/product\/yoast-seo-wordpress\/ -->\n<title>Offre Printemps Vin Blanc &amp; Ros\u00e9 \u2013 1 bouteille offerte | C\u00f4t\u00e9 Mas<\/title>\n<meta name=\"description\" content=\"C\u00e9l\u00e9brez le printemps avec notre s\u00e9lection de vins blancs et ros\u00e9s. Pour 5 bouteilles achet\u00e9es, la 6e est offerte. Offre C\u00f4t\u00e9 Mas limit\u00e9e.\" \/>\n<meta name=\"robots\" content=\"index, follow, max-snippet:-1, max-image-preview:large, max-video-preview:-1\" \/>\n<link rel=\"canonical\" href=\"https:\/\/www.cote-mas.fr\/offre-printemps-vin-blanc-rose\/\" \/>\n<meta property=\"og:locale\" content=\"en_US\" \/>\n<meta property=\"og:type\" content=\"article\" \/>\n<meta property=\"og:title\" content=\"Offre Printemps Vin Blanc &amp; Ros\u00e9 \u2013 1 bouteille offerte | C\u00f4t\u00e9 Mas\" \/>\n<meta property=\"og:description\" content=\"C\u00e9l\u00e9brez le printemps avec notre s\u00e9lection de vins blancs et ros\u00e9s. Pour 5 bouteilles achet\u00e9es, la 6e est offerte. Offre C\u00f4t\u00e9 Mas limit\u00e9e.\" \/>\n<meta property=\"og:url\" content=\"https:\/\/www.cote-mas.fr\/offre-printemps-vin-blanc-rose\/\" \/>\n<meta property=\"og:site_name\" content=\"C\u00f4t\u00e9 Mas\" \/>\n<meta property=\"article:publisher\" content=\"https:\/\/www.facebook.com\/Cote.Mas\" \/>\n<meta property=\"article:published_time\" content=\"2026-03-13T10:48:28+00:00\" \/>\n<meta property=\"article:modified_time\" content=\"2026-03-27T13:54:09+00:00\" \/>\n<meta property=\"og:image\" content=\"https:\/\/www.cote-mas.fr\/wp-content\/uploads\/2026\/03\/offre-vin-printemps-blanc-rose-5plus1-cote-mas.jpg\" \/>\n\t<meta property=\"og:image:width\" content=\"960\" \/>\n\t<meta property=\"og:image:height\" content=\"600\" \/>\n\t<meta property=\"og:image:type\" content=\"image\/jpeg\" \/>\n<meta name=\"author\" content=\"Amandine Nelson\" \/>\n<meta name=\"twitter:card\" content=\"summary_large_image\" \/>\n<meta name=\"twitter:label1\" content=\"Written by\" \/>\n\t<meta name=\"twitter:data1\" content=\"Amandine Nelson\" \/>\n\t<meta name=\"twitter:label2\" content=\"Est. reading time\" \/>\n\t<meta name=\"twitter:data2\" content=\"8 minutes\" \/>\n<script type=\"application\/ld+json\" class=\"yoast-schema-graph\">{\"@context\":\"https:\\\/\\\/schema.org\",\"@graph\":[{\"@type\":\"Article\",\"@id\":\"https:\\\/\\\/www.cote-mas.fr\\\/offre-printemps-vin-blanc-rose\\\/#article\",\"isPartOf\":{\"@id\":\"https:\\\/\\\/www.cote-mas.fr\\\/offre-printemps-vin-blanc-rose\\\/\"},\"author\":{\"name\":\"Amandine Nelson\",\"@id\":\"https:\\\/\\\/www.cote-mas.fr\\\/#\\\/schema\\\/person\\\/a28d00bbf357e9c0b83b06c9f45e3894\"},\"headline\":\"Les vins des beaux jours\",\"datePublished\":\"2026-03-13T10:48:28+00:00\",\"dateModified\":\"2026-03-27T13:54:09+00:00\",\"mainEntityOfPage\":{\"@id\":\"https:\\\/\\\/www.cote-mas.fr\\\/offre-printemps-vin-blanc-rose\\\/\"},\"wordCount\":1636,\"commentCount\":0,\"publisher\":{\"@id\":\"https:\\\/\\\/www.cote-mas.fr\\\/#organization\"},\"image\":{\"@id\":\"https:\\\/\\\/www.cote-mas.fr\\\/offre-printemps-vin-blanc-rose\\\/#primaryimage\"},\"thumbnailUrl\":\"https:\\\/\\\/www.cote-mas.fr\\\/wp-content\\\/uploads\\\/2026\\\/03\\\/offre-vin-printemps-blanc-rose-5plus1-cote-mas.jpg\",\"articleSection\":[\"caveau\",\"Ev\u00e8nement\"],\"inLanguage\":\"en-US\",\"potentialAction\":[{\"@type\":\"CommentAction\",\"name\":\"Comment\",\"target\":[\"https:\\\/\\\/www.cote-mas.fr\\\/offre-printemps-vin-blanc-rose\\\/#respond\"]}]},{\"@type\":\"WebPage\",\"@id\":\"https:\\\/\\\/www.cote-mas.fr\\\/offre-printemps-vin-blanc-rose\\\/\",\"url\":\"https:\\\/\\\/www.cote-mas.fr\\\/offre-printemps-vin-blanc-rose\\\/\",\"name\":\"Offre Printemps Vin Blanc & Ros\u00e9 \u2013 1 bouteille offerte | C\u00f4t\u00e9 Mas\",\"isPartOf\":{\"@id\":\"https:\\\/\\\/www.cote-mas.fr\\\/#website\"},\"primaryImageOfPage\":{\"@id\":\"https:\\\/\\\/www.cote-mas.fr\\\/offre-printemps-vin-blanc-rose\\\/#primaryimage\"},\"image\":{\"@id\":\"https:\\\/\\\/www.cote-mas.fr\\\/offre-printemps-vin-blanc-rose\\\/#primaryimage\"},\"thumbnailUrl\":\"https:\\\/\\\/www.cote-mas.fr\\\/wp-content\\\/uploads\\\/2026\\\/03\\\/offre-vin-printemps-blanc-rose-5plus1-cote-mas.jpg\",\"datePublished\":\"2026-03-13T10:48:28+00:00\",\"dateModified\":\"2026-03-27T13:54:09+00:00\",\"description\":\"C\u00e9l\u00e9brez le printemps avec notre s\u00e9lection de vins blancs et ros\u00e9s. Pour 5 bouteilles achet\u00e9es, la 6e est offerte. Offre C\u00f4t\u00e9 Mas limit\u00e9e.\",\"breadcrumb\":{\"@id\":\"https:\\\/\\\/www.cote-mas.fr\\\/offre-printemps-vin-blanc-rose\\\/#breadcrumb\"},\"inLanguage\":\"en-US\",\"potentialAction\":[{\"@type\":\"ReadAction\",\"target\":[\"https:\\\/\\\/www.cote-mas.fr\\\/offre-printemps-vin-blanc-rose\\\/\"]}]},{\"@type\":\"ImageObject\",\"inLanguage\":\"en-US\",\"@id\":\"https:\\\/\\\/www.cote-mas.fr\\\/offre-printemps-vin-blanc-rose\\\/#primaryimage\",\"url\":\"https:\\\/\\\/www.cote-mas.fr\\\/wp-content\\\/uploads\\\/2026\\\/03\\\/offre-vin-printemps-blanc-rose-5plus1-cote-mas.jpg\",\"contentUrl\":\"https:\\\/\\\/www.cote-mas.fr\\\/wp-content\\\/uploads\\\/2026\\\/03\\\/offre-vin-printemps-blanc-rose-5plus1-cote-mas.jpg\",\"width\":960,\"height\":600,\"caption\":\"Les vins printemps du printemps\"},{\"@type\":\"BreadcrumbList\",\"@id\":\"https:\\\/\\\/www.cote-mas.fr\\\/offre-printemps-vin-blanc-rose\\\/#breadcrumb\",\"itemListElement\":[{\"@type\":\"ListItem\",\"position\":1,\"name\":\"Accueil\",\"item\":\"https:\\\/\\\/www.cote-mas.fr\\\/en\\\/\"},{\"@type\":\"ListItem\",\"position\":2,\"name\":\"Les vins des beaux jours\"}]},{\"@type\":\"WebSite\",\"@id\":\"https:\\\/\\\/www.cote-mas.fr\\\/#website\",\"url\":\"https:\\\/\\\/www.cote-mas.fr\\\/\",\"name\":\"C\u00f4t\u00e9 Mas\",\"description\":\"Le restaurant des Domaines Paul Mas \u00e0 Montagnac en Languedoc\",\"publisher\":{\"@id\":\"https:\\\/\\\/www.cote-mas.fr\\\/#organization\"},\"potentialAction\":[{\"@type\":\"SearchAction\",\"target\":{\"@type\":\"EntryPoint\",\"urlTemplate\":\"https:\\\/\\\/www.cote-mas.fr\\\/?s={search_term_string}\"},\"query-input\":{\"@type\":\"PropertyValueSpecification\",\"valueRequired\":true,\"valueName\":\"search_term_string\"}}],\"inLanguage\":\"en-US\"},{\"@type\":\"Organization\",\"@id\":\"https:\\\/\\\/www.cote-mas.fr\\\/#organization\",\"name\":\"C\u00f4t\u00e9 Mas\",\"url\":\"https:\\\/\\\/www.cote-mas.fr\\\/\",\"logo\":{\"@type\":\"ImageObject\",\"inLanguage\":\"en-US\",\"@id\":\"https:\\\/\\\/www.cote-mas.fr\\\/#\\\/schema\\\/logo\\\/image\\\/\",\"url\":\"https:\\\/\\\/www.cote-mas.fr\\\/wp-content\\\/uploads\\\/2021\\\/07\\\/Logo-cote-mas-seul-copie-2.png\",\"contentUrl\":\"https:\\\/\\\/www.cote-mas.fr\\\/wp-content\\\/uploads\\\/2021\\\/07\\\/Logo-cote-mas-seul-copie-2.png\",\"width\":487,\"height\":114,\"caption\":\"C\u00f4t\u00e9 Mas\"},\"image\":{\"@id\":\"https:\\\/\\\/www.cote-mas.fr\\\/#\\\/schema\\\/logo\\\/image\\\/\"},\"sameAs\":[\"https:\\\/\\\/www.facebook.com\\\/Cote.Mas\",\"https:\\\/\\\/www.instagram.com\\\/cotemas\\\/\"]},{\"@type\":\"Person\",\"@id\":\"https:\\\/\\\/www.cote-mas.fr\\\/#\\\/schema\\\/person\\\/a28d00bbf357e9c0b83b06c9f45e3894\",\"name\":\"Amandine Nelson\",\"image\":{\"@type\":\"ImageObject\",\"inLanguage\":\"en-US\",\"@id\":\"https:\\\/\\\/secure.gravatar.com\\\/avatar\\\/a59444e62f2377ad3d242270a9354ca685acc8491de224a8986182c58a425529?s=96&d=mm&r=g\",\"url\":\"https:\\\/\\\/secure.gravatar.com\\\/avatar\\\/a59444e62f2377ad3d242270a9354ca685acc8491de224a8986182c58a425529?s=96&d=mm&r=g\",\"contentUrl\":\"https:\\\/\\\/secure.gravatar.com\\\/avatar\\\/a59444e62f2377ad3d242270a9354ca685acc8491de224a8986182c58a425529?s=96&d=mm&r=g\",\"caption\":\"Amandine Nelson\"},\"url\":\"https:\\\/\\\/www.cote-mas.fr\\\/en\\\/author\\\/anelson\\\/\"}]}<\/script>\n<!-- \/ Yoast SEO plugin. -->","yoast_head_json":{"title":"Offre Printemps Vin Blanc & Ros\u00e9 \u2013 1 bouteille offerte | C\u00f4t\u00e9 Mas","description":"C\u00e9l\u00e9brez le printemps avec notre s\u00e9lection de vins blancs et ros\u00e9s. Pour 5 bouteilles achet\u00e9es, la 6e est offerte. Offre C\u00f4t\u00e9 Mas limit\u00e9e.","robots":{"index":"index","follow":"follow","max-snippet":"max-snippet:-1","max-image-preview":"max-image-preview:large","max-video-preview":"max-video-preview:-1"},"canonical":"https:\/\/www.cote-mas.fr\/offre-printemps-vin-blanc-rose\/","og_locale":"en_US","og_type":"article","og_title":"Offre Printemps Vin Blanc & Ros\u00e9 \u2013 1 bouteille offerte | C\u00f4t\u00e9 Mas","og_description":"C\u00e9l\u00e9brez le printemps avec notre s\u00e9lection de vins blancs et ros\u00e9s. Pour 5 bouteilles achet\u00e9es, la 6e est offerte. Offre C\u00f4t\u00e9 Mas limit\u00e9e.","og_url":"https:\/\/www.cote-mas.fr\/offre-printemps-vin-blanc-rose\/","og_site_name":"C\u00f4t\u00e9 Mas","article_publisher":"https:\/\/www.facebook.com\/Cote.Mas","article_published_time":"2026-03-13T10:48:28+00:00","article_modified_time":"2026-03-27T13:54:09+00:00","og_image":[{"width":960,"height":600,"url":"https:\/\/www.cote-mas.fr\/wp-content\/uploads\/2026\/03\/offre-vin-printemps-blanc-rose-5plus1-cote-mas.jpg","type":"image\/jpeg"}],"author":"Amandine Nelson","twitter_card":"summary_large_image","twitter_misc":{"Written by":"Amandine Nelson","Est. reading time":"8 minutes"},"schema":{"@context":"https:\/\/schema.org","@graph":[{"@type":"Article","@id":"https:\/\/www.cote-mas.fr\/offre-printemps-vin-blanc-rose\/#article","isPartOf":{"@id":"https:\/\/www.cote-mas.fr\/offre-printemps-vin-blanc-rose\/"},"author":{"name":"Amandine Nelson","@id":"https:\/\/www.cote-mas.fr\/#\/schema\/person\/a28d00bbf357e9c0b83b06c9f45e3894"},"headline":"Les vins des beaux jours","datePublished":"2026-03-13T10:48:28+00:00","dateModified":"2026-03-27T13:54:09+00:00","mainEntityOfPage":{"@id":"https:\/\/www.cote-mas.fr\/offre-printemps-vin-blanc-rose\/"},"wordCount":1636,"commentCount":0,"publisher":{"@id":"https:\/\/www.cote-mas.fr\/#organization"},"image":{"@id":"https:\/\/www.cote-mas.fr\/offre-printemps-vin-blanc-rose\/#primaryimage"},"thumbnailUrl":"https:\/\/www.cote-mas.fr\/wp-content\/uploads\/2026\/03\/offre-vin-printemps-blanc-rose-5plus1-cote-mas.jpg","articleSection":["caveau","Ev\u00e8nement"],"inLanguage":"en-US","potentialAction":[{"@type":"CommentAction","name":"Comment","target":["https:\/\/www.cote-mas.fr\/offre-printemps-vin-blanc-rose\/#respond"]}]},{"@type":"WebPage","@id":"https:\/\/www.cote-mas.fr\/offre-printemps-vin-blanc-rose\/","url":"https:\/\/www.cote-mas.fr\/offre-printemps-vin-blanc-rose\/","name":"Offre Printemps Vin Blanc & Ros\u00e9 \u2013 1 bouteille offerte | C\u00f4t\u00e9 Mas","isPartOf":{"@id":"https:\/\/www.cote-mas.fr\/#website"},"primaryImageOfPage":{"@id":"https:\/\/www.cote-mas.fr\/offre-printemps-vin-blanc-rose\/#primaryimage"},"image":{"@id":"https:\/\/www.cote-mas.fr\/offre-printemps-vin-blanc-rose\/#primaryimage"},"thumbnailUrl":"https:\/\/www.cote-mas.fr\/wp-content\/uploads\/2026\/03\/offre-vin-printemps-blanc-rose-5plus1-cote-mas.jpg","datePublished":"2026-03-13T10:48:28+00:00","dateModified":"2026-03-27T13:54:09+00:00","description":"C\u00e9l\u00e9brez le printemps avec notre s\u00e9lection de vins blancs et ros\u00e9s. Pour 5 bouteilles achet\u00e9es, la 6e est offerte. Offre C\u00f4t\u00e9 Mas limit\u00e9e.","breadcrumb":{"@id":"https:\/\/www.cote-mas.fr\/offre-printemps-vin-blanc-rose\/#breadcrumb"},"inLanguage":"en-US","potentialAction":[{"@type":"ReadAction","target":["https:\/\/www.cote-mas.fr\/offre-printemps-vin-blanc-rose\/"]}]},{"@type":"ImageObject","inLanguage":"en-US","@id":"https:\/\/www.cote-mas.fr\/offre-printemps-vin-blanc-rose\/#primaryimage","url":"https:\/\/www.cote-mas.fr\/wp-content\/uploads\/2026\/03\/offre-vin-printemps-blanc-rose-5plus1-cote-mas.jpg","contentUrl":"https:\/\/www.cote-mas.fr\/wp-content\/uploads\/2026\/03\/offre-vin-printemps-blanc-rose-5plus1-cote-mas.jpg","width":960,"height":600,"caption":"Les vins printemps du printemps"},{"@type":"BreadcrumbList","@id":"https:\/\/www.cote-mas.fr\/offre-printemps-vin-blanc-rose\/#breadcrumb","itemListElement":[{"@type":"ListItem","position":1,"name":"Accueil","item":"https:\/\/www.cote-mas.fr\/en\/"},{"@type":"ListItem","position":2,"name":"Les vins des beaux jours"}]},{"@type":"WebSite","@id":"https:\/\/www.cote-mas.fr\/#website","url":"https:\/\/www.cote-mas.fr\/","name":"C\u00f4t\u00e9 Mas","description":"Le restaurant des Domaines Paul Mas \u00e0 Montagnac en Languedoc","publisher":{"@id":"https:\/\/www.cote-mas.fr\/#organization"},"potentialAction":[{"@type":"SearchAction","target":{"@type":"EntryPoint","urlTemplate":"https:\/\/www.cote-mas.fr\/?s={search_term_string}"},"query-input":{"@type":"PropertyValueSpecification","valueRequired":true,"valueName":"search_term_string"}}],"inLanguage":"en-US"},{"@type":"Organization","@id":"https:\/\/www.cote-mas.fr\/#organization","name":"C\u00f4t\u00e9 Mas","url":"https:\/\/www.cote-mas.fr\/","logo":{"@type":"ImageObject","inLanguage":"en-US","@id":"https:\/\/www.cote-mas.fr\/#\/schema\/logo\/image\/","url":"https:\/\/www.cote-mas.fr\/wp-content\/uploads\/2021\/07\/Logo-cote-mas-seul-copie-2.png","contentUrl":"https:\/\/www.cote-mas.fr\/wp-content\/uploads\/2021\/07\/Logo-cote-mas-seul-copie-2.png","width":487,"height":114,"caption":"C\u00f4t\u00e9 Mas"},"image":{"@id":"https:\/\/www.cote-mas.fr\/#\/schema\/logo\/image\/"},"sameAs":["https:\/\/www.facebook.com\/Cote.Mas","https:\/\/www.instagram.com\/cotemas\/"]},{"@type":"Person","@id":"https:\/\/www.cote-mas.fr\/#\/schema\/person\/a28d00bbf357e9c0b83b06c9f45e3894","name":"Amandine Nelson","image":{"@type":"ImageObject","inLanguage":"en-US","@id":"https:\/\/secure.gravatar.com\/avatar\/a59444e62f2377ad3d242270a9354ca685acc8491de224a8986182c58a425529?s=96&d=mm&r=g","url":"https:\/\/secure.gravatar.com\/avatar\/a59444e62f2377ad3d242270a9354ca685acc8491de224a8986182c58a425529?s=96&d=mm&r=g","contentUrl":"https:\/\/secure.gravatar.com\/avatar\/a59444e62f2377ad3d242270a9354ca685acc8491de224a8986182c58a425529?s=96&d=mm&r=g","caption":"Amandine Nelson"},"url":"https:\/\/www.cote-mas.fr\/en\/author\/anelson\/"}]}},"_links":{"self":[{"href":"https:\/\/www.cote-mas.fr\/en\/wp-json\/wp\/v2\/posts\/19173","targetHints":{"allow":["GET"]}}],"collection":[{"href":"https:\/\/www.cote-mas.fr\/en\/wp-json\/wp\/v2\/posts"}],"about":[{"href":"https:\/\/www.cote-mas.fr\/en\/wp-json\/wp\/v2\/types\/post"}],"author":[{"embeddable":true,"href":"https:\/\/www.cote-mas.fr\/en\/wp-json\/wp\/v2\/users\/43"}],"replies":[{"embeddable":true,"href":"https:\/\/www.cote-mas.fr\/en\/wp-json\/wp\/v2\/comments?post=19173"}],"version-history":[{"count":13,"href":"https:\/\/www.cote-mas.fr\/en\/wp-json\/wp\/v2\/posts\/19173\/revisions"}],"predecessor-version":[{"id":19341,"href":"https:\/\/www.cote-mas.fr\/en\/wp-json\/wp\/v2\/posts\/19173\/revisions\/19341"}],"wp:featuredmedia":[{"embeddable":true,"href":"https:\/\/www.cote-mas.fr\/en\/wp-json\/wp\/v2\/media\/19214"}],"wp:attachment":[{"href":"https:\/\/www.cote-mas.fr\/en\/wp-json\/wp\/v2\/media?parent=19173"}],"wp:term":[{"taxonomy":"category","embeddable":true,"href":"https:\/\/www.cote-mas.fr\/en\/wp-json\/wp\/v2\/categories?post=19173"},{"taxonomy":"post_tag","embeddable":true,"href":"https:\/\/www.cote-mas.fr\/en\/wp-json\/wp\/v2\/tags?post=19173"}],"curies":[{"name":"wp","href":"https:\/\/api.w.org\/{rel}","templated":true}]}}