{"id":18606,"date":"2025-12-08T10:27:49","date_gmt":"2025-12-08T09:27:49","guid":{"rendered":"https:\/\/www.cote-mas.fr\/?p=18606"},"modified":"2025-12-08T10:29:24","modified_gmt":"2025-12-08T09:29:24","slug":"saint-sylvestre-2025","status":"publish","type":"post","link":"https:\/\/www.cote-mas.fr\/en\/saint-sylvestre-2025\/","title":{"rendered":"Saint Sylvestre 2025"},"content":{"rendered":"<p>[et_pb_section fb_built=&#8221;1&#8243; _builder_version=&#8221;4.16&#8243; global_colors_info=&#8221;{}&#8221;][et_pb_row _builder_version=&#8221;4.16&#8243; _module_preset=&#8221;default&#8221; global_colors_info=&#8221;{}&#8221;][et_pb_column type=&#8221;4_4&#8243; _builder_version=&#8221;4.16&#8243; _module_preset=&#8221;default&#8221; global_colors_info=&#8221;{}&#8221;][et_pb_text admin_label=&#8221;Text&#8221; _builder_version=&#8221;4.27.4&#8243; background_size=&#8221;initial&#8221; background_position=&#8221;top_left&#8221; background_repeat=&#8221;repeat&#8221; max_width=&#8221;80%&#8221; module_alignment=&#8221;center&#8221; custom_padding=&#8221;80px|||||&#8221; hover_enabled=&#8221;0&#8243; global_colors_info=&#8221;{}&#8221; sticky_enabled=&#8221;0&#8243;]<\/p>\n<h1 style=\"text-align: center;\"><strong><\/strong><\/h1>\n<h1 style=\"text-align: center;\"><strong>Le passage \u00e0 la nouvelle ann\u00e9e <\/strong><\/h1>\n<h1 style=\"text-align: center;\"><strong>chez C\u00f4t\u00e9 Mas<\/strong><\/h1>\n<p><strong><\/strong><\/p>\n<p style=\"text-align: justify;\">Chez C\u00f4t\u00e9 Mas, nous sommes ravis de vous pr\u00e9senter notre proposition pour le r\u00e9veillon de la Saint-Sylvestre. Cette ann\u00e9e encore, vivez une exp\u00e9rience gastronomique unique au c\u0153ur du vignoble du Ch\u00e2teau Paul Mas.<br \/>Nos chefs ont imagin\u00e9 une succession de d\u00e9licates cr\u00e9ations culinaires \u00e0 partager, pens\u00e9es pour \u00e9veiller les sens et c\u00e9l\u00e9brer l\u2019arriv\u00e9e de 2026 dans la convivialit\u00e9 et le raffinement.<\/p>\n<h2 data-start=\"600\" data-end=\"657\" style=\"text-align: justify;\"><strong data-start=\"603\" data-end=\"657\">Une soir\u00e9e d\u2019exception au c\u0153ur du Ch\u00e2teau Paul Mas<\/strong><\/h2>\n<p data-start=\"659\" data-end=\"1067\" style=\"text-align: justify;\">Rejoignez-nous pour un r\u00e9veillon magique compos\u00e9 d\u2019<strong data-start=\"710\" data-end=\"761\">assiettes gourmandes servies en plusieurs temps<\/strong>, mettant en sc\u00e8ne des produits d\u2019exception et les saveurs qui font la signature de notre maison.<br data-start=\"858\" data-end=\"861\" \/>Les vins embl\u00e9matiques de nos domaines accompagneront votre d\u00e9gustation, tandis qu\u2019une ambiance musicale \u00e9l\u00e9gante et une \u00e9quipe attentionn\u00e9e veilleront \u00e0 faire de cette soir\u00e9e un moment m\u00e9morable.<\/p>\n<p>[\/et_pb_text][\/et_pb_column][\/et_pb_row][\/et_pb_section][et_pb_section fb_built=&#8221;1&#8243; custom_padding_last_edited=&#8221;on|desktop&#8221; admin_label=&#8221;section&#8221; _builder_version=&#8221;4.16&#8243; background_color=&#8221;#FFFFFF&#8221; custom_padding_tablet=&#8221;50px|0|50px|0&#8243; custom_padding_phone=&#8221;&#8221; transparent_background=&#8221;off&#8221; padding_mobile=&#8221;off&#8221; make_fullwidth=&#8221;off&#8221; use_custom_width=&#8221;off&#8221; width_unit=&#8221;on&#8221; global_colors_info=&#8221;{}&#8221;][et_pb_row column_structure=&#8221;1_2,1_2&#8243; admin_label=&#8221;row&#8221; _builder_version=&#8221;4.23.1&#8243; background_size=&#8221;initial&#8221; background_position=&#8221;top_left&#8221; background_repeat=&#8221;repeat&#8221; width=&#8221;70%&#8221; custom_padding=&#8221;||0px|||&#8221; global_colors_info=&#8221;{}&#8221;][et_pb_column type=&#8221;1_2&#8243; _builder_version=&#8221;4.16&#8243; custom_padding=&#8221;|||&#8221; global_colors_info=&#8221;{}&#8221; custom_padding__hover=&#8221;|||&#8221;][et_pb_image src=&#8221;https:\/\/www.cote-mas.fr\/wp-content\/uploads\/2025\/12\/Cote-Mas-Nouvel-An-3.jpg&#8221; title_text=&#8221;C\u00f4t\u00e9 Mas Nouvel An&#8221; _builder_version=&#8221;4.27.4&#8243; _module_preset=&#8221;default&#8221; custom_margin=&#8221;0px||||false|false&#8221; custom_margin_tablet=&#8221;97px|||||&#8221; custom_margin_phone=&#8221;0px||||false|false&#8221; custom_margin_last_edited=&#8221;on|phone&#8221; box_shadow_style=&#8221;preset4&#8243; global_colors_info=&#8221;{}&#8221;][\/et_pb_image][\/et_pb_column][et_pb_column type=&#8221;1_2&#8243; _builder_version=&#8221;4.16&#8243; custom_padding=&#8221;|||&#8221; global_colors_info=&#8221;{}&#8221; custom_padding__hover=&#8221;|||&#8221;][et_pb_image src=&#8221;https:\/\/www.cote-mas.fr\/wp-content\/uploads\/2025\/12\/Cote-Mas-Nouvel-An-4.jpg&#8221; title_text=&#8221;C\u00f4t\u00e9 Mas Nouvel An&#8221; _builder_version=&#8221;4.27.4&#8243; _module_preset=&#8221;default&#8221; box_shadow_style=&#8221;preset4&#8243; global_colors_info=&#8221;{}&#8221;][\/et_pb_image][\/et_pb_column][\/et_pb_row][et_pb_row _builder_version=&#8221;4.23.1&#8243; _module_preset=&#8221;default&#8221; width=&#8221;75%&#8221; custom_margin=&#8221;39px|auto||auto||&#8221; global_colors_info=&#8221;{}&#8221;][et_pb_column type=&#8221;4_4&#8243; _builder_version=&#8221;4.23.1&#8243; _module_preset=&#8221;default&#8221; global_colors_info=&#8221;{}&#8221;][et_pb_text _builder_version=&#8221;4.23.1&#8243; _module_preset=&#8221;default&#8221; custom_margin=&#8221;13px|||||&#8221; global_colors_info=&#8221;{}&#8221;]<\/p>\n<h3 style=\"text-align: center;\"><strong>Ambiance musicale <\/strong><\/h3>\n<h3 style=\"text-align: center;\"><strong>Madame, Messieurs\u00a0<\/strong><\/h3>\n<p style=\"text-align: center;\"><strong>Un trio piano-voix original, vintage et feutr\u00e9<\/strong><\/p>\n<h3 style=\"text-align: center;\"><\/h3>\n<h3><\/h3>\n<p>[\/et_pb_text][et_pb_image src=&#8221;https:\/\/www.cote-mas.fr\/wp-content\/uploads\/2024\/12\/Madame-messieurs.jpg&#8221; title_text=&#8221;Madame, messieurs&#8221; align=&#8221;center&#8221; _builder_version=&#8221;4.27.4&#8243; _module_preset=&#8221;default&#8221; width=&#8221;50%&#8221; box_shadow_style=&#8221;preset4&#8243; global_colors_info=&#8221;{}&#8221;][\/et_pb_image][\/et_pb_column][\/et_pb_row][et_pb_row _builder_version=&#8221;4.16&#8243; _module_preset=&#8221;default&#8221; custom_padding=&#8221;35px|||||&#8221; global_colors_info=&#8221;{}&#8221;][et_pb_column type=&#8221;4_4&#8243; _builder_version=&#8221;4.16&#8243; _module_preset=&#8221;default&#8221; global_colors_info=&#8221;{}&#8221;][et_pb_text admin_label=&#8221;Text&#8221; _builder_version=&#8221;4.27.4&#8243; background_size=&#8221;initial&#8221; background_position=&#8221;top_left&#8221; background_repeat=&#8221;repeat&#8221; max_width=&#8221;80%&#8221; module_alignment=&#8221;center&#8221; custom_padding=&#8221;15px|||||&#8221; global_colors_info=&#8221;{}&#8221;]<\/p>\n<h2 data-start=\"1074\" data-end=\"1106\"><strong data-start=\"1077\" data-end=\"1106\">R\u00e9servez d\u00e8s maintenant !<\/strong><\/h2>\n<p data-start=\"1108\" data-end=\"1190\">Offrez-vous un r\u00e9veillon inoubliable dans le cadre enchanteur du Ch\u00e2teau Paul Mas.<\/p>\n<p data-start=\"1192\" data-end=\"1291\">Pour r\u00e9server votre table, contactez-nous :<br data-start=\"1235\" data-end=\"1238\" \/><strong data-start=\"1241\" data-end=\"1265\">+33 (0)4 67 24 36 10<\/strong><br data-start=\"1265\" data-end=\"1268\" \/><strong data-start=\"1271\" data-end=\"1291\"><a data-start=\"1273\" data-end=\"1289\" class=\"decorated-link cursor-pointer\" rel=\"noopener\">info@cote-mas.fr<\/a><\/strong><\/p>\n<p data-start=\"1192\" data-end=\"1291\">Les places \u00e9tant limit\u00e9es, nous vous recommandons de r\u00e9server au plus t\u00f4t.<\/p>\n<hr data-start=\"1369\" data-end=\"1372\" \/>\n<p data-start=\"1374\" data-end=\"1555\">\u00c0 C\u00f4t\u00e9 Mas, nous avons h\u00e2te de vous accueillir pour c\u00e9l\u00e9brer ensemble l\u2019arriv\u00e9e d\u2019une nouvelle ann\u00e9e pleine de promesses.<br data-start=\"1495\" data-end=\"1498\" \/>Partageons des instants gourmands, festifs et chaleureux.<\/p>\n<p data-start=\"1557\" data-end=\"1608\"><strong data-start=\"1557\" data-end=\"1608\">Joyeux R\u00e9veillon et \u00e0 tr\u00e8s bient\u00f4t \u00e0 C\u00f4t\u00e9 Mas !<\/strong><\/p>\n<p>[\/et_pb_text][et_pb_divider _builder_version=&#8221;4.16&#8243; _module_preset=&#8221;default&#8221; global_colors_info=&#8221;{}&#8221;][\/et_pb_divider][et_pb_text admin_label=&#8221;Text&#8221; _builder_version=&#8221;4.16&#8243; background_size=&#8221;initial&#8221; background_position=&#8221;top_left&#8221; background_repeat=&#8221;repeat&#8221; width=&#8221;62%&#8221; module_alignment=&#8221;center&#8221; custom_margin=&#8221;-45px|||||&#8221; custom_padding=&#8221;7px|||||&#8221; global_colors_info=&#8221;{}&#8221;]<\/p>\n<p style=\"text-align: justify;\"><em>N&#8217;h\u00e9sitez pas \u00e0 vous inscire \u00e0 la newsletter ou \u00e0 nous suivre sur les r\u00e9seaux sociaux pour \u00eatre les premiers inform\u00e9s de tous nos \u00e9v\u00e8nements, soir\u00e9es sp\u00e9ciales, offres promotionnelles &#8230;<\/em><\/p>\n<p class=\"p1\">[\/et_pb_text][et_pb_button button_url=&#8221;https:\/\/www.cote-mas.fr\/inscription-newsletter\/&#8221; url_new_window=&#8221;on&#8221; button_text=&#8221;Inscription Newsletter&#8221; button_alignment=&#8221;center&#8221; _builder_version=&#8221;4.16&#8243; _module_preset=&#8221;default&#8221; custom_button=&#8221;on&#8221; button_text_color=&#8221;#5F504D&#8221; button_bg_color=&#8221;RGBA(255,255,255,0)&#8221; button_border_color=&#8221;#5F504D&#8221; custom_margin=&#8221;0px||||false|false&#8221; global_colors_info=&#8221;{}&#8221;][\/et_pb_button][et_pb_social_media_follow _builder_version=&#8221;4.16&#8243; _module_preset=&#8221;default&#8221; text_orientation=&#8221;center&#8221; module_alignment=&#8221;center&#8221; custom_margin=&#8221;0px||||false|false&#8221; custom_padding=&#8221;0px|||||&#8221; locked=&#8221;off&#8221; global_colors_info=&#8221;{}&#8221;][et_pb_social_media_follow_network social_network=&#8221;instagram&#8221; url=&#8221;https:\/\/www.instagram.com\/cotemas\/&#8221; use_icon_font_size=&#8221;on&#8221; icon_font_size=&#8221;39px&#8221; _builder_version=&#8221;4.16&#8243; _module_preset=&#8221;default&#8221; background_color=&#8221;#5f504d&#8221; background_enable_color=&#8221;on&#8221; custom_button=&#8221;on&#8221; button_text_size=&#8221;12px&#8221; button_bg_color=&#8221;#5f504d&#8221; button_border_color=&#8221;#5f504d&#8221; button_border_radius=&#8221;9px&#8221; transform_scale=&#8221;82%|82%&#8221; border_radii=&#8221;on|40px|40px|40px|40px&#8221; global_colors_info=&#8221;{}&#8221; follow_button=&#8221;off&#8221; url_new_window=&#8221;on&#8221;]instagram[\/et_pb_social_media_follow_network][et_pb_social_media_follow_network social_network=&#8221;facebook&#8221; url=&#8221;https:\/\/www.facebook.com\/Cote.Mas&#8221; use_icon_font_size=&#8221;on&#8221; icon_font_size=&#8221;39px&#8221; _builder_version=&#8221;4.16&#8243; _module_preset=&#8221;default&#8221; background_color=&#8221;#5f504d&#8221; background_enable_color=&#8221;on&#8221; custom_button=&#8221;on&#8221; button_text_size=&#8221;12px&#8221; button_bg_color=&#8221;#5f504d&#8221; button_border_color=&#8221;#5f504d&#8221; button_border_radius=&#8221;9px&#8221; transform_scale=&#8221;82%|82%&#8221; border_radii=&#8221;on|40px|40px|40px|40px&#8221; global_colors_info=&#8221;{}&#8221; follow_button=&#8221;off&#8221; url_new_window=&#8221;on&#8221;]facebook[\/et_pb_social_media_follow_network][\/et_pb_social_media_follow][\/et_pb_column][\/et_pb_row][\/et_pb_section]<\/p>\n","protected":false},"excerpt":{"rendered":"<p>Le passage \u00e0 la nouvelle ann\u00e9e chez C\u00f4t\u00e9 Mas Chez C\u00f4t\u00e9 Mas, nous sommes ravis de vous pr\u00e9senter notre proposition pour le r\u00e9veillon de la Saint-Sylvestre. Cette ann\u00e9e encore, vivez une exp\u00e9rience gastronomique unique au c\u0153ur du vignoble du Ch\u00e2teau Paul Mas.Nos chefs ont imagin\u00e9 une succession de d\u00e9licates cr\u00e9ations culinaires \u00e0 partager, pens\u00e9es pour [&hellip;]<\/p>\n","protected":false},"author":43,"featured_media":18615,"comment_status":"open","ping_status":"open","sticky":false,"template":"","format":"standard","meta":{"_et_pb_use_builder":"on","_et_pb_old_content":"","_et_gb_content_width":"1413","footnotes":""},"categories":[36],"tags":[],"class_list":["post-18606","post","type-post","status-publish","format-standard","has-post-thumbnail","hentry","category-evenement"],"yoast_head":"<!-- This site is optimized with the Yoast SEO plugin v27.4 - https:\/\/yoast.com\/product\/yoast-seo-wordpress\/ -->\n<title>Saint Sylvestre 2025 - C\u00f4t\u00e9 Mas<\/title>\n<meta name=\"robots\" content=\"index, follow, max-snippet:-1, max-image-preview:large, max-video-preview:-1\" \/>\n<link rel=\"canonical\" href=\"https:\/\/www.cote-mas.fr\/saint-sylvestre-2025\/\" \/>\n<meta property=\"og:locale\" content=\"en_US\" \/>\n<meta property=\"og:type\" content=\"article\" \/>\n<meta property=\"og:title\" content=\"Saint Sylvestre 2025 - C\u00f4t\u00e9 Mas\" \/>\n<meta property=\"og:description\" content=\"Le passage \u00e0 la nouvelle ann\u00e9e chez C\u00f4t\u00e9 Mas Chez C\u00f4t\u00e9 Mas, nous sommes ravis de vous pr\u00e9senter notre proposition pour le r\u00e9veillon de la Saint-Sylvestre. Cette ann\u00e9e encore, vivez une exp\u00e9rience gastronomique unique au c\u0153ur du vignoble du Ch\u00e2teau Paul Mas.Nos chefs ont imagin\u00e9 une succession de d\u00e9licates cr\u00e9ations culinaires \u00e0 partager, pens\u00e9es pour [&hellip;]\" \/>\n<meta property=\"og:url\" content=\"https:\/\/www.cote-mas.fr\/saint-sylvestre-2025\/\" \/>\n<meta property=\"og:site_name\" content=\"C\u00f4t\u00e9 Mas\" \/>\n<meta property=\"article:publisher\" content=\"https:\/\/www.facebook.com\/Cote.Mas\" \/>\n<meta property=\"article:published_time\" content=\"2025-12-08T09:27:49+00:00\" \/>\n<meta property=\"article:modified_time\" content=\"2025-12-08T09:29:24+00:00\" \/>\n<meta property=\"og:image\" content=\"https:\/\/www.cote-mas.fr\/wp-content\/uploads\/2025\/12\/Cote-Mas-Nouvel-An-2.jpg\" \/>\n\t<meta property=\"og:image:width\" content=\"400\" \/>\n\t<meta property=\"og:image:height\" content=\"300\" \/>\n\t<meta property=\"og:image:type\" content=\"image\/jpeg\" \/>\n<meta name=\"author\" content=\"Amandine Nelson\" \/>\n<meta name=\"twitter:card\" content=\"summary_large_image\" \/>\n<meta name=\"twitter:label1\" content=\"Written by\" \/>\n\t<meta name=\"twitter:data1\" content=\"Amandine Nelson\" \/>\n\t<meta name=\"twitter:label2\" content=\"Est. reading time\" \/>\n\t<meta name=\"twitter:data2\" content=\"3 minutes\" \/>\n<script type=\"application\/ld+json\" class=\"yoast-schema-graph\">{\"@context\":\"https:\\\/\\\/schema.org\",\"@graph\":[{\"@type\":\"Article\",\"@id\":\"https:\\\/\\\/www.cote-mas.fr\\\/saint-sylvestre-2025\\\/#article\",\"isPartOf\":{\"@id\":\"https:\\\/\\\/www.cote-mas.fr\\\/saint-sylvestre-2025\\\/\"},\"author\":{\"name\":\"Amandine Nelson\",\"@id\":\"https:\\\/\\\/www.cote-mas.fr\\\/#\\\/schema\\\/person\\\/a28d00bbf357e9c0b83b06c9f45e3894\"},\"headline\":\"Saint Sylvestre 2025\",\"datePublished\":\"2025-12-08T09:27:49+00:00\",\"dateModified\":\"2025-12-08T09:29:24+00:00\",\"mainEntityOfPage\":{\"@id\":\"https:\\\/\\\/www.cote-mas.fr\\\/saint-sylvestre-2025\\\/\"},\"wordCount\":1030,\"commentCount\":0,\"publisher\":{\"@id\":\"https:\\\/\\\/www.cote-mas.fr\\\/#organization\"},\"image\":{\"@id\":\"https:\\\/\\\/www.cote-mas.fr\\\/saint-sylvestre-2025\\\/#primaryimage\"},\"thumbnailUrl\":\"https:\\\/\\\/www.cote-mas.fr\\\/wp-content\\\/uploads\\\/2025\\\/12\\\/Cote-Mas-Nouvel-An-2.jpg\",\"articleSection\":[\"Ev\u00e8nement\"],\"inLanguage\":\"en-US\",\"potentialAction\":[{\"@type\":\"CommentAction\",\"name\":\"Comment\",\"target\":[\"https:\\\/\\\/www.cote-mas.fr\\\/saint-sylvestre-2025\\\/#respond\"]}]},{\"@type\":\"WebPage\",\"@id\":\"https:\\\/\\\/www.cote-mas.fr\\\/saint-sylvestre-2025\\\/\",\"url\":\"https:\\\/\\\/www.cote-mas.fr\\\/saint-sylvestre-2025\\\/\",\"name\":\"Saint Sylvestre 2025 - C\u00f4t\u00e9 Mas\",\"isPartOf\":{\"@id\":\"https:\\\/\\\/www.cote-mas.fr\\\/#website\"},\"primaryImageOfPage\":{\"@id\":\"https:\\\/\\\/www.cote-mas.fr\\\/saint-sylvestre-2025\\\/#primaryimage\"},\"image\":{\"@id\":\"https:\\\/\\\/www.cote-mas.fr\\\/saint-sylvestre-2025\\\/#primaryimage\"},\"thumbnailUrl\":\"https:\\\/\\\/www.cote-mas.fr\\\/wp-content\\\/uploads\\\/2025\\\/12\\\/Cote-Mas-Nouvel-An-2.jpg\",\"datePublished\":\"2025-12-08T09:27:49+00:00\",\"dateModified\":\"2025-12-08T09:29:24+00:00\",\"breadcrumb\":{\"@id\":\"https:\\\/\\\/www.cote-mas.fr\\\/saint-sylvestre-2025\\\/#breadcrumb\"},\"inLanguage\":\"en-US\",\"potentialAction\":[{\"@type\":\"ReadAction\",\"target\":[\"https:\\\/\\\/www.cote-mas.fr\\\/saint-sylvestre-2025\\\/\"]}]},{\"@type\":\"ImageObject\",\"inLanguage\":\"en-US\",\"@id\":\"https:\\\/\\\/www.cote-mas.fr\\\/saint-sylvestre-2025\\\/#primaryimage\",\"url\":\"https:\\\/\\\/www.cote-mas.fr\\\/wp-content\\\/uploads\\\/2025\\\/12\\\/Cote-Mas-Nouvel-An-2.jpg\",\"contentUrl\":\"https:\\\/\\\/www.cote-mas.fr\\\/wp-content\\\/uploads\\\/2025\\\/12\\\/Cote-Mas-Nouvel-An-2.jpg\",\"width\":400,\"height\":300},{\"@type\":\"BreadcrumbList\",\"@id\":\"https:\\\/\\\/www.cote-mas.fr\\\/saint-sylvestre-2025\\\/#breadcrumb\",\"itemListElement\":[{\"@type\":\"ListItem\",\"position\":1,\"name\":\"Accueil\",\"item\":\"https:\\\/\\\/www.cote-mas.fr\\\/en\\\/\"},{\"@type\":\"ListItem\",\"position\":2,\"name\":\"Saint Sylvestre 2025\"}]},{\"@type\":\"WebSite\",\"@id\":\"https:\\\/\\\/www.cote-mas.fr\\\/#website\",\"url\":\"https:\\\/\\\/www.cote-mas.fr\\\/\",\"name\":\"C\u00f4t\u00e9 Mas\",\"description\":\"Le restaurant des Domaines Paul Mas \u00e0 Montagnac en Languedoc\",\"publisher\":{\"@id\":\"https:\\\/\\\/www.cote-mas.fr\\\/#organization\"},\"potentialAction\":[{\"@type\":\"SearchAction\",\"target\":{\"@type\":\"EntryPoint\",\"urlTemplate\":\"https:\\\/\\\/www.cote-mas.fr\\\/?s={search_term_string}\"},\"query-input\":{\"@type\":\"PropertyValueSpecification\",\"valueRequired\":true,\"valueName\":\"search_term_string\"}}],\"inLanguage\":\"en-US\"},{\"@type\":\"Organization\",\"@id\":\"https:\\\/\\\/www.cote-mas.fr\\\/#organization\",\"name\":\"C\u00f4t\u00e9 Mas\",\"url\":\"https:\\\/\\\/www.cote-mas.fr\\\/\",\"logo\":{\"@type\":\"ImageObject\",\"inLanguage\":\"en-US\",\"@id\":\"https:\\\/\\\/www.cote-mas.fr\\\/#\\\/schema\\\/logo\\\/image\\\/\",\"url\":\"https:\\\/\\\/www.cote-mas.fr\\\/wp-content\\\/uploads\\\/2021\\\/07\\\/Logo-cote-mas-seul-copie-2.png\",\"contentUrl\":\"https:\\\/\\\/www.cote-mas.fr\\\/wp-content\\\/uploads\\\/2021\\\/07\\\/Logo-cote-mas-seul-copie-2.png\",\"width\":487,\"height\":114,\"caption\":\"C\u00f4t\u00e9 Mas\"},\"image\":{\"@id\":\"https:\\\/\\\/www.cote-mas.fr\\\/#\\\/schema\\\/logo\\\/image\\\/\"},\"sameAs\":[\"https:\\\/\\\/www.facebook.com\\\/Cote.Mas\",\"https:\\\/\\\/www.instagram.com\\\/cotemas\\\/\"]},{\"@type\":\"Person\",\"@id\":\"https:\\\/\\\/www.cote-mas.fr\\\/#\\\/schema\\\/person\\\/a28d00bbf357e9c0b83b06c9f45e3894\",\"name\":\"Amandine Nelson\",\"image\":{\"@type\":\"ImageObject\",\"inLanguage\":\"en-US\",\"@id\":\"https:\\\/\\\/secure.gravatar.com\\\/avatar\\\/a59444e62f2377ad3d242270a9354ca685acc8491de224a8986182c58a425529?s=96&d=mm&r=g\",\"url\":\"https:\\\/\\\/secure.gravatar.com\\\/avatar\\\/a59444e62f2377ad3d242270a9354ca685acc8491de224a8986182c58a425529?s=96&d=mm&r=g\",\"contentUrl\":\"https:\\\/\\\/secure.gravatar.com\\\/avatar\\\/a59444e62f2377ad3d242270a9354ca685acc8491de224a8986182c58a425529?s=96&d=mm&r=g\",\"caption\":\"Amandine Nelson\"},\"url\":\"https:\\\/\\\/www.cote-mas.fr\\\/en\\\/author\\\/anelson\\\/\"}]}<\/script>\n<!-- \/ Yoast SEO plugin. -->","yoast_head_json":{"title":"Saint Sylvestre 2025 - C\u00f4t\u00e9 Mas","robots":{"index":"index","follow":"follow","max-snippet":"max-snippet:-1","max-image-preview":"max-image-preview:large","max-video-preview":"max-video-preview:-1"},"canonical":"https:\/\/www.cote-mas.fr\/saint-sylvestre-2025\/","og_locale":"en_US","og_type":"article","og_title":"Saint Sylvestre 2025 - C\u00f4t\u00e9 Mas","og_description":"Le passage \u00e0 la nouvelle ann\u00e9e chez C\u00f4t\u00e9 Mas Chez C\u00f4t\u00e9 Mas, nous sommes ravis de vous pr\u00e9senter notre proposition pour le r\u00e9veillon de la Saint-Sylvestre. Cette ann\u00e9e encore, vivez une exp\u00e9rience gastronomique unique au c\u0153ur du vignoble du Ch\u00e2teau Paul Mas.Nos chefs ont imagin\u00e9 une succession de d\u00e9licates cr\u00e9ations culinaires \u00e0 partager, pens\u00e9es pour [&hellip;]","og_url":"https:\/\/www.cote-mas.fr\/saint-sylvestre-2025\/","og_site_name":"C\u00f4t\u00e9 Mas","article_publisher":"https:\/\/www.facebook.com\/Cote.Mas","article_published_time":"2025-12-08T09:27:49+00:00","article_modified_time":"2025-12-08T09:29:24+00:00","og_image":[{"width":400,"height":300,"url":"https:\/\/www.cote-mas.fr\/wp-content\/uploads\/2025\/12\/Cote-Mas-Nouvel-An-2.jpg","type":"image\/jpeg"}],"author":"Amandine Nelson","twitter_card":"summary_large_image","twitter_misc":{"Written by":"Amandine Nelson","Est. reading time":"3 minutes"},"schema":{"@context":"https:\/\/schema.org","@graph":[{"@type":"Article","@id":"https:\/\/www.cote-mas.fr\/saint-sylvestre-2025\/#article","isPartOf":{"@id":"https:\/\/www.cote-mas.fr\/saint-sylvestre-2025\/"},"author":{"name":"Amandine Nelson","@id":"https:\/\/www.cote-mas.fr\/#\/schema\/person\/a28d00bbf357e9c0b83b06c9f45e3894"},"headline":"Saint Sylvestre 2025","datePublished":"2025-12-08T09:27:49+00:00","dateModified":"2025-12-08T09:29:24+00:00","mainEntityOfPage":{"@id":"https:\/\/www.cote-mas.fr\/saint-sylvestre-2025\/"},"wordCount":1030,"commentCount":0,"publisher":{"@id":"https:\/\/www.cote-mas.fr\/#organization"},"image":{"@id":"https:\/\/www.cote-mas.fr\/saint-sylvestre-2025\/#primaryimage"},"thumbnailUrl":"https:\/\/www.cote-mas.fr\/wp-content\/uploads\/2025\/12\/Cote-Mas-Nouvel-An-2.jpg","articleSection":["Ev\u00e8nement"],"inLanguage":"en-US","potentialAction":[{"@type":"CommentAction","name":"Comment","target":["https:\/\/www.cote-mas.fr\/saint-sylvestre-2025\/#respond"]}]},{"@type":"WebPage","@id":"https:\/\/www.cote-mas.fr\/saint-sylvestre-2025\/","url":"https:\/\/www.cote-mas.fr\/saint-sylvestre-2025\/","name":"Saint Sylvestre 2025 - C\u00f4t\u00e9 Mas","isPartOf":{"@id":"https:\/\/www.cote-mas.fr\/#website"},"primaryImageOfPage":{"@id":"https:\/\/www.cote-mas.fr\/saint-sylvestre-2025\/#primaryimage"},"image":{"@id":"https:\/\/www.cote-mas.fr\/saint-sylvestre-2025\/#primaryimage"},"thumbnailUrl":"https:\/\/www.cote-mas.fr\/wp-content\/uploads\/2025\/12\/Cote-Mas-Nouvel-An-2.jpg","datePublished":"2025-12-08T09:27:49+00:00","dateModified":"2025-12-08T09:29:24+00:00","breadcrumb":{"@id":"https:\/\/www.cote-mas.fr\/saint-sylvestre-2025\/#breadcrumb"},"inLanguage":"en-US","potentialAction":[{"@type":"ReadAction","target":["https:\/\/www.cote-mas.fr\/saint-sylvestre-2025\/"]}]},{"@type":"ImageObject","inLanguage":"en-US","@id":"https:\/\/www.cote-mas.fr\/saint-sylvestre-2025\/#primaryimage","url":"https:\/\/www.cote-mas.fr\/wp-content\/uploads\/2025\/12\/Cote-Mas-Nouvel-An-2.jpg","contentUrl":"https:\/\/www.cote-mas.fr\/wp-content\/uploads\/2025\/12\/Cote-Mas-Nouvel-An-2.jpg","width":400,"height":300},{"@type":"BreadcrumbList","@id":"https:\/\/www.cote-mas.fr\/saint-sylvestre-2025\/#breadcrumb","itemListElement":[{"@type":"ListItem","position":1,"name":"Accueil","item":"https:\/\/www.cote-mas.fr\/en\/"},{"@type":"ListItem","position":2,"name":"Saint Sylvestre 2025"}]},{"@type":"WebSite","@id":"https:\/\/www.cote-mas.fr\/#website","url":"https:\/\/www.cote-mas.fr\/","name":"C\u00f4t\u00e9 Mas","description":"Le restaurant des Domaines Paul Mas \u00e0 Montagnac en Languedoc","publisher":{"@id":"https:\/\/www.cote-mas.fr\/#organization"},"potentialAction":[{"@type":"SearchAction","target":{"@type":"EntryPoint","urlTemplate":"https:\/\/www.cote-mas.fr\/?s={search_term_string}"},"query-input":{"@type":"PropertyValueSpecification","valueRequired":true,"valueName":"search_term_string"}}],"inLanguage":"en-US"},{"@type":"Organization","@id":"https:\/\/www.cote-mas.fr\/#organization","name":"C\u00f4t\u00e9 Mas","url":"https:\/\/www.cote-mas.fr\/","logo":{"@type":"ImageObject","inLanguage":"en-US","@id":"https:\/\/www.cote-mas.fr\/#\/schema\/logo\/image\/","url":"https:\/\/www.cote-mas.fr\/wp-content\/uploads\/2021\/07\/Logo-cote-mas-seul-copie-2.png","contentUrl":"https:\/\/www.cote-mas.fr\/wp-content\/uploads\/2021\/07\/Logo-cote-mas-seul-copie-2.png","width":487,"height":114,"caption":"C\u00f4t\u00e9 Mas"},"image":{"@id":"https:\/\/www.cote-mas.fr\/#\/schema\/logo\/image\/"},"sameAs":["https:\/\/www.facebook.com\/Cote.Mas","https:\/\/www.instagram.com\/cotemas\/"]},{"@type":"Person","@id":"https:\/\/www.cote-mas.fr\/#\/schema\/person\/a28d00bbf357e9c0b83b06c9f45e3894","name":"Amandine Nelson","image":{"@type":"ImageObject","inLanguage":"en-US","@id":"https:\/\/secure.gravatar.com\/avatar\/a59444e62f2377ad3d242270a9354ca685acc8491de224a8986182c58a425529?s=96&d=mm&r=g","url":"https:\/\/secure.gravatar.com\/avatar\/a59444e62f2377ad3d242270a9354ca685acc8491de224a8986182c58a425529?s=96&d=mm&r=g","contentUrl":"https:\/\/secure.gravatar.com\/avatar\/a59444e62f2377ad3d242270a9354ca685acc8491de224a8986182c58a425529?s=96&d=mm&r=g","caption":"Amandine Nelson"},"url":"https:\/\/www.cote-mas.fr\/en\/author\/anelson\/"}]}},"_links":{"self":[{"href":"https:\/\/www.cote-mas.fr\/en\/wp-json\/wp\/v2\/posts\/18606","targetHints":{"allow":["GET"]}}],"collection":[{"href":"https:\/\/www.cote-mas.fr\/en\/wp-json\/wp\/v2\/posts"}],"about":[{"href":"https:\/\/www.cote-mas.fr\/en\/wp-json\/wp\/v2\/types\/post"}],"author":[{"embeddable":true,"href":"https:\/\/www.cote-mas.fr\/en\/wp-json\/wp\/v2\/users\/43"}],"replies":[{"embeddable":true,"href":"https:\/\/www.cote-mas.fr\/en\/wp-json\/wp\/v2\/comments?post=18606"}],"version-history":[{"count":12,"href":"https:\/\/www.cote-mas.fr\/en\/wp-json\/wp\/v2\/posts\/18606\/revisions"}],"predecessor-version":[{"id":18632,"href":"https:\/\/www.cote-mas.fr\/en\/wp-json\/wp\/v2\/posts\/18606\/revisions\/18632"}],"wp:featuredmedia":[{"embeddable":true,"href":"https:\/\/www.cote-mas.fr\/en\/wp-json\/wp\/v2\/media\/18615"}],"wp:attachment":[{"href":"https:\/\/www.cote-mas.fr\/en\/wp-json\/wp\/v2\/media?parent=18606"}],"wp:term":[{"taxonomy":"category","embeddable":true,"href":"https:\/\/www.cote-mas.fr\/en\/wp-json\/wp\/v2\/categories?post=18606"},{"taxonomy":"post_tag","embeddable":true,"href":"https:\/\/www.cote-mas.fr\/en\/wp-json\/wp\/v2\/tags?post=18606"}],"curies":[{"name":"wp","href":"https:\/\/api.w.org\/{rel}","templated":true}]}}