{"id":17806,"date":"2025-09-11T09:58:04","date_gmt":"2025-09-11T08:58:04","guid":{"rendered":"https:\/\/www.cote-mas.fr\/?p=17806"},"modified":"2025-09-11T10:18:30","modified_gmt":"2025-09-11T09:18:30","slug":"huiles-dolive-les-tannes-en-occitanie","status":"publish","type":"post","link":"https:\/\/www.cote-mas.fr\/en\/huiles-dolive-les-tannes-en-occitanie\/","title":{"rendered":"Huiles d\u2019olive C\u00f4t\u00e9 Mas : l\u2019expression du Luxe Rural en M\u00e9diterran\u00e9e"},"content":{"rendered":"<p>[et_pb_section fb_built=&#8221;1&#8243; custom_padding_last_edited=&#8221;on|desktop&#8221; admin_label=&#8221;section&#8221; _builder_version=&#8221;4.22.1&#8243; background_color=&#8221;RGBA(255,255,255,0)&#8221; custom_padding_tablet=&#8221;50px|0|50px|0&#8243; custom_padding_phone=&#8221;&#8221; transparent_background=&#8221;off&#8221; padding_mobile=&#8221;off&#8221; make_fullwidth=&#8221;off&#8221; use_custom_width=&#8221;off&#8221; width_unit=&#8221;on&#8221; global_colors_info=&#8221;{}&#8221;][et_pb_row _builder_version=&#8221;4.21.0&#8243; _module_preset=&#8221;default&#8221; global_colors_info=&#8221;{}&#8221;][et_pb_column type=&#8221;4_4&#8243; _builder_version=&#8221;4.21.0&#8243; _module_preset=&#8221;default&#8221; global_colors_info=&#8221;{}&#8221;][et_pb_text _builder_version=&#8221;4.27.4&#8243; _module_preset=&#8221;default&#8221; header_font=&#8221;|||||on|||&#8221; header_font_size=&#8221;39px&#8221; custom_margin=&#8221;17px|||||&#8221; hover_enabled=&#8221;0&#8243; locked=&#8221;off&#8221; global_colors_info=&#8221;{}&#8221; sticky_enabled=&#8221;0&#8243;]<\/p>\n<h1 style=\"text-align: center;\"><strong>Les Huiles d\u2019olive Les Tannes en Occitanie : <\/strong><\/h1>\n<h1 style=\"text-align: center;\"><strong>l\u2019expression du Luxe Rural en M\u00e9diterran\u00e9e<\/strong><\/h1>\n<p>[\/et_pb_text][\/et_pb_column][\/et_pb_row][et_pb_row _builder_version=&#8221;4.22.1&#8243; _module_preset=&#8221;default&#8221; global_colors_info=&#8221;{}&#8221;][et_pb_column type=&#8221;4_4&#8243; _builder_version=&#8221;4.22.1&#8243; _module_preset=&#8221;default&#8221; global_colors_info=&#8221;{}&#8221;][et_pb_image src=&#8221;https:\/\/www.cote-mas.fr\/wp-content\/uploads\/2025\/08\/Exclusivite-nouvelles-variete-dhuile-dOlives.jpg&#8221; alt=&#8221;Exclusivit\u00e9 nouvelles vari\u00e9t\u00e9 d&#8217;huile d&#8217;Olives&#8221; title_text=&#8221;Exclusivit\u00e9 nouvelles vari\u00e9t\u00e9 d&#8217;huile d&#8217;Olives&#8221; url=&#8221;https:\/\/www.cote-mas.fr\/nos-huiles-dolive\/#nos-huiles&#8221; _builder_version=&#8221;4.27.4&#8243; _module_preset=&#8221;default&#8221; max_width=&#8221;75%&#8221; module_alignment=&#8221;center&#8221; box_shadow_style=&#8221;preset2&#8243; global_colors_info=&#8221;{}&#8221;][\/et_pb_image][\/et_pb_column][\/et_pb_row][et_pb_row admin_label=&#8221;row&#8221; _builder_version=&#8221;4.16&#8243; background_size=&#8221;initial&#8221; background_position=&#8221;top_left&#8221; background_repeat=&#8221;repeat&#8221; custom_margin=&#8221;30px|auto||auto||&#8221; custom_padding=&#8221;||0px|||&#8221; global_colors_info=&#8221;{}&#8221;][et_pb_column type=&#8221;4_4&#8243; _builder_version=&#8221;4.16&#8243; custom_padding=&#8221;|||&#8221; global_colors_info=&#8221;{}&#8221; custom_padding__hover=&#8221;|||&#8221;][et_pb_text admin_label=&#8221;Text&#8221; _builder_version=&#8221;4.27.4&#8243; background_size=&#8221;initial&#8221; background_position=&#8221;top_left&#8221; background_repeat=&#8221;repeat&#8221; custom_padding=&#8221;0px|||||&#8221; hover_enabled=&#8221;0&#8243; global_colors_info=&#8221;{}&#8221; sticky_enabled=&#8221;0&#8243;]<\/p>\n<p style=\"text-align: justify;\">Chez C\u00f4t\u00e9 Mas, nous cultivons une conviction simple : la <strong>gastronomie du Sud<\/strong> ne s\u2019exprime pleinement qu\u2019avec des produits <strong>authentiques<\/strong>, porteurs d\u2019histoire et de caract\u00e8re. Apr\u00e8s le vin, la table gastronomique et l\u2019\u0153notourisme, nous avons voulu partager avec vous un autre tr\u00e9sor de notre terroir :<strong> l\u2019huile d\u2019olive<\/strong>.<\/p>\n<p style=\"text-align: justify;\">Symbole de la M\u00e9diterran\u00e9e, l\u2019huile d\u2019olive est bien plus qu\u2019un condiment. Elle est une signature culinaire, capable de transformer une tomate du jardin, une viande grill\u00e9e ou un dessert fruit\u00e9 en exp\u00e9rience sensorielle unique.<\/p>\n<p style=\"text-align: justify;\">Aujourd\u2019hui, nous avons le plaisir de vous pr\u00e9senter trois nouvelles huiles d\u2019olive issues de vari\u00e9t\u00e9s locales, \u00e9labor\u00e9es avec la m\u00eame exigence que nos vins : Lucques, Bouteillan et Clermontaise.<\/p>\n<p style=\"text-align: justify;\">\n<p style=\"text-align: justify;\">\n<h2><strong>Trois nouvelles vari\u00e9t\u00e9s pour enrichir vos accords<\/strong><\/h2>\n<p>[\/et_pb_text][\/et_pb_column][\/et_pb_row][et_pb_row column_structure=&#8221;1_3,1_3,1_3&#8243; _builder_version=&#8221;4.27.4&#8243; _module_preset=&#8221;default&#8221; global_colors_info=&#8221;{}&#8221;][et_pb_column type=&#8221;1_3&#8243; _builder_version=&#8221;4.27.4&#8243; _module_preset=&#8221;default&#8221; global_colors_info=&#8221;{}&#8221;][et_pb_image src=&#8221;https:\/\/www.cote-mas.fr\/wp-content\/uploads\/2025\/08\/Huile-dOlive-Les-Tannes-en-Occitanie-LUCQUES.jpg&#8221; alt=&#8221;Huile d&#8217;Olive Les Tannes en Occitanie &#8211; LUCQUES&#8221; title_text=&#8221;Huile d&#8217;Olive Les Tannes en Occitanie &#8211; LUCQUES&#8221; _builder_version=&#8221;4.27.4&#8243; _module_preset=&#8221;default&#8221; global_colors_info=&#8221;{}&#8221;][\/et_pb_image][et_pb_text _builder_version=&#8221;4.27.4&#8243; _module_preset=&#8221;default&#8221; hover_enabled=&#8221;0&#8243; global_colors_info=&#8221;{}&#8221; height=&#8221;230px&#8221; sticky_enabled=&#8221;0&#8243;]<\/p>\n<h3><strong>Lucques : finesse et \u00e9l\u00e9gance<\/strong><\/h3>\n<p style=\"text-align: justify;\">Reconnue pour son profil d\u00e9licat, la Lucques offre des ar\u00f4mes subtils d\u2019amande fra\u00eeche et de pomme croquante. C\u2019est l\u2019huile id\u00e9ale pour rehausser des plats l\u00e9gers comme une salade de l\u00e9gumes de saison, un poisson grill\u00e9 ou encore un fromage de ch\u00e8vre frais.<\/p>\n<p>[\/et_pb_text][et_pb_button button_url=&#8221;https:\/\/www.cote-mas.fr\/produit\/huile-dolive-des-tannes-en-occitanie-lucques\/&#8221; button_text=&#8221;En savoir plus&#8221; button_alignment=&#8221;center&#8221; _builder_version=&#8221;4.27.4&#8243; _module_preset=&#8221;default&#8221; global_colors_info=&#8221;{}&#8221;][\/et_pb_button][\/et_pb_column][et_pb_column type=&#8221;1_3&#8243; _builder_version=&#8221;4.27.4&#8243; _module_preset=&#8221;default&#8221; global_colors_info=&#8221;{}&#8221;][et_pb_image src=&#8221;https:\/\/www.cote-mas.fr\/wp-content\/uploads\/2025\/08\/Huile-dOlive-Les-Tannes-en-Occitanie-BOUTEILLAN.jpg&#8221; alt=&#8221;Huile d&#8217;Olive Les Tannes en Occitanie &#8211; BOUTEILLAN&#8221; title_text=&#8221;Huile d&#8217;Olive Les Tannes en Occitanie &#8211; BOUTEILLAN&#8221; _builder_version=&#8221;4.27.4&#8243; _module_preset=&#8221;default&#8221; global_colors_info=&#8221;{}&#8221;][\/et_pb_image][et_pb_text _builder_version=&#8221;4.27.4&#8243; _module_preset=&#8221;default&#8221; height=&#8221;230px&#8221; hover_enabled=&#8221;0&#8243; global_colors_info=&#8221;{}&#8221; sticky_enabled=&#8221;0&#8243;]<\/p>\n<h3><strong>Bouteillan : intensit\u00e9 v\u00e9g\u00e9tale<\/strong><\/h3>\n<p style=\"text-align: justify;\">Plus expressive, la Bouteillan se distingue par sa vivacit\u00e9 et ses ar\u00f4mes herbac\u00e9s. Elle apporte du relief aux plats, qu\u2019il s\u2019agisse d\u2019une viande grill\u00e9e, d\u2019un gaspacho ou d\u2019une pr\u00e9paration \u00e0 base de l\u00e9gumes m\u00e9diterran\u00e9ens.<\/p>\n<p>[\/et_pb_text][et_pb_button button_url=&#8221;https:\/\/www.cote-mas.fr\/produit\/huile-dolive-des-tannes-en-occitanie-bouteillan\/&#8221; button_text=&#8221;En savoir plus&#8221; button_alignment=&#8221;center&#8221; _builder_version=&#8221;4.27.4&#8243; _module_preset=&#8221;default&#8221; global_colors_info=&#8221;{}&#8221;][\/et_pb_button][\/et_pb_column][et_pb_column type=&#8221;1_3&#8243; _builder_version=&#8221;4.27.4&#8243; _module_preset=&#8221;default&#8221; global_colors_info=&#8221;{}&#8221;][et_pb_image src=&#8221;https:\/\/www.cote-mas.fr\/wp-content\/uploads\/2025\/08\/Huile-dOlive-Les-Tannes-en-Occitanie-CLERMONTAISE.jpg&#8221; alt=&#8221;Huile d&#8217;Olive Les Tannes en Occitanie &#8211; CLERMONTAISE&#8221; title_text=&#8221;Huile d&#8217;Olive Les Tannes en Occitanie &#8211; CLERMONTAISE&#8221; _builder_version=&#8221;4.27.4&#8243; _module_preset=&#8221;default&#8221; global_colors_info=&#8221;{}&#8221;][\/et_pb_image][et_pb_text _builder_version=&#8221;4.27.4&#8243; _module_preset=&#8221;default&#8221; height=&#8221;230px&#8221; hover_enabled=&#8221;0&#8243; global_colors_info=&#8221;{}&#8221; sticky_enabled=&#8221;0&#8243;]<\/p>\n<h3 style=\"text-align: justify;\"><strong>Clermontaise : raret\u00e9 et rondeur<\/strong><\/h3>\n<p style=\"text-align: justify;\">Originaire de l\u2019H\u00e9rault, la Clermontaise est une vari\u00e9t\u00e9 rare qui s\u00e9duit par sa douceur et son \u00e9quilibre surprenant. Elle s\u2019accorde parfaitement aux cr\u00e9ations culinaires originales et aux desserts fruit\u00e9s.<\/p>\n<p>[\/et_pb_text][et_pb_button button_url=&#8221;https:\/\/www.cote-mas.fr\/produit\/huile-dolive-des-tannes-en-occitanie-clermontaise\/&#8221; button_text=&#8221;En savoir plus&#8221; button_alignment=&#8221;center&#8221; _builder_version=&#8221;4.27.4&#8243; _module_preset=&#8221;default&#8221; global_colors_info=&#8221;{}&#8221;][\/et_pb_button][\/et_pb_column][\/et_pb_row][et_pb_row _builder_version=&#8221;4.27.4&#8243; _module_preset=&#8221;default&#8221; global_colors_info=&#8221;{}&#8221;][et_pb_column type=&#8221;4_4&#8243; _builder_version=&#8221;4.27.4&#8243; _module_preset=&#8221;default&#8221; global_colors_info=&#8221;{}&#8221;][et_pb_text _builder_version=&#8221;4.27.4&#8243; _module_preset=&#8221;default&#8221; global_colors_info=&#8221;{}&#8221;]<\/p>\n<h2><strong>Les incontournables C\u00f4t\u00e9 Mas<\/strong><\/h2>\n<p>Ces nouveaut\u00e9s viennent enrichir une gamme d\u00e9j\u00e0 embl\u00e9matique :<\/p>\n<p>[\/et_pb_text][\/et_pb_column][\/et_pb_row][et_pb_row column_structure=&#8221;1_3,1_3,1_3&#8243; _builder_version=&#8221;4.27.4&#8243; _module_preset=&#8221;default&#8221; global_colors_info=&#8221;{}&#8221;][et_pb_column type=&#8221;1_3&#8243; _builder_version=&#8221;4.27.4&#8243; _module_preset=&#8221;default&#8221; global_colors_info=&#8221;{}&#8221;][et_pb_image src=&#8221;https:\/\/www.cote-mas.fr\/wp-content\/uploads\/2023\/10\/Huile-dOlive-Les-Tannes-en-Occitanie-AGLANDAU.jpg&#8221; alt=&#8221;Huile d&#8217;Olive Les Tannes en Occitanie &#8211; AGLANDAU&#8221; title_text=&#8221;Huile d&#8217;Olive Les Tannes en Occitanie &#8211; AGLANDAU&#8221; _builder_version=&#8221;4.27.4&#8243; _module_preset=&#8221;default&#8221; global_colors_info=&#8221;{}&#8221;][\/et_pb_image][et_pb_text _builder_version=&#8221;4.27.4&#8243; _module_preset=&#8221;default&#8221; global_colors_info=&#8221;{}&#8221;]<\/p>\n<h3 style=\"text-align: justify;\"><strong>Aglandau<\/strong><\/h3>\n<p style=\"text-align: justify;\">Une huile vive et \u00e9quilibr\u00e9e, parfaite pour accompagner des l\u00e9gumes grill\u00e9s.<\/p>\n<p>[\/et_pb_text][et_pb_button button_url=&#8221;https:\/\/www.cote-mas.fr\/produit\/huile-dolive-des-tannes-aglandau\/&#8221; button_text=&#8221;En savoir plus&#8221; button_alignment=&#8221;center&#8221; _builder_version=&#8221;4.27.4&#8243; _module_preset=&#8221;default&#8221; global_colors_info=&#8221;{}&#8221;][\/et_pb_button][\/et_pb_column][et_pb_column type=&#8221;1_3&#8243; _builder_version=&#8221;4.27.4&#8243; _module_preset=&#8221;default&#8221; global_colors_info=&#8221;{}&#8221;][et_pb_image src=&#8221;https:\/\/www.cote-mas.fr\/wp-content\/uploads\/2023\/11\/Huile-dOlive-Les-Tannes-en-Occitanie-OLIVIERE.jpg&#8221; alt=&#8221;LES TANNES en Occitanie Huile d&#8217;olive Olivere&#8221; title_text=&#8221;Huile d&#8217;Olive Les Tannes en Occitanie &#8211; OLIVIERE&#8221; _builder_version=&#8221;4.27.4&#8243; _module_preset=&#8221;default&#8221; global_colors_info=&#8221;{}&#8221;][\/et_pb_image][et_pb_text _builder_version=&#8221;4.27.4&#8243; _module_preset=&#8221;default&#8221; global_colors_info=&#8221;{}&#8221;]<\/p>\n<h3><strong>Oliviere<\/strong><\/h3>\n<p style=\"text-align: justify;\">Une huile douce et fruit\u00e9e, complice id\u00e9ale des volailles et des fromages frais.<\/p>\n<p>[\/et_pb_text][et_pb_button button_url=&#8221;https:\/\/www.cote-mas.fr\/produit\/huile-dolive-des-tannes-en-occitanie-oliviere\/&#8221; button_text=&#8221;En savoir plus&#8221; button_alignment=&#8221;center&#8221; _builder_version=&#8221;4.27.4&#8243; _module_preset=&#8221;default&#8221; global_colors_info=&#8221;{}&#8221;][\/et_pb_button][\/et_pb_column][et_pb_column type=&#8221;1_3&#8243; _builder_version=&#8221;4.27.4&#8243; _module_preset=&#8221;default&#8221; global_colors_info=&#8221;{}&#8221;][et_pb_image src=&#8221;https:\/\/www.cote-mas.fr\/wp-content\/uploads\/2023\/10\/Huile-dOlive-Les-Tannes-en-Occitanie-PICHOLINE.jpg&#8221; alt=&#8221;Huile d&#8217;Olive Les Tannes en Occitanie &#8211; PICHOLINE&#8221; title_text=&#8221;Huile d&#8217;Olive Les Tannes en Occitanie &#8211; PICHOLINE&#8221; _builder_version=&#8221;4.27.4&#8243; _module_preset=&#8221;default&#8221; global_colors_info=&#8221;{}&#8221;][\/et_pb_image][et_pb_text _builder_version=&#8221;4.27.4&#8243; _module_preset=&#8221;default&#8221; global_colors_info=&#8221;{}&#8221;]<\/p>\n<h3><strong>Picholine<\/strong><\/h3>\n<p style=\"text-align: justify;\">Une huile intense et fougueuse, r\u00e9serv\u00e9e aux amateurs de saveurs franches.<\/p>\n<p>[\/et_pb_text][et_pb_button button_url=&#8221;https:\/\/www.cote-mas.fr\/produit\/huile-dolive-des-tannes-en-occitanie-picholine\/&#8221; button_text=&#8221;En savoir plus&#8221; button_alignment=&#8221;center&#8221; _builder_version=&#8221;4.27.4&#8243; _module_preset=&#8221;default&#8221; global_colors_info=&#8221;{}&#8221;][\/et_pb_button][\/et_pb_column][\/et_pb_row][et_pb_row column_structure=&#8221;1_2,1_2&#8243; _builder_version=&#8221;4.27.4&#8243; _module_preset=&#8221;default&#8221; global_colors_info=&#8221;{}&#8221;][et_pb_column type=&#8221;1_2&#8243; _builder_version=&#8221;4.22.1&#8243; _module_preset=&#8221;default&#8221; global_colors_info=&#8221;{}&#8221;][et_pb_image src=&#8221;https:\/\/www.cote-mas.fr\/wp-content\/uploads\/2025\/09\/Huile-dOlive-Les-Tannes-en-Occitanie-3.jpg&#8221; title_text=&#8221;Huile d&#8217;Olive Les Tannes en Occitanie (3)&#8221; _builder_version=&#8221;4.27.4&#8243; _module_preset=&#8221;default&#8221; global_colors_info=&#8221;{}&#8221;][\/et_pb_image][\/et_pb_column][et_pb_column type=&#8221;1_2&#8243; _builder_version=&#8221;4.22.1&#8243; _module_preset=&#8221;default&#8221; global_colors_info=&#8221;{}&#8221;][et_pb_text _builder_version=&#8221;4.27.4&#8243; _module_preset=&#8221;default&#8221; custom_margin=&#8221;77px|||||&#8221; global_colors_info=&#8221;{}&#8221;]<\/p>\n<h3 style=\"text-align: justify;\"><strong>L\u2019assemblage maison<\/strong><\/h3>\n<p style=\"text-align: justify;\">Disponible en bidons de 1L, 2L et 3L, il marie le meilleur de chaque vari\u00e9t\u00e9 pour une huile polyvalente et harmonieuse.<\/p>\n<p>[\/et_pb_text][\/et_pb_column][\/et_pb_row][et_pb_row _builder_version=&#8221;4.27.4&#8243; _module_preset=&#8221;default&#8221; global_colors_info=&#8221;{}&#8221;][et_pb_column type=&#8221;4_4&#8243; _builder_version=&#8221;4.27.4&#8243; _module_preset=&#8221;default&#8221; global_colors_info=&#8221;{}&#8221;][et_pb_text _builder_version=&#8221;4.27.4&#8243; _module_preset=&#8221;default&#8221; global_colors_info=&#8221;{}&#8221;]<\/p>\n<h2><strong>Comment choisir son huile d\u2019olive ?<\/strong><\/h2>\n<p>Chaque huile poss\u00e8de une identit\u00e9 qui lui est propre. Pour orienter vos choix :<\/p>\n<ul>\n<li>Si vous recherchez la <strong>finesse et la douceur<\/strong>, optez pour Lucques, Oliviere ou Clermontaise.<\/li>\n<li>Si vous aimez le <strong>caract\u00e8re et la vivacit\u00e9<\/strong>, privil\u00e9giez Aglandau ou Bouteillan.<\/li>\n<li>Si vous pr\u00e9f\u00e9rez les huiles <strong>intenses et affirm\u00e9es<\/strong>, tournez-vous vers la Picholine.<\/li>\n<\/ul>\n<p>L\u2019huile d\u2019olive n\u2019est pas seulement une mati\u00e8re grasse de cuisson : elle est un ingr\u00e9dient \u00e0 part enti\u00e8re, capable de sublimer les produits et d\u2019ouvrir le champ des accords mets et huiles, comme on le fait avec les vins.<\/p>\n<p>[\/et_pb_text][et_pb_image src=&#8221;https:\/\/www.cote-mas.fr\/wp-content\/uploads\/2025\/09\/Les-Tannes-en-Occitanie-Huiles-dOlive.jpg&#8221; title_text=&#8221;Les Tannes en Occitanie Huiles d&#8217;Olive&#8221; align=&#8221;center&#8221; _builder_version=&#8221;4.27.4&#8243; _module_preset=&#8221;default&#8221; width=&#8221;60%&#8221; global_colors_info=&#8221;{}&#8221;][\/et_pb_image][\/et_pb_column][\/et_pb_row][et_pb_row _builder_version=&#8221;4.27.4&#8243; _module_preset=&#8221;default&#8221; global_colors_info=&#8221;{}&#8221;][et_pb_column type=&#8221;4_4&#8243; _builder_version=&#8221;4.27.4&#8243; _module_preset=&#8221;default&#8221; global_colors_info=&#8221;{}&#8221;][et_pb_text _builder_version=&#8221;4.27.4&#8243; _module_preset=&#8221;default&#8221; global_colors_info=&#8221;{}&#8221;]<\/p>\n<p><strong>Un terrain de jeu gourmand<\/strong><\/p>\n<p>Chez C\u00f4t\u00e9 Mas, nous vous invitons \u00e0 explorer ces diff\u00e9rentes vari\u00e9t\u00e9s comme autant d\u2019exp\u00e9riences de d\u00e9gustation. Chaque huile raconte une histoire, exprime un terroir et ouvre la voie \u00e0 des associations culinaires nouvelles.<\/p>\n<p>Pour une d\u00e9couverte compl\u00e8te, nous proposons un coffret r\u00e9unissant les <strong>six vari\u00e9t\u00e9s<\/strong>, avec une bouteille offerte. C\u2019est une v\u00e9ritable invitation \u00e0 voyager au c\u0153ur des saveurs m\u00e9diterran\u00e9ennes.<\/p>\n<p>[\/et_pb_text][\/et_pb_column][\/et_pb_row][et_pb_row _builder_version=&#8221;4.27.4&#8243; _module_preset=&#8221;default&#8221; global_colors_info=&#8221;{}&#8221;][et_pb_column type=&#8221;4_4&#8243; _builder_version=&#8221;4.27.4&#8243; _module_preset=&#8221;default&#8221; global_colors_info=&#8221;{}&#8221;][et_pb_image src=&#8221;https:\/\/www.cote-mas.fr\/wp-content\/uploads\/2025\/09\/Coffret-Huiles.jpg&#8221; title_text=&#8221;Coffret Huiles&#8221; url=&#8221;https:\/\/www.cote-mas.fr\/produit\/lot-de-6-huiles-dolive\/&#8221; align=&#8221;center&#8221; _builder_version=&#8221;4.27.4&#8243; _module_preset=&#8221;default&#8221; width=&#8221;45%&#8221; global_colors_info=&#8221;{}&#8221;][\/et_pb_image][et_pb_button button_url=&#8221;https:\/\/www.cote-mas.fr\/produit\/lot-de-6-huiles-dolive\/&#8221; button_text=&#8221;S&#8217;offrir le coffret&#8221; button_alignment=&#8221;center&#8221; _builder_version=&#8221;4.27.4&#8243; _module_preset=&#8221;default&#8221; global_colors_info=&#8221;{}&#8221;][\/et_pb_button][\/et_pb_column][\/et_pb_row][et_pb_row _builder_version=&#8221;4.27.4&#8243; _module_preset=&#8221;default&#8221; global_colors_info=&#8221;{}&#8221;][et_pb_column type=&#8221;4_4&#8243; _builder_version=&#8221;4.27.4&#8243; _module_preset=&#8221;default&#8221; global_colors_info=&#8221;{}&#8221;][et_pb_text _builder_version=&#8221;4.27.4&#8243; _module_preset=&#8221;default&#8221; global_colors_info=&#8221;{}&#8221;]<\/p>\n<p style=\"text-align: justify;\">Avec cette collection d\u2019huiles d\u2019olive, C\u00f4t\u00e9 Mas poursuit sa mission : partager un art de vivre qui conjugue authenticit\u00e9, raffinement et plaisir. Comme pour nos vins, nous croyons \u00e0 la richesse de la diversit\u00e9, \u00e0 l\u2019importance des accords et au bonheur simple d\u2019une table g\u00e9n\u00e9reuse.<\/p>\n<p style=\"text-align: justify;\">Retrouvez l\u2019ensemble de la gamme sur notre <strong>boutique en ligne<\/strong>\u00a0et laissez-vous guider vers de nouvelles \u00e9motions culinaires.<\/p>\n<p>[\/et_pb_text][\/et_pb_column][\/et_pb_row][et_pb_row _builder_version=&#8221;4.16&#8243; _module_preset=&#8221;default&#8221; custom_padding=&#8221;62px|||||&#8221; global_colors_info=&#8221;{}&#8221;][et_pb_column type=&#8221;4_4&#8243; _builder_version=&#8221;4.16&#8243; _module_preset=&#8221;default&#8221; global_colors_info=&#8221;{}&#8221;][et_pb_divider _builder_version=&#8221;4.16&#8243; _module_preset=&#8221;default&#8221; global_colors_info=&#8221;{}&#8221;][\/et_pb_divider][et_pb_text admin_label=&#8221;Text&#8221; _builder_version=&#8221;4.16&#8243; background_size=&#8221;initial&#8221; background_position=&#8221;top_left&#8221; background_repeat=&#8221;repeat&#8221; width=&#8221;62%&#8221; module_alignment=&#8221;center&#8221; custom_margin=&#8221;-45px|||||&#8221; custom_padding=&#8221;7px|||||&#8221; global_colors_info=&#8221;{}&#8221;]<\/p>\n<p style=\"text-align: justify;\"><em>N&#8217;h\u00e9sitez pas \u00e0 vous inscire \u00e0 la newsletter ou \u00e0 nous suivre sur les r\u00e9seaux sociaux pour \u00eatre les premiers inform\u00e9s de tous nos \u00e9v\u00e8nements, soir\u00e9es sp\u00e9ciales, offres promotionnelles &#8230;<\/em><\/p>\n<p class=\"p1\">[\/et_pb_text][et_pb_button button_url=&#8221;https:\/\/www.cote-mas.fr\/inscription-newsletter\/&#8221; url_new_window=&#8221;on&#8221; button_text=&#8221;Inscription Newsletter&#8221; button_alignment=&#8221;center&#8221; _builder_version=&#8221;4.16&#8243; _module_preset=&#8221;default&#8221; custom_button=&#8221;on&#8221; button_text_color=&#8221;#5F504D&#8221; button_bg_color=&#8221;RGBA(255,255,255,0)&#8221; button_border_color=&#8221;#5F504D&#8221; custom_margin=&#8221;0px||||false|false&#8221; global_colors_info=&#8221;{}&#8221;][\/et_pb_button][et_pb_social_media_follow _builder_version=&#8221;4.16&#8243; _module_preset=&#8221;default&#8221; text_orientation=&#8221;center&#8221; module_alignment=&#8221;center&#8221; custom_margin=&#8221;0px||||false|false&#8221; custom_padding=&#8221;0px|||||&#8221; locked=&#8221;off&#8221; global_colors_info=&#8221;{}&#8221;][et_pb_social_media_follow_network social_network=&#8221;instagram&#8221; url=&#8221;https:\/\/www.instagram.com\/cotemas\/&#8221; use_icon_font_size=&#8221;on&#8221; icon_font_size=&#8221;39px&#8221; _builder_version=&#8221;4.16&#8243; _module_preset=&#8221;default&#8221; background_color=&#8221;#5f504d&#8221; background_enable_color=&#8221;on&#8221; custom_button=&#8221;on&#8221; button_text_size=&#8221;12px&#8221; button_bg_color=&#8221;#5f504d&#8221; button_border_color=&#8221;#5f504d&#8221; button_border_radius=&#8221;9px&#8221; transform_scale=&#8221;82%|82%&#8221; border_radii=&#8221;on|40px|40px|40px|40px&#8221; global_colors_info=&#8221;{}&#8221; follow_button=&#8221;off&#8221; url_new_window=&#8221;on&#8221;]instagram[\/et_pb_social_media_follow_network][et_pb_social_media_follow_network social_network=&#8221;facebook&#8221; url=&#8221;https:\/\/www.facebook.com\/Cote.Mas&#8221; use_icon_font_size=&#8221;on&#8221; icon_font_size=&#8221;39px&#8221; _builder_version=&#8221;4.16&#8243; _module_preset=&#8221;default&#8221; background_color=&#8221;#5f504d&#8221; background_enable_color=&#8221;on&#8221; custom_button=&#8221;on&#8221; button_text_size=&#8221;12px&#8221; button_bg_color=&#8221;#5f504d&#8221; button_border_color=&#8221;#5f504d&#8221; button_border_radius=&#8221;9px&#8221; transform_scale=&#8221;82%|82%&#8221; border_radii=&#8221;on|40px|40px|40px|40px&#8221; global_colors_info=&#8221;{}&#8221; follow_button=&#8221;off&#8221; url_new_window=&#8221;on&#8221;]facebook[\/et_pb_social_media_follow_network][\/et_pb_social_media_follow][\/et_pb_column][\/et_pb_row][\/et_pb_section]<\/p>\n","protected":false},"excerpt":{"rendered":"<p>Les Huiles d\u2019olive Les Tannes en Occitanie : l\u2019expression du Luxe Rural en M\u00e9diterran\u00e9eChez C\u00f4t\u00e9 Mas, nous cultivons une conviction simple : la gastronomie du Sud ne s\u2019exprime pleinement qu\u2019avec des produits authentiques, porteurs d\u2019histoire et de caract\u00e8re. Apr\u00e8s le vin, la table gastronomique et l\u2019\u0153notourisme, nous avons voulu partager avec vous un autre tr\u00e9sor [&hellip;]<\/p>\n","protected":false},"author":43,"featured_media":17821,"comment_status":"open","ping_status":"open","sticky":false,"template":"","format":"standard","meta":{"_et_pb_use_builder":"on","_et_pb_old_content":"","_et_gb_content_width":"1413","footnotes":""},"categories":[36],"tags":[],"class_list":["post-17806","post","type-post","status-publish","format-standard","has-post-thumbnail","hentry","category-evenement"],"yoast_head":"<!-- This site is optimized with the Yoast SEO plugin v27.4 - https:\/\/yoast.com\/product\/yoast-seo-wordpress\/ -->\n<title>Huiles d\u2019olive Les Tannes en Occitanie-Luxe Rural en M\u00e9diterran\u00e9e<\/title>\n<meta name=\"description\" content=\"D\u00e9couvrez nos nouvelles huiles d\u2019olive : Lucques, Bouteillan, Clermontaise . Finesse, intensit\u00e9 et authenticit\u00e9 m\u00e9diterran\u00e9enne\" \/>\n<meta name=\"robots\" content=\"index, follow, max-snippet:-1, max-image-preview:large, max-video-preview:-1\" \/>\n<link rel=\"canonical\" href=\"https:\/\/www.cote-mas.fr\/huiles-dolive-les-tannes-en-occitanie\/\" \/>\n<meta property=\"og:locale\" content=\"en_US\" \/>\n<meta property=\"og:type\" content=\"article\" \/>\n<meta property=\"og:title\" content=\"Huiles d\u2019olive Les Tannes en Occitanie-Luxe Rural en M\u00e9diterran\u00e9e\" \/>\n<meta property=\"og:description\" content=\"D\u00e9couvrez nos nouvelles huiles d\u2019olive : Lucques, Bouteillan, Clermontaise . Finesse, intensit\u00e9 et authenticit\u00e9 m\u00e9diterran\u00e9enne\" \/>\n<meta property=\"og:url\" content=\"https:\/\/www.cote-mas.fr\/huiles-dolive-les-tannes-en-occitanie\/\" \/>\n<meta property=\"og:site_name\" content=\"C\u00f4t\u00e9 Mas\" \/>\n<meta property=\"article:publisher\" content=\"https:\/\/www.facebook.com\/Cote.Mas\" \/>\n<meta property=\"article:published_time\" content=\"2025-09-11T08:58:04+00:00\" \/>\n<meta property=\"article:modified_time\" content=\"2025-09-11T09:18:30+00:00\" \/>\n<meta property=\"og:image\" content=\"https:\/\/www.cote-mas.fr\/wp-content\/uploads\/2025\/09\/Huiles-dOlive-els-Tannes-en-Occitanie.jpg\" \/>\n\t<meta property=\"og:image:width\" content=\"960\" \/>\n\t<meta property=\"og:image:height\" content=\"600\" \/>\n\t<meta property=\"og:image:type\" content=\"image\/jpeg\" \/>\n<meta name=\"author\" content=\"Amandine Nelson\" \/>\n<meta name=\"twitter:card\" content=\"summary_large_image\" \/>\n<meta name=\"twitter:label1\" content=\"Written by\" \/>\n\t<meta name=\"twitter:data1\" content=\"Amandine Nelson\" \/>\n\t<meta name=\"twitter:label2\" content=\"Est. reading time\" \/>\n\t<meta name=\"twitter:data2\" content=\"6 minutes\" \/>\n<script type=\"application\/ld+json\" class=\"yoast-schema-graph\">{\"@context\":\"https:\\\/\\\/schema.org\",\"@graph\":[{\"@type\":\"Article\",\"@id\":\"https:\\\/\\\/www.cote-mas.fr\\\/huiles-dolive-les-tannes-en-occitanie\\\/#article\",\"isPartOf\":{\"@id\":\"https:\\\/\\\/www.cote-mas.fr\\\/huiles-dolive-les-tannes-en-occitanie\\\/\"},\"author\":{\"name\":\"Amandine Nelson\",\"@id\":\"https:\\\/\\\/www.cote-mas.fr\\\/#\\\/schema\\\/person\\\/a28d00bbf357e9c0b83b06c9f45e3894\"},\"headline\":\"Huiles d\u2019olive C\u00f4t\u00e9 Mas : l\u2019expression du Luxe Rural en M\u00e9diterran\u00e9e\",\"datePublished\":\"2025-09-11T08:58:04+00:00\",\"dateModified\":\"2025-09-11T09:18:30+00:00\",\"mainEntityOfPage\":{\"@id\":\"https:\\\/\\\/www.cote-mas.fr\\\/huiles-dolive-les-tannes-en-occitanie\\\/\"},\"wordCount\":2374,\"commentCount\":0,\"publisher\":{\"@id\":\"https:\\\/\\\/www.cote-mas.fr\\\/#organization\"},\"image\":{\"@id\":\"https:\\\/\\\/www.cote-mas.fr\\\/huiles-dolive-les-tannes-en-occitanie\\\/#primaryimage\"},\"thumbnailUrl\":\"https:\\\/\\\/www.cote-mas.fr\\\/wp-content\\\/uploads\\\/2025\\\/09\\\/Huiles-dOlive-els-Tannes-en-Occitanie.jpg\",\"articleSection\":[\"Ev\u00e8nement\"],\"inLanguage\":\"en-US\",\"potentialAction\":[{\"@type\":\"CommentAction\",\"name\":\"Comment\",\"target\":[\"https:\\\/\\\/www.cote-mas.fr\\\/huiles-dolive-les-tannes-en-occitanie\\\/#respond\"]}]},{\"@type\":\"WebPage\",\"@id\":\"https:\\\/\\\/www.cote-mas.fr\\\/huiles-dolive-les-tannes-en-occitanie\\\/\",\"url\":\"https:\\\/\\\/www.cote-mas.fr\\\/huiles-dolive-les-tannes-en-occitanie\\\/\",\"name\":\"Huiles d\u2019olive Les Tannes en Occitanie-Luxe Rural en M\u00e9diterran\u00e9e\",\"isPartOf\":{\"@id\":\"https:\\\/\\\/www.cote-mas.fr\\\/#website\"},\"primaryImageOfPage\":{\"@id\":\"https:\\\/\\\/www.cote-mas.fr\\\/huiles-dolive-les-tannes-en-occitanie\\\/#primaryimage\"},\"image\":{\"@id\":\"https:\\\/\\\/www.cote-mas.fr\\\/huiles-dolive-les-tannes-en-occitanie\\\/#primaryimage\"},\"thumbnailUrl\":\"https:\\\/\\\/www.cote-mas.fr\\\/wp-content\\\/uploads\\\/2025\\\/09\\\/Huiles-dOlive-els-Tannes-en-Occitanie.jpg\",\"datePublished\":\"2025-09-11T08:58:04+00:00\",\"dateModified\":\"2025-09-11T09:18:30+00:00\",\"description\":\"D\u00e9couvrez nos nouvelles huiles d\u2019olive : Lucques, Bouteillan, Clermontaise . Finesse, intensit\u00e9 et authenticit\u00e9 m\u00e9diterran\u00e9enne\",\"breadcrumb\":{\"@id\":\"https:\\\/\\\/www.cote-mas.fr\\\/huiles-dolive-les-tannes-en-occitanie\\\/#breadcrumb\"},\"inLanguage\":\"en-US\",\"potentialAction\":[{\"@type\":\"ReadAction\",\"target\":[\"https:\\\/\\\/www.cote-mas.fr\\\/huiles-dolive-les-tannes-en-occitanie\\\/\"]}]},{\"@type\":\"ImageObject\",\"inLanguage\":\"en-US\",\"@id\":\"https:\\\/\\\/www.cote-mas.fr\\\/huiles-dolive-les-tannes-en-occitanie\\\/#primaryimage\",\"url\":\"https:\\\/\\\/www.cote-mas.fr\\\/wp-content\\\/uploads\\\/2025\\\/09\\\/Huiles-dOlive-els-Tannes-en-Occitanie.jpg\",\"contentUrl\":\"https:\\\/\\\/www.cote-mas.fr\\\/wp-content\\\/uploads\\\/2025\\\/09\\\/Huiles-dOlive-els-Tannes-en-Occitanie.jpg\",\"width\":960,\"height\":600,\"caption\":\"huile d\u2019olive m\u00e9diterran\u00e9enne - vari\u00e9t\u00e9s d\u2019huile d\u2019olive - accords mets et huiles huile d\u2019olive gastronomique - huile d\u2019olive du Languedoc - huile d\u2019olive haut de gamme - huile d\u2019olive fran\u00e7aise\"},{\"@type\":\"BreadcrumbList\",\"@id\":\"https:\\\/\\\/www.cote-mas.fr\\\/huiles-dolive-les-tannes-en-occitanie\\\/#breadcrumb\",\"itemListElement\":[{\"@type\":\"ListItem\",\"position\":1,\"name\":\"Accueil\",\"item\":\"https:\\\/\\\/www.cote-mas.fr\\\/en\\\/\"},{\"@type\":\"ListItem\",\"position\":2,\"name\":\"Huiles d\u2019olive C\u00f4t\u00e9 Mas : l\u2019expression du Luxe Rural en M\u00e9diterran\u00e9e\"}]},{\"@type\":\"WebSite\",\"@id\":\"https:\\\/\\\/www.cote-mas.fr\\\/#website\",\"url\":\"https:\\\/\\\/www.cote-mas.fr\\\/\",\"name\":\"C\u00f4t\u00e9 Mas\",\"description\":\"Le restaurant des Domaines Paul Mas \u00e0 Montagnac en Languedoc\",\"publisher\":{\"@id\":\"https:\\\/\\\/www.cote-mas.fr\\\/#organization\"},\"potentialAction\":[{\"@type\":\"SearchAction\",\"target\":{\"@type\":\"EntryPoint\",\"urlTemplate\":\"https:\\\/\\\/www.cote-mas.fr\\\/?s={search_term_string}\"},\"query-input\":{\"@type\":\"PropertyValueSpecification\",\"valueRequired\":true,\"valueName\":\"search_term_string\"}}],\"inLanguage\":\"en-US\"},{\"@type\":\"Organization\",\"@id\":\"https:\\\/\\\/www.cote-mas.fr\\\/#organization\",\"name\":\"C\u00f4t\u00e9 Mas\",\"url\":\"https:\\\/\\\/www.cote-mas.fr\\\/\",\"logo\":{\"@type\":\"ImageObject\",\"inLanguage\":\"en-US\",\"@id\":\"https:\\\/\\\/www.cote-mas.fr\\\/#\\\/schema\\\/logo\\\/image\\\/\",\"url\":\"https:\\\/\\\/www.cote-mas.fr\\\/wp-content\\\/uploads\\\/2021\\\/07\\\/Logo-cote-mas-seul-copie-2.png\",\"contentUrl\":\"https:\\\/\\\/www.cote-mas.fr\\\/wp-content\\\/uploads\\\/2021\\\/07\\\/Logo-cote-mas-seul-copie-2.png\",\"width\":487,\"height\":114,\"caption\":\"C\u00f4t\u00e9 Mas\"},\"image\":{\"@id\":\"https:\\\/\\\/www.cote-mas.fr\\\/#\\\/schema\\\/logo\\\/image\\\/\"},\"sameAs\":[\"https:\\\/\\\/www.facebook.com\\\/Cote.Mas\",\"https:\\\/\\\/www.instagram.com\\\/cotemas\\\/\"]},{\"@type\":\"Person\",\"@id\":\"https:\\\/\\\/www.cote-mas.fr\\\/#\\\/schema\\\/person\\\/a28d00bbf357e9c0b83b06c9f45e3894\",\"name\":\"Amandine Nelson\",\"image\":{\"@type\":\"ImageObject\",\"inLanguage\":\"en-US\",\"@id\":\"https:\\\/\\\/secure.gravatar.com\\\/avatar\\\/a59444e62f2377ad3d242270a9354ca685acc8491de224a8986182c58a425529?s=96&d=mm&r=g\",\"url\":\"https:\\\/\\\/secure.gravatar.com\\\/avatar\\\/a59444e62f2377ad3d242270a9354ca685acc8491de224a8986182c58a425529?s=96&d=mm&r=g\",\"contentUrl\":\"https:\\\/\\\/secure.gravatar.com\\\/avatar\\\/a59444e62f2377ad3d242270a9354ca685acc8491de224a8986182c58a425529?s=96&d=mm&r=g\",\"caption\":\"Amandine Nelson\"},\"url\":\"https:\\\/\\\/www.cote-mas.fr\\\/en\\\/author\\\/anelson\\\/\"}]}<\/script>\n<!-- \/ Yoast SEO plugin. -->","yoast_head_json":{"title":"Huiles d\u2019olive Les Tannes en Occitanie-Luxe Rural en M\u00e9diterran\u00e9e","description":"D\u00e9couvrez nos nouvelles huiles d\u2019olive : Lucques, Bouteillan, Clermontaise . Finesse, intensit\u00e9 et authenticit\u00e9 m\u00e9diterran\u00e9enne","robots":{"index":"index","follow":"follow","max-snippet":"max-snippet:-1","max-image-preview":"max-image-preview:large","max-video-preview":"max-video-preview:-1"},"canonical":"https:\/\/www.cote-mas.fr\/huiles-dolive-les-tannes-en-occitanie\/","og_locale":"en_US","og_type":"article","og_title":"Huiles d\u2019olive Les Tannes en Occitanie-Luxe Rural en M\u00e9diterran\u00e9e","og_description":"D\u00e9couvrez nos nouvelles huiles d\u2019olive : Lucques, Bouteillan, Clermontaise . Finesse, intensit\u00e9 et authenticit\u00e9 m\u00e9diterran\u00e9enne","og_url":"https:\/\/www.cote-mas.fr\/huiles-dolive-les-tannes-en-occitanie\/","og_site_name":"C\u00f4t\u00e9 Mas","article_publisher":"https:\/\/www.facebook.com\/Cote.Mas","article_published_time":"2025-09-11T08:58:04+00:00","article_modified_time":"2025-09-11T09:18:30+00:00","og_image":[{"width":960,"height":600,"url":"https:\/\/www.cote-mas.fr\/wp-content\/uploads\/2025\/09\/Huiles-dOlive-els-Tannes-en-Occitanie.jpg","type":"image\/jpeg"}],"author":"Amandine Nelson","twitter_card":"summary_large_image","twitter_misc":{"Written by":"Amandine Nelson","Est. reading time":"6 minutes"},"schema":{"@context":"https:\/\/schema.org","@graph":[{"@type":"Article","@id":"https:\/\/www.cote-mas.fr\/huiles-dolive-les-tannes-en-occitanie\/#article","isPartOf":{"@id":"https:\/\/www.cote-mas.fr\/huiles-dolive-les-tannes-en-occitanie\/"},"author":{"name":"Amandine Nelson","@id":"https:\/\/www.cote-mas.fr\/#\/schema\/person\/a28d00bbf357e9c0b83b06c9f45e3894"},"headline":"Huiles d\u2019olive C\u00f4t\u00e9 Mas : l\u2019expression du Luxe Rural en M\u00e9diterran\u00e9e","datePublished":"2025-09-11T08:58:04+00:00","dateModified":"2025-09-11T09:18:30+00:00","mainEntityOfPage":{"@id":"https:\/\/www.cote-mas.fr\/huiles-dolive-les-tannes-en-occitanie\/"},"wordCount":2374,"commentCount":0,"publisher":{"@id":"https:\/\/www.cote-mas.fr\/#organization"},"image":{"@id":"https:\/\/www.cote-mas.fr\/huiles-dolive-les-tannes-en-occitanie\/#primaryimage"},"thumbnailUrl":"https:\/\/www.cote-mas.fr\/wp-content\/uploads\/2025\/09\/Huiles-dOlive-els-Tannes-en-Occitanie.jpg","articleSection":["Ev\u00e8nement"],"inLanguage":"en-US","potentialAction":[{"@type":"CommentAction","name":"Comment","target":["https:\/\/www.cote-mas.fr\/huiles-dolive-les-tannes-en-occitanie\/#respond"]}]},{"@type":"WebPage","@id":"https:\/\/www.cote-mas.fr\/huiles-dolive-les-tannes-en-occitanie\/","url":"https:\/\/www.cote-mas.fr\/huiles-dolive-les-tannes-en-occitanie\/","name":"Huiles d\u2019olive Les Tannes en Occitanie-Luxe Rural en M\u00e9diterran\u00e9e","isPartOf":{"@id":"https:\/\/www.cote-mas.fr\/#website"},"primaryImageOfPage":{"@id":"https:\/\/www.cote-mas.fr\/huiles-dolive-les-tannes-en-occitanie\/#primaryimage"},"image":{"@id":"https:\/\/www.cote-mas.fr\/huiles-dolive-les-tannes-en-occitanie\/#primaryimage"},"thumbnailUrl":"https:\/\/www.cote-mas.fr\/wp-content\/uploads\/2025\/09\/Huiles-dOlive-els-Tannes-en-Occitanie.jpg","datePublished":"2025-09-11T08:58:04+00:00","dateModified":"2025-09-11T09:18:30+00:00","description":"D\u00e9couvrez nos nouvelles huiles d\u2019olive : Lucques, Bouteillan, Clermontaise . Finesse, intensit\u00e9 et authenticit\u00e9 m\u00e9diterran\u00e9enne","breadcrumb":{"@id":"https:\/\/www.cote-mas.fr\/huiles-dolive-les-tannes-en-occitanie\/#breadcrumb"},"inLanguage":"en-US","potentialAction":[{"@type":"ReadAction","target":["https:\/\/www.cote-mas.fr\/huiles-dolive-les-tannes-en-occitanie\/"]}]},{"@type":"ImageObject","inLanguage":"en-US","@id":"https:\/\/www.cote-mas.fr\/huiles-dolive-les-tannes-en-occitanie\/#primaryimage","url":"https:\/\/www.cote-mas.fr\/wp-content\/uploads\/2025\/09\/Huiles-dOlive-els-Tannes-en-Occitanie.jpg","contentUrl":"https:\/\/www.cote-mas.fr\/wp-content\/uploads\/2025\/09\/Huiles-dOlive-els-Tannes-en-Occitanie.jpg","width":960,"height":600,"caption":"huile d\u2019olive m\u00e9diterran\u00e9enne - vari\u00e9t\u00e9s d\u2019huile d\u2019olive - accords mets et huiles huile d\u2019olive gastronomique - huile d\u2019olive du Languedoc - huile d\u2019olive haut de gamme - huile d\u2019olive fran\u00e7aise"},{"@type":"BreadcrumbList","@id":"https:\/\/www.cote-mas.fr\/huiles-dolive-les-tannes-en-occitanie\/#breadcrumb","itemListElement":[{"@type":"ListItem","position":1,"name":"Accueil","item":"https:\/\/www.cote-mas.fr\/en\/"},{"@type":"ListItem","position":2,"name":"Huiles d\u2019olive C\u00f4t\u00e9 Mas : l\u2019expression du Luxe Rural en M\u00e9diterran\u00e9e"}]},{"@type":"WebSite","@id":"https:\/\/www.cote-mas.fr\/#website","url":"https:\/\/www.cote-mas.fr\/","name":"C\u00f4t\u00e9 Mas","description":"Le restaurant des Domaines Paul Mas \u00e0 Montagnac en Languedoc","publisher":{"@id":"https:\/\/www.cote-mas.fr\/#organization"},"potentialAction":[{"@type":"SearchAction","target":{"@type":"EntryPoint","urlTemplate":"https:\/\/www.cote-mas.fr\/?s={search_term_string}"},"query-input":{"@type":"PropertyValueSpecification","valueRequired":true,"valueName":"search_term_string"}}],"inLanguage":"en-US"},{"@type":"Organization","@id":"https:\/\/www.cote-mas.fr\/#organization","name":"C\u00f4t\u00e9 Mas","url":"https:\/\/www.cote-mas.fr\/","logo":{"@type":"ImageObject","inLanguage":"en-US","@id":"https:\/\/www.cote-mas.fr\/#\/schema\/logo\/image\/","url":"https:\/\/www.cote-mas.fr\/wp-content\/uploads\/2021\/07\/Logo-cote-mas-seul-copie-2.png","contentUrl":"https:\/\/www.cote-mas.fr\/wp-content\/uploads\/2021\/07\/Logo-cote-mas-seul-copie-2.png","width":487,"height":114,"caption":"C\u00f4t\u00e9 Mas"},"image":{"@id":"https:\/\/www.cote-mas.fr\/#\/schema\/logo\/image\/"},"sameAs":["https:\/\/www.facebook.com\/Cote.Mas","https:\/\/www.instagram.com\/cotemas\/"]},{"@type":"Person","@id":"https:\/\/www.cote-mas.fr\/#\/schema\/person\/a28d00bbf357e9c0b83b06c9f45e3894","name":"Amandine Nelson","image":{"@type":"ImageObject","inLanguage":"en-US","@id":"https:\/\/secure.gravatar.com\/avatar\/a59444e62f2377ad3d242270a9354ca685acc8491de224a8986182c58a425529?s=96&d=mm&r=g","url":"https:\/\/secure.gravatar.com\/avatar\/a59444e62f2377ad3d242270a9354ca685acc8491de224a8986182c58a425529?s=96&d=mm&r=g","contentUrl":"https:\/\/secure.gravatar.com\/avatar\/a59444e62f2377ad3d242270a9354ca685acc8491de224a8986182c58a425529?s=96&d=mm&r=g","caption":"Amandine Nelson"},"url":"https:\/\/www.cote-mas.fr\/en\/author\/anelson\/"}]}},"_links":{"self":[{"href":"https:\/\/www.cote-mas.fr\/en\/wp-json\/wp\/v2\/posts\/17806","targetHints":{"allow":["GET"]}}],"collection":[{"href":"https:\/\/www.cote-mas.fr\/en\/wp-json\/wp\/v2\/posts"}],"about":[{"href":"https:\/\/www.cote-mas.fr\/en\/wp-json\/wp\/v2\/types\/post"}],"author":[{"embeddable":true,"href":"https:\/\/www.cote-mas.fr\/en\/wp-json\/wp\/v2\/users\/43"}],"replies":[{"embeddable":true,"href":"https:\/\/www.cote-mas.fr\/en\/wp-json\/wp\/v2\/comments?post=17806"}],"version-history":[{"count":13,"href":"https:\/\/www.cote-mas.fr\/en\/wp-json\/wp\/v2\/posts\/17806\/revisions"}],"predecessor-version":[{"id":17829,"href":"https:\/\/www.cote-mas.fr\/en\/wp-json\/wp\/v2\/posts\/17806\/revisions\/17829"}],"wp:featuredmedia":[{"embeddable":true,"href":"https:\/\/www.cote-mas.fr\/en\/wp-json\/wp\/v2\/media\/17821"}],"wp:attachment":[{"href":"https:\/\/www.cote-mas.fr\/en\/wp-json\/wp\/v2\/media?parent=17806"}],"wp:term":[{"taxonomy":"category","embeddable":true,"href":"https:\/\/www.cote-mas.fr\/en\/wp-json\/wp\/v2\/categories?post=17806"},{"taxonomy":"post_tag","embeddable":true,"href":"https:\/\/www.cote-mas.fr\/en\/wp-json\/wp\/v2\/tags?post=17806"}],"curies":[{"name":"wp","href":"https:\/\/api.w.org\/{rel}","templated":true}]}}