{"id":1562,"date":"2017-03-27T10:48:40","date_gmt":"2017-03-27T09:48:40","guid":{"rendered":"https:\/\/www.cote-mas.fr\/?p=1562"},"modified":"2017-03-31T08:08:31","modified_gmt":"2017-03-31T07:08:31","slug":"bertrand-gouttebroze-chef-du-bistrot-cote-mas","status":"publish","type":"post","link":"https:\/\/www.cote-mas.fr\/en\/bertrand-gouttebroze-chef-du-bistrot-cote-mas\/","title":{"rendered":"Bertrand Gouttebroze Chef du Bar \u00e0 Vins C\u00f4t\u00e9 Mas"},"content":{"rendered":"<p class=\"p1\"><span class=\"s1\">Bertrand Chef du Bar \u00e0 Vins\u00a0C\u00f4t\u00e9 Mas, a commenc\u00e9 son parcours professionnel en dehors de la cuisine. A 18 ans il passe un Bac comptabilit\u00e9 et monte un groupe de musique Le Printemps des S\u00e9ch\u00e9s avec qui il va jouer pendant 3 ans. En m\u00eame temps il passe un DUG art du spectacle et du cin\u00e9ma.<\/span><\/p>\n<p class=\"p1\"><span class=\"s1\">Au bout de 3 ans il quitte tout et trouve un travail en tant qu\u2019Assistant d\u2019\u00e9ducation \u00e0 Lod\u00e8ve pendant 5 ans. A 24 ans il se prend de passion pour ce m\u00e9tier et tente sa chance pour devenir CPE. Mais au bout de 3 tentatives il d\u00e9cide de se reconvertir et de revenir \u00e0 son premier amour\u00a0: La cuisine.<\/span><\/p>\n<p class=\"p1\"><span class=\"s1\">Il passe un CAP Cuisine pendant 9 mois, il effectue ses stages chez Mathieu De Lauzun \u00e0 Gignac et C\u00f4t\u00e9 Mas ou officie son meilleur ami Kevin Breugnot, chef du restaurant C\u00f4t\u00e9 Mas. Suite \u00e0 ses stages, C\u00f4t\u00e9 Mas d\u00e9cide d\u2019embaucher Bertrand en tant que Chef P\u00e2tissier, poste qu\u2019il occupera pendant 3 ans avant de reprendre les r\u00eanes du Bistrot.<\/span><\/p>\n<p class=\"p1\"><span class=\"s1\">\u00ab\u00a0C\u2019est \u00e0 C\u00f4t\u00e9 Mas ou j\u2019ai appris mon m\u00e9tier, la rigueur, la chance de m\u2019exprimer et de mettre en pratique mon savoir-faire. <span class=\"s2\">Aujourd\u2019hui<\/span> on me confie une autre responsabilit\u00e9, celle de g\u00e9rer le Bar \u00e0 Vins\u00a0et je voudrais en faire un lieu de r\u00e9f\u00e9rence, autour duquel les personnes pourront se r\u00e9unir autour d\u2019une cuisine simple mais gouteuse\u00a0\u00bb<\/span><\/p>\n<p class=\"p1\">\n","protected":false},"excerpt":{"rendered":"<p>Bertrand Chef du Bar \u00e0 Vins\u00a0C\u00f4t\u00e9 Mas, a commenc\u00e9 son parcours professionnel en dehors de la cuisine. A 18 ans il passe un Bac comptabilit\u00e9 et monte un groupe de musique Le Printemps des S\u00e9ch\u00e9s avec qui il va jouer pendant 3 ans. En m\u00eame temps il passe un DUG art du spectacle et du [&hellip;]<\/p>\n","protected":false},"author":4,"featured_media":1564,"comment_status":"open","ping_status":"open","sticky":false,"template":"","format":"standard","meta":{"_et_pb_use_builder":"","_et_pb_old_content":"","_et_gb_content_width":"","footnotes":""},"categories":[34,40,8],"tags":[],"class_list":["post-1562","post","type-post","status-publish","format-standard","has-post-thumbnail","hentry","category-bar-a-vin","category-portrait","category-restaurant"],"yoast_head":"<!-- This site is optimized with the Yoast SEO plugin v27.4 - https:\/\/yoast.com\/product\/yoast-seo-wordpress\/ -->\n<title>Bertrand Gouttebroze Chef du Bar \u00e0 Vins C\u00f4t\u00e9 Mas - C\u00f4t\u00e9 Mas<\/title>\n<meta name=\"robots\" content=\"index, follow, max-snippet:-1, max-image-preview:large, max-video-preview:-1\" \/>\n<link rel=\"canonical\" href=\"https:\/\/www.cote-mas.fr\/bertrand-gouttebroze-chef-du-bistrot-cote-mas\/\" \/>\n<meta property=\"og:locale\" content=\"en_US\" \/>\n<meta property=\"og:type\" content=\"article\" \/>\n<meta property=\"og:title\" content=\"Bertrand Gouttebroze Chef du Bar \u00e0 Vins C\u00f4t\u00e9 Mas - C\u00f4t\u00e9 Mas\" \/>\n<meta property=\"og:description\" content=\"Bertrand Chef du Bar \u00e0 Vins\u00a0C\u00f4t\u00e9 Mas, a commenc\u00e9 son parcours professionnel en dehors de la cuisine. A 18 ans il passe un Bac comptabilit\u00e9 et monte un groupe de musique Le Printemps des S\u00e9ch\u00e9s avec qui il va jouer pendant 3 ans. En m\u00eame temps il passe un DUG art du spectacle et du [&hellip;]\" \/>\n<meta property=\"og:url\" content=\"https:\/\/www.cote-mas.fr\/bertrand-gouttebroze-chef-du-bistrot-cote-mas\/\" \/>\n<meta property=\"og:site_name\" content=\"C\u00f4t\u00e9 Mas\" \/>\n<meta property=\"article:publisher\" content=\"https:\/\/www.facebook.com\/Cote.Mas\" \/>\n<meta property=\"article:published_time\" content=\"2017-03-27T09:48:40+00:00\" \/>\n<meta property=\"article:modified_time\" content=\"2017-03-31T07:08:31+00:00\" \/>\n<meta property=\"og:image\" content=\"https:\/\/www.cote-mas.fr\/wp-content\/uploads\/2017\/03\/DSC_8083.jpg\" \/>\n\t<meta property=\"og:image:width\" content=\"1106\" \/>\n\t<meta property=\"og:image:height\" content=\"1400\" \/>\n\t<meta property=\"og:image:type\" content=\"image\/jpeg\" \/>\n<meta name=\"author\" content=\"LauHaie\" \/>\n<meta name=\"twitter:card\" content=\"summary_large_image\" \/>\n<meta name=\"twitter:label1\" content=\"Written by\" \/>\n\t<meta name=\"twitter:data1\" content=\"LauHaie\" \/>\n\t<meta name=\"twitter:label2\" content=\"Est. reading time\" \/>\n\t<meta name=\"twitter:data2\" content=\"1 minute\" \/>\n<script type=\"application\/ld+json\" class=\"yoast-schema-graph\">{\"@context\":\"https:\\\/\\\/schema.org\",\"@graph\":[{\"@type\":\"Article\",\"@id\":\"https:\\\/\\\/www.cote-mas.fr\\\/bertrand-gouttebroze-chef-du-bistrot-cote-mas\\\/#article\",\"isPartOf\":{\"@id\":\"https:\\\/\\\/www.cote-mas.fr\\\/bertrand-gouttebroze-chef-du-bistrot-cote-mas\\\/\"},\"author\":{\"name\":\"LauHaie\",\"@id\":\"https:\\\/\\\/www.cote-mas.fr\\\/#\\\/schema\\\/person\\\/89c0ee0277bea4c8ece99e8db6dd1d55\"},\"headline\":\"Bertrand Gouttebroze Chef du Bar \u00e0 Vins C\u00f4t\u00e9 Mas\",\"datePublished\":\"2017-03-27T09:48:40+00:00\",\"dateModified\":\"2017-03-31T07:08:31+00:00\",\"mainEntityOfPage\":{\"@id\":\"https:\\\/\\\/www.cote-mas.fr\\\/bertrand-gouttebroze-chef-du-bistrot-cote-mas\\\/\"},\"wordCount\":257,\"commentCount\":0,\"publisher\":{\"@id\":\"https:\\\/\\\/www.cote-mas.fr\\\/#organization\"},\"image\":{\"@id\":\"https:\\\/\\\/www.cote-mas.fr\\\/bertrand-gouttebroze-chef-du-bistrot-cote-mas\\\/#primaryimage\"},\"thumbnailUrl\":\"https:\\\/\\\/www.cote-mas.fr\\\/wp-content\\\/uploads\\\/2017\\\/03\\\/DSC_8083.jpg\",\"articleSection\":[\"Bar \u00e0 Vin\",\"portrait\",\"Restaurant\"],\"inLanguage\":\"en-US\",\"potentialAction\":[{\"@type\":\"CommentAction\",\"name\":\"Comment\",\"target\":[\"https:\\\/\\\/www.cote-mas.fr\\\/bertrand-gouttebroze-chef-du-bistrot-cote-mas\\\/#respond\"]}]},{\"@type\":\"WebPage\",\"@id\":\"https:\\\/\\\/www.cote-mas.fr\\\/bertrand-gouttebroze-chef-du-bistrot-cote-mas\\\/\",\"url\":\"https:\\\/\\\/www.cote-mas.fr\\\/bertrand-gouttebroze-chef-du-bistrot-cote-mas\\\/\",\"name\":\"Bertrand Gouttebroze Chef du Bar \u00e0 Vins C\u00f4t\u00e9 Mas - C\u00f4t\u00e9 Mas\",\"isPartOf\":{\"@id\":\"https:\\\/\\\/www.cote-mas.fr\\\/#website\"},\"primaryImageOfPage\":{\"@id\":\"https:\\\/\\\/www.cote-mas.fr\\\/bertrand-gouttebroze-chef-du-bistrot-cote-mas\\\/#primaryimage\"},\"image\":{\"@id\":\"https:\\\/\\\/www.cote-mas.fr\\\/bertrand-gouttebroze-chef-du-bistrot-cote-mas\\\/#primaryimage\"},\"thumbnailUrl\":\"https:\\\/\\\/www.cote-mas.fr\\\/wp-content\\\/uploads\\\/2017\\\/03\\\/DSC_8083.jpg\",\"datePublished\":\"2017-03-27T09:48:40+00:00\",\"dateModified\":\"2017-03-31T07:08:31+00:00\",\"breadcrumb\":{\"@id\":\"https:\\\/\\\/www.cote-mas.fr\\\/bertrand-gouttebroze-chef-du-bistrot-cote-mas\\\/#breadcrumb\"},\"inLanguage\":\"en-US\",\"potentialAction\":[{\"@type\":\"ReadAction\",\"target\":[\"https:\\\/\\\/www.cote-mas.fr\\\/bertrand-gouttebroze-chef-du-bistrot-cote-mas\\\/\"]}]},{\"@type\":\"ImageObject\",\"inLanguage\":\"en-US\",\"@id\":\"https:\\\/\\\/www.cote-mas.fr\\\/bertrand-gouttebroze-chef-du-bistrot-cote-mas\\\/#primaryimage\",\"url\":\"https:\\\/\\\/www.cote-mas.fr\\\/wp-content\\\/uploads\\\/2017\\\/03\\\/DSC_8083.jpg\",\"contentUrl\":\"https:\\\/\\\/www.cote-mas.fr\\\/wp-content\\\/uploads\\\/2017\\\/03\\\/DSC_8083.jpg\",\"width\":1106,\"height\":1400,\"caption\":\"chef cuisine bertrand gouttebroze\"},{\"@type\":\"BreadcrumbList\",\"@id\":\"https:\\\/\\\/www.cote-mas.fr\\\/bertrand-gouttebroze-chef-du-bistrot-cote-mas\\\/#breadcrumb\",\"itemListElement\":[{\"@type\":\"ListItem\",\"position\":1,\"name\":\"Accueil\",\"item\":\"https:\\\/\\\/www.cote-mas.fr\\\/en\\\/\"},{\"@type\":\"ListItem\",\"position\":2,\"name\":\"Bertrand Gouttebroze Chef du Bar \u00e0 Vins C\u00f4t\u00e9 Mas\"}]},{\"@type\":\"WebSite\",\"@id\":\"https:\\\/\\\/www.cote-mas.fr\\\/#website\",\"url\":\"https:\\\/\\\/www.cote-mas.fr\\\/\",\"name\":\"C\u00f4t\u00e9 Mas\",\"description\":\"Le restaurant des Domaines Paul Mas \u00e0 Montagnac en Languedoc\",\"publisher\":{\"@id\":\"https:\\\/\\\/www.cote-mas.fr\\\/#organization\"},\"potentialAction\":[{\"@type\":\"SearchAction\",\"target\":{\"@type\":\"EntryPoint\",\"urlTemplate\":\"https:\\\/\\\/www.cote-mas.fr\\\/?s={search_term_string}\"},\"query-input\":{\"@type\":\"PropertyValueSpecification\",\"valueRequired\":true,\"valueName\":\"search_term_string\"}}],\"inLanguage\":\"en-US\"},{\"@type\":\"Organization\",\"@id\":\"https:\\\/\\\/www.cote-mas.fr\\\/#organization\",\"name\":\"C\u00f4t\u00e9 Mas\",\"url\":\"https:\\\/\\\/www.cote-mas.fr\\\/\",\"logo\":{\"@type\":\"ImageObject\",\"inLanguage\":\"en-US\",\"@id\":\"https:\\\/\\\/www.cote-mas.fr\\\/#\\\/schema\\\/logo\\\/image\\\/\",\"url\":\"https:\\\/\\\/www.cote-mas.fr\\\/wp-content\\\/uploads\\\/2021\\\/07\\\/Logo-cote-mas-seul-copie-2.png\",\"contentUrl\":\"https:\\\/\\\/www.cote-mas.fr\\\/wp-content\\\/uploads\\\/2021\\\/07\\\/Logo-cote-mas-seul-copie-2.png\",\"width\":487,\"height\":114,\"caption\":\"C\u00f4t\u00e9 Mas\"},\"image\":{\"@id\":\"https:\\\/\\\/www.cote-mas.fr\\\/#\\\/schema\\\/logo\\\/image\\\/\"},\"sameAs\":[\"https:\\\/\\\/www.facebook.com\\\/Cote.Mas\",\"https:\\\/\\\/www.instagram.com\\\/cotemas\\\/\"]},{\"@type\":\"Person\",\"@id\":\"https:\\\/\\\/www.cote-mas.fr\\\/#\\\/schema\\\/person\\\/89c0ee0277bea4c8ece99e8db6dd1d55\",\"name\":\"LauHaie\",\"image\":{\"@type\":\"ImageObject\",\"inLanguage\":\"en-US\",\"@id\":\"https:\\\/\\\/secure.gravatar.com\\\/avatar\\\/e9de6e7d2123adfdbe747785cb7c76b45ccd925166b956315966d0bf4a7aab41?s=96&d=mm&r=g\",\"url\":\"https:\\\/\\\/secure.gravatar.com\\\/avatar\\\/e9de6e7d2123adfdbe747785cb7c76b45ccd925166b956315966d0bf4a7aab41?s=96&d=mm&r=g\",\"contentUrl\":\"https:\\\/\\\/secure.gravatar.com\\\/avatar\\\/e9de6e7d2123adfdbe747785cb7c76b45ccd925166b956315966d0bf4a7aab41?s=96&d=mm&r=g\",\"caption\":\"LauHaie\"},\"url\":\"https:\\\/\\\/www.cote-mas.fr\\\/en\\\/author\\\/lauhaie\\\/\"}]}<\/script>\n<!-- \/ Yoast SEO plugin. -->","yoast_head_json":{"title":"Bertrand Gouttebroze Chef du Bar \u00e0 Vins C\u00f4t\u00e9 Mas - C\u00f4t\u00e9 Mas","robots":{"index":"index","follow":"follow","max-snippet":"max-snippet:-1","max-image-preview":"max-image-preview:large","max-video-preview":"max-video-preview:-1"},"canonical":"https:\/\/www.cote-mas.fr\/bertrand-gouttebroze-chef-du-bistrot-cote-mas\/","og_locale":"en_US","og_type":"article","og_title":"Bertrand Gouttebroze Chef du Bar \u00e0 Vins C\u00f4t\u00e9 Mas - C\u00f4t\u00e9 Mas","og_description":"Bertrand Chef du Bar \u00e0 Vins\u00a0C\u00f4t\u00e9 Mas, a commenc\u00e9 son parcours professionnel en dehors de la cuisine. A 18 ans il passe un Bac comptabilit\u00e9 et monte un groupe de musique Le Printemps des S\u00e9ch\u00e9s avec qui il va jouer pendant 3 ans. En m\u00eame temps il passe un DUG art du spectacle et du [&hellip;]","og_url":"https:\/\/www.cote-mas.fr\/bertrand-gouttebroze-chef-du-bistrot-cote-mas\/","og_site_name":"C\u00f4t\u00e9 Mas","article_publisher":"https:\/\/www.facebook.com\/Cote.Mas","article_published_time":"2017-03-27T09:48:40+00:00","article_modified_time":"2017-03-31T07:08:31+00:00","og_image":[{"width":1106,"height":1400,"url":"https:\/\/www.cote-mas.fr\/wp-content\/uploads\/2017\/03\/DSC_8083.jpg","type":"image\/jpeg"}],"author":"LauHaie","twitter_card":"summary_large_image","twitter_misc":{"Written by":"LauHaie","Est. reading time":"1 minute"},"schema":{"@context":"https:\/\/schema.org","@graph":[{"@type":"Article","@id":"https:\/\/www.cote-mas.fr\/bertrand-gouttebroze-chef-du-bistrot-cote-mas\/#article","isPartOf":{"@id":"https:\/\/www.cote-mas.fr\/bertrand-gouttebroze-chef-du-bistrot-cote-mas\/"},"author":{"name":"LauHaie","@id":"https:\/\/www.cote-mas.fr\/#\/schema\/person\/89c0ee0277bea4c8ece99e8db6dd1d55"},"headline":"Bertrand Gouttebroze Chef du Bar \u00e0 Vins C\u00f4t\u00e9 Mas","datePublished":"2017-03-27T09:48:40+00:00","dateModified":"2017-03-31T07:08:31+00:00","mainEntityOfPage":{"@id":"https:\/\/www.cote-mas.fr\/bertrand-gouttebroze-chef-du-bistrot-cote-mas\/"},"wordCount":257,"commentCount":0,"publisher":{"@id":"https:\/\/www.cote-mas.fr\/#organization"},"image":{"@id":"https:\/\/www.cote-mas.fr\/bertrand-gouttebroze-chef-du-bistrot-cote-mas\/#primaryimage"},"thumbnailUrl":"https:\/\/www.cote-mas.fr\/wp-content\/uploads\/2017\/03\/DSC_8083.jpg","articleSection":["Bar \u00e0 Vin","portrait","Restaurant"],"inLanguage":"en-US","potentialAction":[{"@type":"CommentAction","name":"Comment","target":["https:\/\/www.cote-mas.fr\/bertrand-gouttebroze-chef-du-bistrot-cote-mas\/#respond"]}]},{"@type":"WebPage","@id":"https:\/\/www.cote-mas.fr\/bertrand-gouttebroze-chef-du-bistrot-cote-mas\/","url":"https:\/\/www.cote-mas.fr\/bertrand-gouttebroze-chef-du-bistrot-cote-mas\/","name":"Bertrand Gouttebroze Chef du Bar \u00e0 Vins C\u00f4t\u00e9 Mas - C\u00f4t\u00e9 Mas","isPartOf":{"@id":"https:\/\/www.cote-mas.fr\/#website"},"primaryImageOfPage":{"@id":"https:\/\/www.cote-mas.fr\/bertrand-gouttebroze-chef-du-bistrot-cote-mas\/#primaryimage"},"image":{"@id":"https:\/\/www.cote-mas.fr\/bertrand-gouttebroze-chef-du-bistrot-cote-mas\/#primaryimage"},"thumbnailUrl":"https:\/\/www.cote-mas.fr\/wp-content\/uploads\/2017\/03\/DSC_8083.jpg","datePublished":"2017-03-27T09:48:40+00:00","dateModified":"2017-03-31T07:08:31+00:00","breadcrumb":{"@id":"https:\/\/www.cote-mas.fr\/bertrand-gouttebroze-chef-du-bistrot-cote-mas\/#breadcrumb"},"inLanguage":"en-US","potentialAction":[{"@type":"ReadAction","target":["https:\/\/www.cote-mas.fr\/bertrand-gouttebroze-chef-du-bistrot-cote-mas\/"]}]},{"@type":"ImageObject","inLanguage":"en-US","@id":"https:\/\/www.cote-mas.fr\/bertrand-gouttebroze-chef-du-bistrot-cote-mas\/#primaryimage","url":"https:\/\/www.cote-mas.fr\/wp-content\/uploads\/2017\/03\/DSC_8083.jpg","contentUrl":"https:\/\/www.cote-mas.fr\/wp-content\/uploads\/2017\/03\/DSC_8083.jpg","width":1106,"height":1400,"caption":"chef cuisine bertrand gouttebroze"},{"@type":"BreadcrumbList","@id":"https:\/\/www.cote-mas.fr\/bertrand-gouttebroze-chef-du-bistrot-cote-mas\/#breadcrumb","itemListElement":[{"@type":"ListItem","position":1,"name":"Accueil","item":"https:\/\/www.cote-mas.fr\/en\/"},{"@type":"ListItem","position":2,"name":"Bertrand Gouttebroze Chef du Bar \u00e0 Vins C\u00f4t\u00e9 Mas"}]},{"@type":"WebSite","@id":"https:\/\/www.cote-mas.fr\/#website","url":"https:\/\/www.cote-mas.fr\/","name":"C\u00f4t\u00e9 Mas","description":"Le restaurant des Domaines Paul Mas \u00e0 Montagnac en Languedoc","publisher":{"@id":"https:\/\/www.cote-mas.fr\/#organization"},"potentialAction":[{"@type":"SearchAction","target":{"@type":"EntryPoint","urlTemplate":"https:\/\/www.cote-mas.fr\/?s={search_term_string}"},"query-input":{"@type":"PropertyValueSpecification","valueRequired":true,"valueName":"search_term_string"}}],"inLanguage":"en-US"},{"@type":"Organization","@id":"https:\/\/www.cote-mas.fr\/#organization","name":"C\u00f4t\u00e9 Mas","url":"https:\/\/www.cote-mas.fr\/","logo":{"@type":"ImageObject","inLanguage":"en-US","@id":"https:\/\/www.cote-mas.fr\/#\/schema\/logo\/image\/","url":"https:\/\/www.cote-mas.fr\/wp-content\/uploads\/2021\/07\/Logo-cote-mas-seul-copie-2.png","contentUrl":"https:\/\/www.cote-mas.fr\/wp-content\/uploads\/2021\/07\/Logo-cote-mas-seul-copie-2.png","width":487,"height":114,"caption":"C\u00f4t\u00e9 Mas"},"image":{"@id":"https:\/\/www.cote-mas.fr\/#\/schema\/logo\/image\/"},"sameAs":["https:\/\/www.facebook.com\/Cote.Mas","https:\/\/www.instagram.com\/cotemas\/"]},{"@type":"Person","@id":"https:\/\/www.cote-mas.fr\/#\/schema\/person\/89c0ee0277bea4c8ece99e8db6dd1d55","name":"LauHaie","image":{"@type":"ImageObject","inLanguage":"en-US","@id":"https:\/\/secure.gravatar.com\/avatar\/e9de6e7d2123adfdbe747785cb7c76b45ccd925166b956315966d0bf4a7aab41?s=96&d=mm&r=g","url":"https:\/\/secure.gravatar.com\/avatar\/e9de6e7d2123adfdbe747785cb7c76b45ccd925166b956315966d0bf4a7aab41?s=96&d=mm&r=g","contentUrl":"https:\/\/secure.gravatar.com\/avatar\/e9de6e7d2123adfdbe747785cb7c76b45ccd925166b956315966d0bf4a7aab41?s=96&d=mm&r=g","caption":"LauHaie"},"url":"https:\/\/www.cote-mas.fr\/en\/author\/lauhaie\/"}]}},"_links":{"self":[{"href":"https:\/\/www.cote-mas.fr\/en\/wp-json\/wp\/v2\/posts\/1562","targetHints":{"allow":["GET"]}}],"collection":[{"href":"https:\/\/www.cote-mas.fr\/en\/wp-json\/wp\/v2\/posts"}],"about":[{"href":"https:\/\/www.cote-mas.fr\/en\/wp-json\/wp\/v2\/types\/post"}],"author":[{"embeddable":true,"href":"https:\/\/www.cote-mas.fr\/en\/wp-json\/wp\/v2\/users\/4"}],"replies":[{"embeddable":true,"href":"https:\/\/www.cote-mas.fr\/en\/wp-json\/wp\/v2\/comments?post=1562"}],"version-history":[{"count":4,"href":"https:\/\/www.cote-mas.fr\/en\/wp-json\/wp\/v2\/posts\/1562\/revisions"}],"predecessor-version":[{"id":1573,"href":"https:\/\/www.cote-mas.fr\/en\/wp-json\/wp\/v2\/posts\/1562\/revisions\/1573"}],"wp:featuredmedia":[{"embeddable":true,"href":"https:\/\/www.cote-mas.fr\/en\/wp-json\/wp\/v2\/media\/1564"}],"wp:attachment":[{"href":"https:\/\/www.cote-mas.fr\/en\/wp-json\/wp\/v2\/media?parent=1562"}],"wp:term":[{"taxonomy":"category","embeddable":true,"href":"https:\/\/www.cote-mas.fr\/en\/wp-json\/wp\/v2\/categories?post=1562"},{"taxonomy":"post_tag","embeddable":true,"href":"https:\/\/www.cote-mas.fr\/en\/wp-json\/wp\/v2\/tags?post=1562"}],"curies":[{"name":"wp","href":"https:\/\/api.w.org\/{rel}","templated":true}]}}