{"id":15493,"date":"2025-03-06T09:50:29","date_gmt":"2025-03-06T08:50:29","guid":{"rendered":"https:\/\/www.cote-mas.fr\/?p=15493"},"modified":"2025-03-06T09:52:05","modified_gmt":"2025-03-06T08:52:05","slug":"cote-mas-awarded-the-bib-gourmand-in-the-2025-michelin-guide-a-celebration-of-luxe-rural","status":"publish","type":"post","link":"https:\/\/www.cote-mas.fr\/en\/cote-mas-awarded-the-bib-gourmand-in-the-2025-michelin-guide-a-celebration-of-luxe-rural\/","title":{"rendered":"C\u00f4t\u00e9 Mas Awarded the Bib Gourmand in the 2025 Michelin Guide: A Celebration of Luxe Rural"},"content":{"rendered":"<p>[et_pb_section fb_built=&#8221;1&#8243; _builder_version=&#8221;4.16&#8243; _module_preset=&#8221;default&#8221; global_colors_info=&#8221;{}&#8221;][et_pb_row _builder_version=&#8221;4.16&#8243; _module_preset=&#8221;default&#8221; global_colors_info=&#8221;{}&#8221;][et_pb_column type=&#8221;4_4&#8243; _builder_version=&#8221;4.16&#8243; _module_preset=&#8221;default&#8221; global_colors_info=&#8221;{}&#8221;][et_pb_image src=&#8221;https:\/\/www.cote-mas.fr\/wp-content\/uploads\/2025\/03\/Bib-Gourmand-Guide-Michelin-2025.jpg&#8221; title_text=&#8221;Bib Gourmand Guide Michelin 2025&#8243; align=&#8221;center&#8221; _builder_version=&#8221;4.27.4&#8243; _module_preset=&#8221;_initial&#8221; global_colors_info=&#8221;{}&#8221;][\/et_pb_image][et_pb_text admin_label=&#8221;Text&#8221; _builder_version=&#8221;4.27.4&#8243; _module_preset=&#8221;default&#8221; background_size=&#8221;initial&#8221; background_position=&#8221;top_left&#8221; background_repeat=&#8221;repeat&#8221; max_width=&#8221;80%&#8221; module_alignment=&#8221;center&#8221; custom_padding=&#8221;0px||||false|false&#8221; hover_enabled=&#8221;0&#8243; global_colors_info=&#8221;{}&#8221; sticky_enabled=&#8221;0&#8243;]<\/p>\n<h1 style=\"text-align: center;\">C\u00f4t\u00e9 Mas Awarded the Bib Gourmand in the 2025 Michelin Guide:<\/h1>\n<h1 style=\"text-align: center;\">A Celebration of Luxe Rural<\/h1>\n<p>&nbsp;<\/p>\n<p style=\"text-align: justify;\">The <strong data-start=\"105\" data-end=\"128\">2025 Michelin Guide<\/strong> has just revealed its latest selections, and we are thrilled to announce that <strong data-start=\"207\" data-end=\"219\">C\u00f4t\u00e9 Mas<\/strong> has been awarded the <strong data-start=\"241\" data-end=\"269\">prestigious Bib Gourmand<\/strong>. This distinction highlights our unwavering commitment to offering a <strong data-start=\"339\" data-end=\"373\">high-quality dining experience<\/strong> that balances <strong data-start=\"388\" data-end=\"420\">excellence and accessibility<\/strong>.<\/p>\n<p>[\/et_pb_text][et_pb_text admin_label=&#8221;Text&#8221; _builder_version=&#8221;4.27.4&#8243; _module_preset=&#8221;default&#8221; background_size=&#8221;initial&#8221; background_position=&#8221;top_left&#8221; background_repeat=&#8221;repeat&#8221; max_width=&#8221;80%&#8221; module_alignment=&#8221;center&#8221; custom_padding=&#8221;0px||||false|false&#8221; hover_enabled=&#8221;0&#8243; global_colors_info=&#8221;{}&#8221; sticky_enabled=&#8221;0&#8243;]<\/p>\n<h2 data-start=\"425\" data-end=\"481\"><strong data-start=\"428\" data-end=\"479\">What is the Bib Gourmand? A Coveted Recognition<\/strong><\/h2>\n<p><strong data-start=\"428\" data-end=\"479\"><\/strong><\/p>\n<p data-start=\"483\" data-end=\"779\" style=\"text-align: justify;\">Introduced in <strong data-start=\"497\" data-end=\"505\">1997<\/strong>, the <strong data-start=\"511\" data-end=\"527\">Bib Gourmand<\/strong> is a Michelin distinction awarded to restaurants offering <strong data-start=\"586\" data-end=\"631\">outstanding cuisine at a reasonable price<\/strong>. These establishments provide a complete, high-quality meal (excluding beverages) for approximately <strong data-start=\"732\" data-end=\"776\">\u20ac40 outside Paris and \u20ac45 in the capital<\/strong>.<\/p>\n<p data-start=\"781\" data-end=\"1093\" style=\"text-align: justify;\">A <strong data-start=\"783\" data-end=\"799\">Bib Gourmand<\/strong> restaurant is synonymous with <strong data-start=\"830\" data-end=\"889\">authenticity, quality ingredients, and skillful cooking<\/strong>, making gourmet experiences accessible to a broader audience. This year, among the <strong data-start=\"973\" data-end=\"1005\">77 new Bib Gourmand awardees<\/strong>, <strong data-start=\"1007\" data-end=\"1052\">C\u00f4t\u00e9 Mas proudly represents the Languedoc<\/strong> alongside another local establishment.<\/p>\n<p>[\/et_pb_text][et_pb_image src=&#8221;https:\/\/www.cote-mas.fr\/wp-content\/uploads\/2025\/03\/Restaurant-Cote-Mas-Montagnac-Bib-gourmand-Guide-Michelin-2.jpg&#8221; title_text=&#8221;Restaurant C\u00f4t\u00e9 Mas Montagnac Bib gourmand Guide Michelin&#8221; _builder_version=&#8221;4.27.4&#8243; _module_preset=&#8221;_initial&#8221; width=&#8221;80%&#8221; module_alignment=&#8221;center&#8221; border_radii=&#8221;on|10px|10px|10px|10px&#8221; global_colors_info=&#8221;{}&#8221;][\/et_pb_image][et_pb_text content_tablet=&#8221;&#8221; content_phone=&#8221;<\/p>\n<h2 style=%22text-align: center;%22><strong>C\u00f4t\u00e9 Mas : une exp\u00e9rience gastronomique au c\u0153ur du Languedoc<\/strong><\/h2>\n<p><strong><\/strong><\/p>\n<p style=%22text-align: justify;%22>Nich\u00e9 au c\u0153ur du <strong>Ch\u00e2teau Paul Mas<\/strong>, entour\u00e9 de 150 hectares de vignes, de garrigue, d\u2019oliviers et de ch\u00eanes truffiers, C\u00f4t\u00e9 Mas incarne pleinement l&apos;essence du <strong>Luxe Rural<\/strong>, philosophie ch\u00e8re \u00e0 <strong>Jean-Claude Mas<\/strong>, notre propri\u00e9taire-vigneron.<\/p>\n<p style=%22text-align: justify;%22>C\u00f4t\u00e9 Mas est bien plus qu\u2019un restaurant : c\u2019est <strong>une v\u00e9ritable halte gourmande et p\u00e9dagogique<\/strong>, o\u00f9 chaque visiteur est invit\u00e9 \u00e0 vivre des moments d\u2019exception. Jean-Claude Mas, fier de cette distinction, r\u00e9affirme son engagement<strong> \u00e0 sublimer le terroir languedocien<\/strong> \u00e0 travers une cuisine sinc\u00e8re et raffin\u00e9e.<\/p>\n<p>&#8221; content_last_edited=&#8221;on|phone&#8221; admin_label=&#8221;Text&#8221; _builder_version=&#8221;4.27.4&#8243; _module_preset=&#8221;default&#8221; background_size=&#8221;initial&#8221; background_position=&#8221;top_left&#8221; background_repeat=&#8221;repeat&#8221; max_width=&#8221;80%&#8221; module_alignment=&#8221;center&#8221; custom_padding=&#8221;0px||||false|false&#8221; hover_enabled=&#8221;0&#8243; global_colors_info=&#8221;{}&#8221; sticky_enabled=&#8221;0&#8243;]<\/p>\n<h2 data-start=\"1095\" data-end=\"1158\"><strong data-start=\"1098\" data-end=\"1156\">C\u00f4t\u00e9 Mas: A Culinary Journey in the Heart of Languedoc<\/strong><\/h2>\n<p><strong data-start=\"1098\" data-end=\"1156\"><\/strong><\/p>\n<p data-start=\"1160\" data-end=\"1390\" style=\"text-align: justify;\">Nestled within <strong data-start=\"1175\" data-end=\"1195\">Ch\u00e2teau Paul Mas<\/strong>, surrounded by <strong data-start=\"1211\" data-end=\"1287\">150 hectares of vineyards, olive groves, truffle oaks, and wild garrigue<\/strong>, <strong data-start=\"1289\" data-end=\"1301\">C\u00f4t\u00e9 Mas<\/strong> embodies the spirit of <strong data-start=\"1325\" data-end=\"1339\">Luxe Rural<\/strong>, a philosophy championed by <strong data-start=\"1368\" data-end=\"1387\">Jean-Claude Mas<\/strong>.<\/p>\n<p data-start=\"1392\" data-end=\"1762\" style=\"text-align: justify;\">More than just a restaurant, <strong data-start=\"1421\" data-end=\"1468\">C\u00f4t\u00e9 Mas is an immersive gourmet experience<\/strong>, inviting guests to explore <strong data-start=\"1497\" data-end=\"1564\">the flavors, craftsmanship, and terroir of the Languedoc region<\/strong>. Jean-Claude Mas, deeply committed to honoring his heritage, takes immense pride in this Michelin distinction, which celebrates his vision of an <strong data-start=\"1710\" data-end=\"1759\">elegant yet down-to-earth culinary experience<\/strong>.<\/p>\n<p>[\/et_pb_text][et_pb_text content_tablet=&#8221;&#8221; content_phone=&#8221;<\/p>\n<h2 style=%22text-align: center;%22><strong>Une cuisine innovante &#038; authentique<\/strong><\/h2>\n<p>&#8221; content_last_edited=&#8221;on|phone&#8221; disabled_on=&#8221;off|off|off&#8221; _builder_version=&#8221;4.27.4&#8243; _module_preset=&#8221;default&#8221; background_size=&#8221;initial&#8221; background_position=&#8221;top_left&#8221; background_repeat=&#8221;repeat&#8221; max_width=&#8221;80%&#8221; module_alignment=&#8221;center&#8221; custom_padding=&#8221;0px||||false|false&#8221; global_colors_info=&#8221;{}&#8221;]<\/p>\n<h2 data-start=\"1764\" data-end=\"1816\"><strong data-start=\"1767\" data-end=\"1814\">Authentic, Seasonal, and Innovative Cuisine<\/strong><\/h2>\n<p data-start=\"2332\" data-end=\"2511\">\u00a0<\/p>\n<p>[\/et_pb_text][\/et_pb_column][\/et_pb_row][et_pb_row column_structure=&#8221;1_2,1_2&#8243; _builder_version=&#8221;4.27.4&#8243; _module_preset=&#8221;default&#8221; width=&#8221;75%&#8221; module_alignment=&#8221;center&#8221; global_colors_info=&#8221;{}&#8221;][et_pb_column type=&#8221;1_2&#8243; _builder_version=&#8221;4.27.4&#8243; _module_preset=&#8221;default&#8221; global_colors_info=&#8221;{}&#8221;][et_pb_text _builder_version=&#8221;4.27.4&#8243; _module_preset=&#8221;default&#8221; width=&#8221;80%&#8221; module_alignment=&#8221;center&#8221; hover_enabled=&#8221;0&#8243; global_colors_info=&#8221;{}&#8221; sticky_enabled=&#8221;0&#8243;]<\/p>\n<p data-start=\"1818\" data-end=\"1999\" style=\"text-align: justify;\">At the helm of our kitchen, <strong data-start=\"1846\" data-end=\"1870\">Chef Julien Gonzales<\/strong> creates a <strong data-start=\"1881\" data-end=\"1925\">modern yet authentic culinary experience<\/strong>, highlighting the best of <strong data-start=\"1952\" data-end=\"1996\">seasonal and locally sourced ingredients<\/strong>.<\/p>\n<p data-start=\"2001\" data-end=\"2330\" style=\"text-align: justify;\">Fresh produce from our <strong data-start=\"2024\" data-end=\"2052\">organic vegetable garden<\/strong>, fruits from our <strong data-start=\"2070\" data-end=\"2082\">orchards<\/strong>, and aromatic herbs cultivated on-site form the foundation of our cuisine. Additionally, <strong data-start=\"2172\" data-end=\"2273\">our own olive oils, pressed at the estate\u2019s mill, allow us to craft unique food and wine pairings<\/strong> that celebrate the region\u2019s rich gastronomic heritage.<\/p>\n<p data-start=\"2332\" data-end=\"2511\" style=\"text-align: justify;\">Each dish is meticulously crafted to bring out the <strong data-start=\"2383\" data-end=\"2411\">essence of the Languedoc<\/strong>, in <strong data-start=\"2416\" data-end=\"2471\">perfect harmony with the wines of Domaines Paul Mas<\/strong> and our philosophy of <strong data-start=\"2494\" data-end=\"2508\">Luxe Rural<\/strong>.<\/p>\n<p>[\/et_pb_text][et_pb_image src=&#8221;https:\/\/www.cote-mas.fr\/wp-content\/uploads\/2024\/10\/Burrata-et-ses-tomates-anciennes-.jpg&#8221; alt=&#8221;Heirloom Tomatoes with Burrata&#8221; title_text=&#8221;Heirloom Tomatoes with Burrata&#8221; _builder_version=&#8221;4.27.4&#8243; _module_preset=&#8221;_initial&#8221; width=&#8221;80%&#8221; module_alignment=&#8221;center&#8221; global_colors_info=&#8221;{}&#8221;][\/et_pb_image][\/et_pb_column][et_pb_column type=&#8221;1_2&#8243; _builder_version=&#8221;4.27.4&#8243; _module_preset=&#8221;default&#8221; global_colors_info=&#8221;{}&#8221;][et_pb_image src=&#8221;https:\/\/www.cote-mas.fr\/wp-content\/uploads\/2022\/04\/Restaurant-Cote-Mas-Montaganac.jpg&#8221; alt=&#8221;Restaurant Gastronomique C\u00f4t\u00e9 Mas&#8221; title_text=&#8221;Restaurant-Cote-Mas-Montaganac&#8221; _builder_version=&#8221;4.27.4&#8243; _module_preset=&#8221;_initial&#8221; custom_padding=&#8221;10%||||false|false&#8221; border_radii=&#8221;on|10px|10px|10px|10px&#8221; global_colors_info=&#8221;{}&#8221;][\/et_pb_image][\/et_pb_column][\/et_pb_row][et_pb_row _builder_version=&#8221;4.27.4&#8243; _module_preset=&#8221;default&#8221; global_colors_info=&#8221;{}&#8221;][et_pb_column type=&#8221;4_4&#8243; _builder_version=&#8221;4.27.4&#8243; _module_preset=&#8221;default&#8221; global_colors_info=&#8221;{}&#8221;][et_pb_text content_tablet=&#8221;&#8221; content_phone=&#8221;<\/p>\n<h2 style=%22text-align: center;%22><strong>Un cadre enchanteur<\/strong><\/h2>\n<p><strong><\/strong><\/p>\n<p>Le restaurant C\u00f4t\u00e9 Mas offre un panorama exceptionnel depuis sa terrasse ouverte aux beaux jours, avec une vue \u00e0 180\u00b0 allant des C\u00e9vennes au nord jusqu\u2019\u00e0 l\u2019\u00e9tang de Thau au sud.<\/p>\n<p>\u00c0 l\u2019int\u00e9rieur, chaque d\u00e9tail a \u00e9t\u00e9 soigneusement pens\u00e9 :<\/p>\n<ul>\n<li>Une d\u00e9coration \u00e9l\u00e9gante et chaleureuse,<\/li>\n<li>De la vaisselle raffin\u00e9e et du linge de table issu des grandes maisons,<\/li>\n<li>Des meubles con\u00e7us par des artisans locaux, fabriqu\u00e9s \u00e0 partir de mat\u00e9riaux nobles,<\/li>\n<li>Une ambiance ponctu\u00e9e de tableaux et de pi\u00e8ces d\u2019artisanat d\u2019art.<\/li>\n<\/ul>\n<p>Tout a \u00e9t\u00e9 con\u00e7u pour cr\u00e9er une atmosph\u00e8re rustique chic et festive, propice \u00e0 la d\u00e9tente et \u00e0 la d\u00e9couverte gastronomique.<\/p>\n<p>&#8221; content_last_edited=&#8221;on|phone&#8221; _builder_version=&#8221;4.27.4&#8243; _module_preset=&#8221;default&#8221; width=&#8221;80%&#8221; module_alignment=&#8221;center&#8221; hover_enabled=&#8221;0&#8243; global_colors_info=&#8221;{}&#8221; sticky_enabled=&#8221;0&#8243;]<\/p>\n<h2 data-start=\"2513\" data-end=\"2544\"><strong data-start=\"2516\" data-end=\"2542\">A Breathtaking Setting<\/strong><\/h2>\n<p><strong data-start=\"2516\" data-end=\"2542\"><\/strong><\/p>\n<p data-start=\"2546\" data-end=\"2753\" style=\"text-align: justify;\">Set against a stunning backdrop, <strong data-start=\"2579\" data-end=\"2591\">C\u00f4t\u00e9 Mas<\/strong> offers <strong data-start=\"2599\" data-end=\"2618\">panoramic views<\/strong> from its <strong data-start=\"2628\" data-end=\"2652\">sun-drenched terrace<\/strong>, stretching from the <strong data-start=\"2674\" data-end=\"2750\">C\u00e9vennes mountains in the north to the \u00c9tang de Thau lagoon in the south<\/strong>.<\/p>\n<p data-start=\"2755\" data-end=\"2832\" style=\"text-align: justify;\">Every element of the <strong data-start=\"2776\" data-end=\"2829\">restaurant\u2019s ambiance has been carefully designed<\/strong>:<\/p>\n<ul data-start=\"2834\" data-end=\"3101\" style=\"text-align: justify;\">\n<li data-start=\"2834\" data-end=\"2868\"><strong data-start=\"2836\" data-end=\"2866\">Elegant yet inviting decor<\/strong><\/li>\n<li data-start=\"2869\" data-end=\"2935\"><strong data-start=\"2871\" data-end=\"2905\">Exquisite tableware and linens<\/strong> from renowned French houses<\/li>\n<li data-start=\"2936\" data-end=\"3009\"><strong data-start=\"2938\" data-end=\"2963\">Handcrafted furniture<\/strong> made from noble materials by local artisans<\/li>\n<li data-start=\"3010\" data-end=\"3101\"><strong data-start=\"3012\" data-end=\"3060\">A collection of artwork and artisanal crafts<\/strong> that enhance the rustic-chic aesthetic<\/li>\n<\/ul>\n<p data-start=\"3103\" data-end=\"3224\" style=\"text-align: justify;\">The result is a <strong data-start=\"3119\" data-end=\"3168\">warm, sophisticated, and convivial atmosphere<\/strong>, making each meal a <strong data-start=\"3189\" data-end=\"3221\">moment to savor and remember<\/strong>.<\/p>\n<p>[\/et_pb_text][\/et_pb_column][\/et_pb_row][et_pb_row column_structure=&#8221;1_2,1_2&#8243; _builder_version=&#8221;4.27.4&#8243; _module_preset=&#8221;default&#8221; global_colors_info=&#8221;{}&#8221;][et_pb_column type=&#8221;1_2&#8243; _builder_version=&#8221;4.27.4&#8243; _module_preset=&#8221;default&#8221; global_colors_info=&#8221;{}&#8221;][et_pb_image src=&#8221;https:\/\/www.cote-mas.fr\/wp-content\/uploads\/2025\/03\/Restaurant-Cote-Mas-Montagnac-Bib-gourmand-Guide-Michelin.jpg&#8221; title_text=&#8221;Restaurant C\u00f4t\u00e9 Mas Montagnac Bib gourmand Guide Michelin&#8221; _builder_version=&#8221;4.27.4&#8243; _module_preset=&#8221;_initial&#8221; width=&#8221;80%&#8221; module_alignment=&#8221;right&#8221; border_radii=&#8221;on|10px|10px|10px|10px&#8221; global_colors_info=&#8221;{}&#8221;][\/et_pb_image][\/et_pb_column][et_pb_column type=&#8221;1_2&#8243; _builder_version=&#8221;4.27.4&#8243; _module_preset=&#8221;default&#8221; global_colors_info=&#8221;{}&#8221;][et_pb_image src=&#8221;https:\/\/www.cote-mas.fr\/wp-content\/uploads\/2025\/03\/Restaurant-Cote-Mas-Montagnac-Bib-gourmand-Guide-Michelin-1.jpg&#8221; title_text=&#8221;Restaurant C\u00f4t\u00e9 Mas Montagnac Bib gourmand Guide Michelin&#8221; _builder_version=&#8221;4.27.4&#8243; _module_preset=&#8221;_initial&#8221; width=&#8221;80%&#8221; module_alignment=&#8221;left&#8221; border_radii=&#8221;on|10px|10px|10px|10px&#8221; global_colors_info=&#8221;{}&#8221;][\/et_pb_image][\/et_pb_column][\/et_pb_row][et_pb_row _builder_version=&#8221;4.27.4&#8243; _module_preset=&#8221;default&#8221; global_colors_info=&#8221;{}&#8221;][et_pb_column type=&#8221;4_4&#8243; _builder_version=&#8221;4.27.4&#8243; _module_preset=&#8221;default&#8221; global_colors_info=&#8221;{}&#8221;][et_pb_text _builder_version=&#8221;4.27.4&#8243; _module_preset=&#8221;default&#8221; width=&#8221;80%&#8221; module_alignment=&#8221;center&#8221; hover_enabled=&#8221;0&#8243; global_colors_info=&#8221;{}&#8221; sticky_enabled=&#8221;0&#8243;]<\/p>\n<h2 data-start=\"3226\" data-end=\"3276\"><strong data-start=\"3229\" data-end=\"3274\"><\/strong><\/h2>\n<h2 data-start=\"3226\" data-end=\"3276\"><strong data-start=\"3229\" data-end=\"3274\">Menus: A Celebration of Local Ingredients<\/strong><\/h2>\n<p data-start=\"3278\" data-end=\"3452\" style=\"text-align: justify;\">Our menu changes with the seasons, offering <strong data-start=\"3322\" data-end=\"3396\">creative and refined dishes inspired by the day\u2019s freshest ingredients<\/strong>. Guests can choose between two signature experiences:<\/p>\n<p>[\/et_pb_text][\/et_pb_column][\/et_pb_row][\/et_pb_section][et_pb_section fb_built=&#8221;1&#8243; custom_padding_last_edited=&#8221;on|desktop&#8221; admin_label=&#8221;section&#8221; _builder_version=&#8221;4.27.4&#8243; _module_preset=&#8221;default&#8221; background_color=&#8221;#FFFFFF&#8221; custom_padding_tablet=&#8221;0px|0|0px|0|false|false&#8221; custom_padding_phone=&#8221;0px||0px||false|false&#8221; transparent_background=&#8221;off&#8221; make_fullwidth=&#8221;off&#8221; use_custom_width=&#8221;off&#8221; width_unit=&#8221;on&#8221; global_colors_info=&#8221;{}&#8221;][et_pb_row admin_label=&#8221;row&#8221; _builder_version=&#8221;4.27.4&#8243; _module_preset=&#8221;default&#8221; background_size=&#8221;initial&#8221; background_position=&#8221;top_left&#8221; background_repeat=&#8221;repeat&#8221; width=&#8221;70%&#8221; width_tablet=&#8221;70%&#8221; width_phone=&#8221;100%&#8221; width_last_edited=&#8221;on|phone&#8221; custom_padding=&#8221;||0px|||&#8221; module_alignment_tablet=&#8221;&#8221; module_alignment_phone=&#8221;center&#8221; module_alignment_last_edited=&#8221;on|phone&#8221; global_colors_info=&#8221;{}&#8221;][et_pb_column type=&#8221;4_4&#8243; _builder_version=&#8221;4.16&#8243; _module_preset=&#8221;default&#8221; custom_padding=&#8221;|||&#8221; global_colors_info=&#8221;{}&#8221; custom_padding__hover=&#8221;|||&#8221;][et_pb_image src=&#8221;https:\/\/www.cote-mas.fr\/wp-content\/uploads\/2025\/03\/Bib-Gourmand-Guide-Michelin-2025-1.jpg&#8221; title_text=&#8221;Bib Gourmand Guide Michelin 2025 (1)&#8221; align=&#8221;center&#8221; _builder_version=&#8221;4.27.4&#8243; _module_preset=&#8221;_initial&#8221; custom_margin=&#8221;0px||||false|false&#8221; custom_margin_tablet=&#8221;0px||||false|false&#8221; custom_margin_phone=&#8221;0px||||false|false&#8221; custom_margin_last_edited=&#8221;on|phone&#8221; hover_enabled=&#8221;0&#8243; global_colors_info=&#8221;{}&#8221; sticky_enabled=&#8221;0&#8243;][\/et_pb_image][\/et_pb_column][\/et_pb_row][et_pb_row _builder_version=&#8221;4.27.4&#8243; _module_preset=&#8221;default&#8221; hover_enabled=&#8221;0&#8243; global_colors_info=&#8221;{}&#8221; module_alignment=&#8221;center&#8221; sticky_enabled=&#8221;0&#8243; custom_margin=&#8221;|auto||171px||&#8221;][et_pb_column type=&#8221;4_4&#8243; _builder_version=&#8221;4.27.4&#8243; _module_preset=&#8221;default&#8221; global_colors_info=&#8221;{}&#8221;][et_pb_text _builder_version=&#8221;4.27.4&#8243; _module_preset=&#8221;default&#8221; width=&#8221;80%&#8221; module_alignment=&#8221;center&#8221; hover_enabled=&#8221;0&#8243; global_colors_info=&#8221;{}&#8221; sticky_enabled=&#8221;0&#8243; custom_margin=&#8221;|||41px||&#8221;]<\/p>\n<p>Each dish is a <strong data-start=\"3769\" data-end=\"3792\">tribute to the land<\/strong>, carefully crafted to create a <strong data-start=\"3824\" data-end=\"3853\">memorable gourmet journey<\/strong>.<\/p>\n<p>&nbsp;<\/p>\n<h2>A Wine Cellar to Delight Every Palate<\/h2>\n<p>[\/et_pb_text][\/et_pb_column][\/et_pb_row][et_pb_row column_structure=&#8221;1_2,1_2&#8243; _builder_version=&#8221;4.27.4&#8243; _module_preset=&#8221;default&#8221; width=&#8221;75%&#8221; module_alignment=&#8221;center&#8221; global_colors_info=&#8221;{}&#8221;][et_pb_column type=&#8221;1_2&#8243; _builder_version=&#8221;4.27.4&#8243; _module_preset=&#8221;default&#8221; global_colors_info=&#8221;{}&#8221;][et_pb_text _builder_version=&#8221;4.27.4&#8243; _module_preset=&#8221;default&#8221; width=&#8221;80%&#8221; module_alignment=&#8221;center&#8221; hover_enabled=&#8221;0&#8243; global_colors_info=&#8221;{}&#8221; sticky_enabled=&#8221;0&#8243;]<\/p>\n<p data-start=\"3906\" data-end=\"4052\" style=\"text-align: justify;\">The <strong data-start=\"3910\" data-end=\"3935\">C\u00f4t\u00e9 Mas tasting room<\/strong> offers an exceptional <strong data-start=\"3958\" data-end=\"3987\">wine discovery experience<\/strong>, featuring over <strong data-start=\"4004\" data-end=\"4022\">150 references<\/strong> from <strong data-start=\"4028\" data-end=\"4049\">Domaines Paul Mas<\/strong>.<\/p>\n<p data-start=\"4054\" data-end=\"4342\" style=\"text-align: justify;\">Our <strong data-start=\"4058\" data-end=\"4102\">extensive selection of IGP and AOP wines<\/strong> allows guests to explore <strong data-start=\"4128\" data-end=\"4167\">the full diversity of the Languedoc<\/strong>. Wines are available <strong data-start=\"4189\" data-end=\"4215\">by the glass or bottle<\/strong>, with guidance from our expert <strong data-start=\"4247\" data-end=\"4261\">sommeliers<\/strong>, who are dedicated to helping you find the <strong data-start=\"4305\" data-end=\"4339\">perfect food and wine pairings<\/strong>.<\/p>\n<p>[\/et_pb_text][et_pb_image src=&#8221;https:\/\/www.cote-mas.fr\/wp-content\/uploads\/2025\/03\/Accord-Mets-et-vin.jpg&#8221; alt=&#8221;Heirloom Tomatoes with Burrata&#8221; title_text=&#8221;Accord Mets et vin&#8221; _builder_version=&#8221;4.27.4&#8243; _module_preset=&#8221;_initial&#8221; width=&#8221;80%&#8221; module_alignment=&#8221;center&#8221; global_colors_info=&#8221;{}&#8221;][\/et_pb_image][\/et_pb_column][et_pb_column type=&#8221;1_2&#8243; _builder_version=&#8221;4.27.4&#8243; _module_preset=&#8221;default&#8221; global_colors_info=&#8221;{}&#8221;][et_pb_image src=&#8221;https:\/\/www.cote-mas.fr\/wp-content\/uploads\/2025\/03\/Restaurant-Cote-Mas-Montagnac-Bib-gourmand-Guide-Michelin-3.jpg&#8221; alt=&#8221;Restaurant Gastronomique C\u00f4t\u00e9 Mas&#8221; title_text=&#8221;Restaurant C\u00f4t\u00e9 Mas Montagnac Bib gourmand Guide Michelin&#8221; _builder_version=&#8221;4.27.4&#8243; _module_preset=&#8221;_initial&#8221; custom_padding=&#8221;10%||||false|false&#8221; border_radii=&#8221;on|10px|10px|10px|10px&#8221; global_colors_info=&#8221;{}&#8221;][\/et_pb_image][\/et_pb_column][\/et_pb_row][et_pb_row _builder_version=&#8221;4.27.4&#8243; _module_preset=&#8221;default&#8221; global_colors_info=&#8221;{}&#8221;][et_pb_column type=&#8221;4_4&#8243; _builder_version=&#8221;4.27.4&#8243; _module_preset=&#8221;default&#8221; global_colors_info=&#8221;{}&#8221;][et_pb_text _builder_version=&#8221;4.27.4&#8243; _module_preset=&#8221;default&#8221; width=&#8221;80%&#8221; module_alignment=&#8221;center&#8221; hover_enabled=&#8221;0&#8243; global_colors_info=&#8221;{}&#8221; sticky_enabled=&#8221;0&#8243;]<\/p>\n<h2 data-start=\"4344\" data-end=\"4394\" style=\"text-align: justify;\"><strong data-start=\"4347\" data-end=\"4392\"><\/strong><\/h2>\n<h2 data-start=\"4344\" data-end=\"4394\"><strong data-start=\"4347\" data-end=\"4392\"><\/strong><\/h2>\n<h2 data-start=\"4344\" data-end=\"4394\"><strong data-start=\"4347\" data-end=\"4392\">Commitment to Excellence and Authenticity<\/strong><\/h2>\n<p data-start=\"4396\" data-end=\"4465\">Receiving the <strong data-start=\"4410\" data-end=\"4426\">Bib Gourmand<\/strong> is a testament to our dedication to:<\/p>\n<ul data-start=\"4467\" data-end=\"4725\">\n<li data-start=\"4467\" data-end=\"4537\"><strong data-start=\"4469\" data-end=\"4502\">Crafting high-quality cuisine<\/strong> with seasonal, local ingredients<\/li>\n<li data-start=\"4538\" data-end=\"4607\"><strong data-start=\"4540\" data-end=\"4574\">Honoring our regional heritage<\/strong> through food and wine pairings<\/li>\n<li data-start=\"4608\" data-end=\"4673\"><strong data-start=\"4610\" data-end=\"4671\">Offering an exceptional yet accessible gourmet experience<\/strong><\/li>\n<li data-start=\"4674\" data-end=\"4725\"><strong data-start=\"4676\" data-end=\"4723\">Creating a welcoming and refined atmosphere<\/strong><\/li>\n<\/ul>\n<p data-start=\"4727\" data-end=\"4954\">We extend our heartfelt gratitude to <strong data-start=\"4764\" data-end=\"4801\">Chef Julien Gonzales and his team<\/strong>, whose passion and creativity bring our vision to life. We also thank <strong data-start=\"4872\" data-end=\"4892\">our loyal guests<\/strong>\u2014your continued support and enthusiasm inspire us every day.<\/p>\n<p>[\/et_pb_text][et_pb_divider _builder_version=&#8221;4.16&#8243; _module_preset=&#8221;default&#8221; global_colors_info=&#8221;{}&#8221;][\/et_pb_divider][\/et_pb_column][\/et_pb_row][et_pb_row column_structure=&#8221;1_3,2_3&#8243; _builder_version=&#8221;4.27.4&#8243; _module_preset=&#8221;default&#8221; border_radii=&#8221;on|10px|10px|10px|10px&#8221; border_width_all=&#8221;1px&#8221; global_colors_info=&#8221;{}&#8221;][et_pb_column type=&#8221;1_3&#8243; _builder_version=&#8221;4.27.4&#8243; _module_preset=&#8221;default&#8221; global_colors_info=&#8221;{}&#8221;][et_pb_image src=&#8221;https:\/\/www.cote-mas.fr\/wp-content\/uploads\/2025\/03\/Bib-Gourmand-Guide-Michelin-2025-2.jpg&#8221; title_text=&#8221;Bib Gourmand Guide Michelin 2025 (2)&#8221; _builder_version=&#8221;4.27.4&#8243; _module_preset=&#8221;default&#8221; module_alignment=&#8221;right&#8221; custom_padding=&#8221;|||20px|false|false&#8221; global_colors_info=&#8221;{}&#8221;][\/et_pb_image][\/et_pb_column][et_pb_column type=&#8221;2_3&#8243; _builder_version=&#8221;4.27.4&#8243; _module_preset=&#8221;default&#8221; global_colors_info=&#8221;{}&#8221;][et_pb_text _builder_version=&#8221;4.27.4&#8243; _module_preset=&#8221;default&#8221; custom_margin=&#8221;50px||||false|false&#8221; custom_padding=&#8221;|25px|||false|false&#8221; global_colors_info=&#8221;{}&#8221;]<\/p>\n<p>Discover the <strong data-start=\"13\" data-end=\"41\">Michelin Guide\u2019s article<\/strong> on the <strong data-start=\"49\" data-end=\"67\">2025 selection<\/strong>, where our restaurant <strong data-start=\"90\" data-end=\"102\">C\u00f4t\u00e9 Mas<\/strong> is proudly featured with the prestigious <strong data-start=\"144\" data-end=\"160\">Bib Gourmand<\/strong>!<\/p>\n<p>[\/et_pb_text][et_pb_button button_url=&#8221;https:\/\/guide.michelin.com\/fr\/fr\/article\/michelin-guide-ceremony\/bib-gourmand-2025-decouvrez-la-nouvelle-selection-du-guide-michelin&#8221; url_new_window=&#8221;on&#8221; button_text=&#8221;L&#8217;article du Guide Michelin&#8221; button_alignment=&#8221;center&#8221; _builder_version=&#8221;4.27.4&#8243; _module_preset=&#8221;default&#8221; custom_button=&#8221;on&#8221; button_text_color=&#8221;#C20017&#8243; button_border_color=&#8221;#C20017&#8243; global_colors_info=&#8221;{}&#8221;][\/et_pb_button][\/et_pb_column][\/et_pb_row][et_pb_row _builder_version=&#8221;4.16&#8243; _module_preset=&#8221;default&#8221; custom_padding=&#8221;35px|||||&#8221; global_colors_info=&#8221;{}&#8221;][et_pb_column type=&#8221;4_4&#8243; _builder_version=&#8221;4.16&#8243; _module_preset=&#8221;default&#8221; global_colors_info=&#8221;{}&#8221;][et_pb_divider _builder_version=&#8221;4.16&#8243; _module_preset=&#8221;default&#8221; global_colors_info=&#8221;{}&#8221;][\/et_pb_divider][et_pb_text admin_label=&#8221;Text&#8221; _builder_version=&#8221;4.27.4&#8243; _module_preset=&#8221;default&#8221; background_size=&#8221;initial&#8221; background_position=&#8221;top_left&#8221; background_repeat=&#8221;repeat&#8221; max_width=&#8221;80%&#8221; module_alignment=&#8221;center&#8221; custom_padding=&#8221;0px|||||&#8221; global_colors_info=&#8221;{}&#8221;]<\/p>\n<h2>Book Your Table and Experience C\u00f4t\u00e9 Mas!<\/h2>\n<p data-start=\"4990\" data-end=\"5112\">We invite you to <strong data-start=\"5007\" data-end=\"5033\">discover or rediscover<\/strong> the <strong data-start=\"5038\" data-end=\"5061\">C\u00f4t\u00e9 Mas experience<\/strong> and celebrate this exciting recognition with us.<\/p>\n<p data-start=\"5114\" data-end=\"5299\">Whether you&#8217;re enjoying a <strong data-start=\"5140\" data-end=\"5170\">sunny lunch on our terrace<\/strong> or an <strong data-start=\"5177\" data-end=\"5223\">intimate dinner in our elegant dining room<\/strong>, every meal at <strong data-start=\"5239\" data-end=\"5251\">C\u00f4t\u00e9 Mas<\/strong> is an opportunity to <strong data-start=\"5273\" data-end=\"5296\">delight your senses<\/strong>.<\/p>\n<p>[\/et_pb_text][et_pb_button button_url=&#8221;https:\/\/www.cote-mas.fr\/en\/contacts-2\/&#8221; button_text=&#8221;Booking&#8221; button_alignment=&#8221;center&#8221; _builder_version=&#8221;4.27.4&#8243; _module_preset=&#8221;default&#8221; global_colors_info=&#8221;{}&#8221;][\/et_pb_button][et_pb_divider _builder_version=&#8221;4.16&#8243; _module_preset=&#8221;default&#8221; global_colors_info=&#8221;{}&#8221;][\/et_pb_divider][et_pb_text admin_label=&#8221;Text&#8221; _builder_version=&#8221;4.16&#8243; _module_preset=&#8221;default&#8221; background_size=&#8221;initial&#8221; background_position=&#8221;top_left&#8221; background_repeat=&#8221;repeat&#8221; width=&#8221;62%&#8221; module_alignment=&#8221;center&#8221; custom_margin=&#8221;-45px|||||&#8221; custom_padding=&#8221;7px|||||&#8221; global_colors_info=&#8221;{}&#8221;]<\/p>\n<p>Feel free to <strong data-start=\"13\" data-end=\"44\">subscribe to our newsletter<\/strong> or <strong data-start=\"48\" data-end=\"77\">follow us on social media<\/strong> to be the first to hear about our <strong data-start=\"112\" data-end=\"172\">events, special evenings, exclusive promotions, and more<\/strong>!<\/p>\n<p>[\/et_pb_text][et_pb_button button_url=&#8221;https:\/\/www.cote-mas.fr\/en\/?page_id=8474&#8243; url_new_window=&#8221;on&#8221; button_text=&#8221;Newsletter subscribe&#8221; button_alignment=&#8221;center&#8221; _builder_version=&#8221;4.16&#8243; _module_preset=&#8221;default&#8221; custom_button=&#8221;on&#8221; button_text_color=&#8221;#5F504D&#8221; button_bg_color=&#8221;RGBA(255,255,255,0)&#8221; button_border_color=&#8221;#5F504D&#8221; custom_margin=&#8221;0px||||false|false&#8221; global_colors_info=&#8221;{}&#8221;][\/et_pb_button][et_pb_social_media_follow _builder_version=&#8221;4.16&#8243; _module_preset=&#8221;default&#8221; text_orientation=&#8221;center&#8221; module_alignment=&#8221;center&#8221; custom_margin=&#8221;0px||||false|false&#8221; custom_padding=&#8221;0px|||||&#8221; locked=&#8221;off&#8221; global_colors_info=&#8221;{}&#8221;][et_pb_social_media_follow_network social_network=&#8221;instagram&#8221; url=&#8221;https:\/\/www.instagram.com\/cotemas\/&#8221; use_icon_font_size=&#8221;on&#8221; icon_font_size=&#8221;39px&#8221; _builder_version=&#8221;4.16&#8243; _module_preset=&#8221;default&#8221; background_color=&#8221;#5f504d&#8221; background_enable_color=&#8221;on&#8221; custom_button=&#8221;on&#8221; button_text_size=&#8221;12px&#8221; button_bg_color=&#8221;#5f504d&#8221; button_border_color=&#8221;#5f504d&#8221; button_border_radius=&#8221;9px&#8221; transform_scale=&#8221;82%|82%&#8221; border_radii=&#8221;on|40px|40px|40px|40px&#8221; global_colors_info=&#8221;{}&#8221; follow_button=&#8221;off&#8221; url_new_window=&#8221;on&#8221;]instagram[\/et_pb_social_media_follow_network][et_pb_social_media_follow_network social_network=&#8221;facebook&#8221; url=&#8221;https:\/\/www.facebook.com\/Cote.Mas&#8221; use_icon_font_size=&#8221;on&#8221; icon_font_size=&#8221;39px&#8221; _builder_version=&#8221;4.16&#8243; _module_preset=&#8221;default&#8221; background_color=&#8221;#5f504d&#8221; background_enable_color=&#8221;on&#8221; custom_button=&#8221;on&#8221; button_text_size=&#8221;12px&#8221; button_bg_color=&#8221;#5f504d&#8221; button_border_color=&#8221;#5f504d&#8221; button_border_radius=&#8221;9px&#8221; transform_scale=&#8221;82%|82%&#8221; border_radii=&#8221;on|40px|40px|40px|40px&#8221; global_colors_info=&#8221;{}&#8221; follow_button=&#8221;off&#8221; url_new_window=&#8221;on&#8221;]facebook[\/et_pb_social_media_follow_network][\/et_pb_social_media_follow][\/et_pb_column][\/et_pb_row][\/et_pb_section]<\/p>\n","protected":false},"excerpt":{"rendered":"<p>C\u00f4t\u00e9 Mas Awarded the Bib Gourmand in the 2025 Michelin Guide: A Celebration of Luxe Rural &nbsp; The 2025 Michelin Guide has just revealed its latest selections, and we are thrilled to announce that C\u00f4t\u00e9 Mas has been awarded the prestigious Bib Gourmand. This distinction highlights our unwavering commitment to offering a high-quality dining experience [&hellip;]<\/p>\n","protected":false},"author":43,"featured_media":15454,"comment_status":"open","ping_status":"open","sticky":false,"template":"","format":"standard","meta":{"_et_pb_use_builder":"on","_et_pb_old_content":"","_et_gb_content_width":"","footnotes":""},"categories":[25],"tags":[],"class_list":["post-15493","post","type-post","status-publish","format-standard","has-post-thumbnail","hentry","category-restaurant_gb"],"yoast_head":"<!-- This site is optimized with the Yoast SEO plugin v27.4 - https:\/\/yoast.com\/product\/yoast-seo-wordpress\/ -->\n<title>C\u00f4t\u00e9 Mas Awarded the Bib Gourmand in the 2025 Michelin Guide: A Celebration of Luxe Rural - C\u00f4t\u00e9 Mas<\/title>\n<meta name=\"robots\" content=\"index, follow, max-snippet:-1, max-image-preview:large, max-video-preview:-1\" \/>\n<link rel=\"canonical\" href=\"https:\/\/www.cote-mas.fr\/en\/cote-mas-awarded-the-bib-gourmand-in-the-2025-michelin-guide-a-celebration-of-luxe-rural\/\" \/>\n<meta property=\"og:locale\" content=\"en_US\" \/>\n<meta property=\"og:type\" content=\"article\" \/>\n<meta property=\"og:title\" content=\"C\u00f4t\u00e9 Mas Awarded the Bib Gourmand in the 2025 Michelin Guide: A Celebration of Luxe Rural - C\u00f4t\u00e9 Mas\" \/>\n<meta property=\"og:description\" content=\"C\u00f4t\u00e9 Mas Awarded the Bib Gourmand in the 2025 Michelin Guide: A Celebration of Luxe Rural &nbsp; The 2025 Michelin Guide has just revealed its latest selections, and we are thrilled to announce that C\u00f4t\u00e9 Mas has been awarded the prestigious Bib Gourmand. This distinction highlights our unwavering commitment to offering a high-quality dining experience [&hellip;]\" \/>\n<meta property=\"og:url\" content=\"https:\/\/www.cote-mas.fr\/en\/cote-mas-awarded-the-bib-gourmand-in-the-2025-michelin-guide-a-celebration-of-luxe-rural\/\" \/>\n<meta property=\"og:site_name\" content=\"C\u00f4t\u00e9 Mas\" \/>\n<meta property=\"article:publisher\" content=\"https:\/\/www.facebook.com\/Cote.Mas\" \/>\n<meta property=\"article:published_time\" content=\"2025-03-06T08:50:29+00:00\" \/>\n<meta property=\"article:modified_time\" content=\"2025-03-06T08:52:05+00:00\" \/>\n<meta property=\"og:image\" content=\"https:\/\/www.cote-mas.fr\/wp-content\/uploads\/2025\/03\/Bib-Gourmand-Guide-Michelin-2025.jpg\" \/>\n\t<meta property=\"og:image:width\" content=\"600\" \/>\n\t<meta property=\"og:image:height\" content=\"375\" \/>\n\t<meta property=\"og:image:type\" content=\"image\/jpeg\" \/>\n<meta name=\"author\" content=\"Amandine Nelson\" \/>\n<meta name=\"twitter:card\" content=\"summary_large_image\" \/>\n<meta name=\"twitter:label1\" content=\"Written by\" \/>\n\t<meta name=\"twitter:data1\" content=\"Amandine Nelson\" \/>\n\t<meta name=\"twitter:label2\" content=\"Est. reading time\" \/>\n\t<meta name=\"twitter:data2\" content=\"14 minutes\" \/>\n<script type=\"application\/ld+json\" class=\"yoast-schema-graph\">{\"@context\":\"https:\\\/\\\/schema.org\",\"@graph\":[{\"@type\":\"Article\",\"@id\":\"https:\\\/\\\/www.cote-mas.fr\\\/en\\\/cote-mas-awarded-the-bib-gourmand-in-the-2025-michelin-guide-a-celebration-of-luxe-rural\\\/#article\",\"isPartOf\":{\"@id\":\"https:\\\/\\\/www.cote-mas.fr\\\/en\\\/cote-mas-awarded-the-bib-gourmand-in-the-2025-michelin-guide-a-celebration-of-luxe-rural\\\/\"},\"author\":{\"name\":\"Amandine Nelson\",\"@id\":\"https:\\\/\\\/www.cote-mas.fr\\\/#\\\/schema\\\/person\\\/a28d00bbf357e9c0b83b06c9f45e3894\"},\"headline\":\"C\u00f4t\u00e9 Mas Awarded the Bib Gourmand in the 2025 Michelin Guide: A Celebration of Luxe Rural\",\"datePublished\":\"2025-03-06T08:50:29+00:00\",\"dateModified\":\"2025-03-06T08:52:05+00:00\",\"mainEntityOfPage\":{\"@id\":\"https:\\\/\\\/www.cote-mas.fr\\\/en\\\/cote-mas-awarded-the-bib-gourmand-in-the-2025-michelin-guide-a-celebration-of-luxe-rural\\\/\"},\"wordCount\":2770,\"commentCount\":0,\"publisher\":{\"@id\":\"https:\\\/\\\/www.cote-mas.fr\\\/#organization\"},\"image\":{\"@id\":\"https:\\\/\\\/www.cote-mas.fr\\\/en\\\/cote-mas-awarded-the-bib-gourmand-in-the-2025-michelin-guide-a-celebration-of-luxe-rural\\\/#primaryimage\"},\"thumbnailUrl\":\"https:\\\/\\\/www.cote-mas.fr\\\/wp-content\\\/uploads\\\/2025\\\/03\\\/Bib-Gourmand-Guide-Michelin-2025.jpg\",\"articleSection\":[\"Restaurant\"],\"inLanguage\":\"en-US\",\"potentialAction\":[{\"@type\":\"CommentAction\",\"name\":\"Comment\",\"target\":[\"https:\\\/\\\/www.cote-mas.fr\\\/en\\\/cote-mas-awarded-the-bib-gourmand-in-the-2025-michelin-guide-a-celebration-of-luxe-rural\\\/#respond\"]}]},{\"@type\":\"WebPage\",\"@id\":\"https:\\\/\\\/www.cote-mas.fr\\\/en\\\/cote-mas-awarded-the-bib-gourmand-in-the-2025-michelin-guide-a-celebration-of-luxe-rural\\\/\",\"url\":\"https:\\\/\\\/www.cote-mas.fr\\\/en\\\/cote-mas-awarded-the-bib-gourmand-in-the-2025-michelin-guide-a-celebration-of-luxe-rural\\\/\",\"name\":\"C\u00f4t\u00e9 Mas Awarded the Bib Gourmand in the 2025 Michelin Guide: A Celebration of Luxe Rural - C\u00f4t\u00e9 Mas\",\"isPartOf\":{\"@id\":\"https:\\\/\\\/www.cote-mas.fr\\\/#website\"},\"primaryImageOfPage\":{\"@id\":\"https:\\\/\\\/www.cote-mas.fr\\\/en\\\/cote-mas-awarded-the-bib-gourmand-in-the-2025-michelin-guide-a-celebration-of-luxe-rural\\\/#primaryimage\"},\"image\":{\"@id\":\"https:\\\/\\\/www.cote-mas.fr\\\/en\\\/cote-mas-awarded-the-bib-gourmand-in-the-2025-michelin-guide-a-celebration-of-luxe-rural\\\/#primaryimage\"},\"thumbnailUrl\":\"https:\\\/\\\/www.cote-mas.fr\\\/wp-content\\\/uploads\\\/2025\\\/03\\\/Bib-Gourmand-Guide-Michelin-2025.jpg\",\"datePublished\":\"2025-03-06T08:50:29+00:00\",\"dateModified\":\"2025-03-06T08:52:05+00:00\",\"breadcrumb\":{\"@id\":\"https:\\\/\\\/www.cote-mas.fr\\\/en\\\/cote-mas-awarded-the-bib-gourmand-in-the-2025-michelin-guide-a-celebration-of-luxe-rural\\\/#breadcrumb\"},\"inLanguage\":\"en-US\",\"potentialAction\":[{\"@type\":\"ReadAction\",\"target\":[\"https:\\\/\\\/www.cote-mas.fr\\\/en\\\/cote-mas-awarded-the-bib-gourmand-in-the-2025-michelin-guide-a-celebration-of-luxe-rural\\\/\"]}]},{\"@type\":\"ImageObject\",\"inLanguage\":\"en-US\",\"@id\":\"https:\\\/\\\/www.cote-mas.fr\\\/en\\\/cote-mas-awarded-the-bib-gourmand-in-the-2025-michelin-guide-a-celebration-of-luxe-rural\\\/#primaryimage\",\"url\":\"https:\\\/\\\/www.cote-mas.fr\\\/wp-content\\\/uploads\\\/2025\\\/03\\\/Bib-Gourmand-Guide-Michelin-2025.jpg\",\"contentUrl\":\"https:\\\/\\\/www.cote-mas.fr\\\/wp-content\\\/uploads\\\/2025\\\/03\\\/Bib-Gourmand-Guide-Michelin-2025.jpg\",\"width\":600,\"height\":375,\"caption\":\"Le Guide Michelin 2025 a d\u00e9voil\u00e9 sa nouvelle s\u00e9lection ce lundi 3 mars 2025, et c'est avec une immense fiert\u00e9 que nous annon\u00e7ons que C\u00f4t\u00e9 Mas, notre restaurant, a \u00e9t\u00e9 distingu\u00e9 par le prestigieux Bib Gourmand. Cette reconnaissance souligne notre engagement constant \u00e0 offrir une exp\u00e9rience culinaire exceptionnelle, alliant qualit\u00e9 et accessibilit\u00e9.\"},{\"@type\":\"BreadcrumbList\",\"@id\":\"https:\\\/\\\/www.cote-mas.fr\\\/en\\\/cote-mas-awarded-the-bib-gourmand-in-the-2025-michelin-guide-a-celebration-of-luxe-rural\\\/#breadcrumb\",\"itemListElement\":[{\"@type\":\"ListItem\",\"position\":1,\"name\":\"Accueil\",\"item\":\"https:\\\/\\\/www.cote-mas.fr\\\/en\\\/\"},{\"@type\":\"ListItem\",\"position\":2,\"name\":\"C\u00f4t\u00e9 Mas Awarded the Bib Gourmand in the 2025 Michelin Guide: A Celebration of Luxe Rural\"}]},{\"@type\":\"WebSite\",\"@id\":\"https:\\\/\\\/www.cote-mas.fr\\\/#website\",\"url\":\"https:\\\/\\\/www.cote-mas.fr\\\/\",\"name\":\"C\u00f4t\u00e9 Mas\",\"description\":\"Le restaurant des Domaines Paul Mas \u00e0 Montagnac en Languedoc\",\"publisher\":{\"@id\":\"https:\\\/\\\/www.cote-mas.fr\\\/#organization\"},\"potentialAction\":[{\"@type\":\"SearchAction\",\"target\":{\"@type\":\"EntryPoint\",\"urlTemplate\":\"https:\\\/\\\/www.cote-mas.fr\\\/?s={search_term_string}\"},\"query-input\":{\"@type\":\"PropertyValueSpecification\",\"valueRequired\":true,\"valueName\":\"search_term_string\"}}],\"inLanguage\":\"en-US\"},{\"@type\":\"Organization\",\"@id\":\"https:\\\/\\\/www.cote-mas.fr\\\/#organization\",\"name\":\"C\u00f4t\u00e9 Mas\",\"url\":\"https:\\\/\\\/www.cote-mas.fr\\\/\",\"logo\":{\"@type\":\"ImageObject\",\"inLanguage\":\"en-US\",\"@id\":\"https:\\\/\\\/www.cote-mas.fr\\\/#\\\/schema\\\/logo\\\/image\\\/\",\"url\":\"https:\\\/\\\/www.cote-mas.fr\\\/wp-content\\\/uploads\\\/2021\\\/07\\\/Logo-cote-mas-seul-copie-2.png\",\"contentUrl\":\"https:\\\/\\\/www.cote-mas.fr\\\/wp-content\\\/uploads\\\/2021\\\/07\\\/Logo-cote-mas-seul-copie-2.png\",\"width\":487,\"height\":114,\"caption\":\"C\u00f4t\u00e9 Mas\"},\"image\":{\"@id\":\"https:\\\/\\\/www.cote-mas.fr\\\/#\\\/schema\\\/logo\\\/image\\\/\"},\"sameAs\":[\"https:\\\/\\\/www.facebook.com\\\/Cote.Mas\",\"https:\\\/\\\/www.instagram.com\\\/cotemas\\\/\"]},{\"@type\":\"Person\",\"@id\":\"https:\\\/\\\/www.cote-mas.fr\\\/#\\\/schema\\\/person\\\/a28d00bbf357e9c0b83b06c9f45e3894\",\"name\":\"Amandine Nelson\",\"image\":{\"@type\":\"ImageObject\",\"inLanguage\":\"en-US\",\"@id\":\"https:\\\/\\\/secure.gravatar.com\\\/avatar\\\/a59444e62f2377ad3d242270a9354ca685acc8491de224a8986182c58a425529?s=96&d=mm&r=g\",\"url\":\"https:\\\/\\\/secure.gravatar.com\\\/avatar\\\/a59444e62f2377ad3d242270a9354ca685acc8491de224a8986182c58a425529?s=96&d=mm&r=g\",\"contentUrl\":\"https:\\\/\\\/secure.gravatar.com\\\/avatar\\\/a59444e62f2377ad3d242270a9354ca685acc8491de224a8986182c58a425529?s=96&d=mm&r=g\",\"caption\":\"Amandine Nelson\"},\"url\":\"https:\\\/\\\/www.cote-mas.fr\\\/en\\\/author\\\/anelson\\\/\"}]}<\/script>\n<!-- \/ Yoast SEO plugin. -->","yoast_head_json":{"title":"C\u00f4t\u00e9 Mas Awarded the Bib Gourmand in the 2025 Michelin Guide: A Celebration of Luxe Rural - C\u00f4t\u00e9 Mas","robots":{"index":"index","follow":"follow","max-snippet":"max-snippet:-1","max-image-preview":"max-image-preview:large","max-video-preview":"max-video-preview:-1"},"canonical":"https:\/\/www.cote-mas.fr\/en\/cote-mas-awarded-the-bib-gourmand-in-the-2025-michelin-guide-a-celebration-of-luxe-rural\/","og_locale":"en_US","og_type":"article","og_title":"C\u00f4t\u00e9 Mas Awarded the Bib Gourmand in the 2025 Michelin Guide: A Celebration of Luxe Rural - C\u00f4t\u00e9 Mas","og_description":"C\u00f4t\u00e9 Mas Awarded the Bib Gourmand in the 2025 Michelin Guide: A Celebration of Luxe Rural &nbsp; The 2025 Michelin Guide has just revealed its latest selections, and we are thrilled to announce that C\u00f4t\u00e9 Mas has been awarded the prestigious Bib Gourmand. This distinction highlights our unwavering commitment to offering a high-quality dining experience [&hellip;]","og_url":"https:\/\/www.cote-mas.fr\/en\/cote-mas-awarded-the-bib-gourmand-in-the-2025-michelin-guide-a-celebration-of-luxe-rural\/","og_site_name":"C\u00f4t\u00e9 Mas","article_publisher":"https:\/\/www.facebook.com\/Cote.Mas","article_published_time":"2025-03-06T08:50:29+00:00","article_modified_time":"2025-03-06T08:52:05+00:00","og_image":[{"width":600,"height":375,"url":"https:\/\/www.cote-mas.fr\/wp-content\/uploads\/2025\/03\/Bib-Gourmand-Guide-Michelin-2025.jpg","type":"image\/jpeg"}],"author":"Amandine Nelson","twitter_card":"summary_large_image","twitter_misc":{"Written by":"Amandine Nelson","Est. reading time":"14 minutes"},"schema":{"@context":"https:\/\/schema.org","@graph":[{"@type":"Article","@id":"https:\/\/www.cote-mas.fr\/en\/cote-mas-awarded-the-bib-gourmand-in-the-2025-michelin-guide-a-celebration-of-luxe-rural\/#article","isPartOf":{"@id":"https:\/\/www.cote-mas.fr\/en\/cote-mas-awarded-the-bib-gourmand-in-the-2025-michelin-guide-a-celebration-of-luxe-rural\/"},"author":{"name":"Amandine Nelson","@id":"https:\/\/www.cote-mas.fr\/#\/schema\/person\/a28d00bbf357e9c0b83b06c9f45e3894"},"headline":"C\u00f4t\u00e9 Mas Awarded the Bib Gourmand in the 2025 Michelin Guide: A Celebration of Luxe Rural","datePublished":"2025-03-06T08:50:29+00:00","dateModified":"2025-03-06T08:52:05+00:00","mainEntityOfPage":{"@id":"https:\/\/www.cote-mas.fr\/en\/cote-mas-awarded-the-bib-gourmand-in-the-2025-michelin-guide-a-celebration-of-luxe-rural\/"},"wordCount":2770,"commentCount":0,"publisher":{"@id":"https:\/\/www.cote-mas.fr\/#organization"},"image":{"@id":"https:\/\/www.cote-mas.fr\/en\/cote-mas-awarded-the-bib-gourmand-in-the-2025-michelin-guide-a-celebration-of-luxe-rural\/#primaryimage"},"thumbnailUrl":"https:\/\/www.cote-mas.fr\/wp-content\/uploads\/2025\/03\/Bib-Gourmand-Guide-Michelin-2025.jpg","articleSection":["Restaurant"],"inLanguage":"en-US","potentialAction":[{"@type":"CommentAction","name":"Comment","target":["https:\/\/www.cote-mas.fr\/en\/cote-mas-awarded-the-bib-gourmand-in-the-2025-michelin-guide-a-celebration-of-luxe-rural\/#respond"]}]},{"@type":"WebPage","@id":"https:\/\/www.cote-mas.fr\/en\/cote-mas-awarded-the-bib-gourmand-in-the-2025-michelin-guide-a-celebration-of-luxe-rural\/","url":"https:\/\/www.cote-mas.fr\/en\/cote-mas-awarded-the-bib-gourmand-in-the-2025-michelin-guide-a-celebration-of-luxe-rural\/","name":"C\u00f4t\u00e9 Mas Awarded the Bib Gourmand in the 2025 Michelin Guide: A Celebration of Luxe Rural - C\u00f4t\u00e9 Mas","isPartOf":{"@id":"https:\/\/www.cote-mas.fr\/#website"},"primaryImageOfPage":{"@id":"https:\/\/www.cote-mas.fr\/en\/cote-mas-awarded-the-bib-gourmand-in-the-2025-michelin-guide-a-celebration-of-luxe-rural\/#primaryimage"},"image":{"@id":"https:\/\/www.cote-mas.fr\/en\/cote-mas-awarded-the-bib-gourmand-in-the-2025-michelin-guide-a-celebration-of-luxe-rural\/#primaryimage"},"thumbnailUrl":"https:\/\/www.cote-mas.fr\/wp-content\/uploads\/2025\/03\/Bib-Gourmand-Guide-Michelin-2025.jpg","datePublished":"2025-03-06T08:50:29+00:00","dateModified":"2025-03-06T08:52:05+00:00","breadcrumb":{"@id":"https:\/\/www.cote-mas.fr\/en\/cote-mas-awarded-the-bib-gourmand-in-the-2025-michelin-guide-a-celebration-of-luxe-rural\/#breadcrumb"},"inLanguage":"en-US","potentialAction":[{"@type":"ReadAction","target":["https:\/\/www.cote-mas.fr\/en\/cote-mas-awarded-the-bib-gourmand-in-the-2025-michelin-guide-a-celebration-of-luxe-rural\/"]}]},{"@type":"ImageObject","inLanguage":"en-US","@id":"https:\/\/www.cote-mas.fr\/en\/cote-mas-awarded-the-bib-gourmand-in-the-2025-michelin-guide-a-celebration-of-luxe-rural\/#primaryimage","url":"https:\/\/www.cote-mas.fr\/wp-content\/uploads\/2025\/03\/Bib-Gourmand-Guide-Michelin-2025.jpg","contentUrl":"https:\/\/www.cote-mas.fr\/wp-content\/uploads\/2025\/03\/Bib-Gourmand-Guide-Michelin-2025.jpg","width":600,"height":375,"caption":"Le Guide Michelin 2025 a d\u00e9voil\u00e9 sa nouvelle s\u00e9lection ce lundi 3 mars 2025, et c'est avec une immense fiert\u00e9 que nous annon\u00e7ons que C\u00f4t\u00e9 Mas, notre restaurant, a \u00e9t\u00e9 distingu\u00e9 par le prestigieux Bib Gourmand. Cette reconnaissance souligne notre engagement constant \u00e0 offrir une exp\u00e9rience culinaire exceptionnelle, alliant qualit\u00e9 et accessibilit\u00e9."},{"@type":"BreadcrumbList","@id":"https:\/\/www.cote-mas.fr\/en\/cote-mas-awarded-the-bib-gourmand-in-the-2025-michelin-guide-a-celebration-of-luxe-rural\/#breadcrumb","itemListElement":[{"@type":"ListItem","position":1,"name":"Accueil","item":"https:\/\/www.cote-mas.fr\/en\/"},{"@type":"ListItem","position":2,"name":"C\u00f4t\u00e9 Mas Awarded the Bib Gourmand in the 2025 Michelin Guide: A Celebration of Luxe Rural"}]},{"@type":"WebSite","@id":"https:\/\/www.cote-mas.fr\/#website","url":"https:\/\/www.cote-mas.fr\/","name":"C\u00f4t\u00e9 Mas","description":"Le restaurant des Domaines Paul Mas \u00e0 Montagnac en Languedoc","publisher":{"@id":"https:\/\/www.cote-mas.fr\/#organization"},"potentialAction":[{"@type":"SearchAction","target":{"@type":"EntryPoint","urlTemplate":"https:\/\/www.cote-mas.fr\/?s={search_term_string}"},"query-input":{"@type":"PropertyValueSpecification","valueRequired":true,"valueName":"search_term_string"}}],"inLanguage":"en-US"},{"@type":"Organization","@id":"https:\/\/www.cote-mas.fr\/#organization","name":"C\u00f4t\u00e9 Mas","url":"https:\/\/www.cote-mas.fr\/","logo":{"@type":"ImageObject","inLanguage":"en-US","@id":"https:\/\/www.cote-mas.fr\/#\/schema\/logo\/image\/","url":"https:\/\/www.cote-mas.fr\/wp-content\/uploads\/2021\/07\/Logo-cote-mas-seul-copie-2.png","contentUrl":"https:\/\/www.cote-mas.fr\/wp-content\/uploads\/2021\/07\/Logo-cote-mas-seul-copie-2.png","width":487,"height":114,"caption":"C\u00f4t\u00e9 Mas"},"image":{"@id":"https:\/\/www.cote-mas.fr\/#\/schema\/logo\/image\/"},"sameAs":["https:\/\/www.facebook.com\/Cote.Mas","https:\/\/www.instagram.com\/cotemas\/"]},{"@type":"Person","@id":"https:\/\/www.cote-mas.fr\/#\/schema\/person\/a28d00bbf357e9c0b83b06c9f45e3894","name":"Amandine Nelson","image":{"@type":"ImageObject","inLanguage":"en-US","@id":"https:\/\/secure.gravatar.com\/avatar\/a59444e62f2377ad3d242270a9354ca685acc8491de224a8986182c58a425529?s=96&d=mm&r=g","url":"https:\/\/secure.gravatar.com\/avatar\/a59444e62f2377ad3d242270a9354ca685acc8491de224a8986182c58a425529?s=96&d=mm&r=g","contentUrl":"https:\/\/secure.gravatar.com\/avatar\/a59444e62f2377ad3d242270a9354ca685acc8491de224a8986182c58a425529?s=96&d=mm&r=g","caption":"Amandine Nelson"},"url":"https:\/\/www.cote-mas.fr\/en\/author\/anelson\/"}]}},"_links":{"self":[{"href":"https:\/\/www.cote-mas.fr\/en\/wp-json\/wp\/v2\/posts\/15493","targetHints":{"allow":["GET"]}}],"collection":[{"href":"https:\/\/www.cote-mas.fr\/en\/wp-json\/wp\/v2\/posts"}],"about":[{"href":"https:\/\/www.cote-mas.fr\/en\/wp-json\/wp\/v2\/types\/post"}],"author":[{"embeddable":true,"href":"https:\/\/www.cote-mas.fr\/en\/wp-json\/wp\/v2\/users\/43"}],"replies":[{"embeddable":true,"href":"https:\/\/www.cote-mas.fr\/en\/wp-json\/wp\/v2\/comments?post=15493"}],"version-history":[{"count":6,"href":"https:\/\/www.cote-mas.fr\/en\/wp-json\/wp\/v2\/posts\/15493\/revisions"}],"predecessor-version":[{"id":15501,"href":"https:\/\/www.cote-mas.fr\/en\/wp-json\/wp\/v2\/posts\/15493\/revisions\/15501"}],"wp:featuredmedia":[{"embeddable":true,"href":"https:\/\/www.cote-mas.fr\/en\/wp-json\/wp\/v2\/media\/15454"}],"wp:attachment":[{"href":"https:\/\/www.cote-mas.fr\/en\/wp-json\/wp\/v2\/media?parent=15493"}],"wp:term":[{"taxonomy":"category","embeddable":true,"href":"https:\/\/www.cote-mas.fr\/en\/wp-json\/wp\/v2\/categories?post=15493"},{"taxonomy":"post_tag","embeddable":true,"href":"https:\/\/www.cote-mas.fr\/en\/wp-json\/wp\/v2\/tags?post=15493"}],"curies":[{"name":"wp","href":"https:\/\/api.w.org\/{rel}","templated":true}]}}