{"id":1470,"date":"2017-03-08T11:33:21","date_gmt":"2017-03-08T10:33:21","guid":{"rendered":"http:\/\/34.251.222.222\/?p=1470&#038;lang=en"},"modified":"2017-03-08T11:37:05","modified_gmt":"2017-03-08T10:37:05","slug":"initiatory-and-gourmet-walks-4-dates-4-places-4-settings","status":"publish","type":"post","link":"https:\/\/www.cote-mas.fr\/en\/initiatory-and-gourmet-walks-4-dates-4-places-4-settings\/","title":{"rendered":"Initiatory and Gourmet walks: 4 dates \u2013 4 places \u2013 4 settings"},"content":{"rendered":"<p class=\"p1\"><span class=\"s2\">Jean-Claude Mas vous invite \u00e0 d\u00e9couvrir ses vins et leur terroir, \u00e0 travers un parcours in situ sur ses diff\u00e9rents domaines.<\/span><\/p>\n<p class=\"p1\"><span class=\"s2\"><img decoding=\"async\" class=\"alignright size-thumbnail wp-image-1443\" src=\"https:\/\/www.cote-mas.fr\/wp-content\/uploads\/2017\/03\/boyer-copie-150x150.jpg\" alt=\"\" width=\"150\" height=\"150\" \/><\/span>Jean Claude Mas invites you to discover his wines and their terroir over some in situ tours across his diverse estates.<\/p>\n<p class=\"p4\">It\u2019s the opportunity for a gourmet journey in our vineyards, and in the beautiful Languedoc-Roussillon region. Thierry Boyer (advisory sommelier for wine discovery, member of the Sommellerie Fran\u00e7aise association) and Mathilde Descolas (Domaines Paul Mas Brand Ambassador).<\/p>\n<p class=\"p5\"><strong>4 dates, 4 places, 4 settings<\/strong><\/p>\n<p class=\"p6\"><strong>Rates : 50<span class=\"s1\">\u20ac <\/span>\/ person per date 4 dates Pass : 160<span class=\"s1\">\u20ac <\/span>\/ person (40<span class=\"s1\">\u20ac <\/span>\/ date)<\/strong><\/p>\n<p class=\"p2\"><strong><span class=\"s3\">Registration via\u00a0email:\u00a0<a href=\"mailto:mdescolas@paulmas.com\"><span class=\"s4\">mdescolas@paulmas.com<\/span><\/a><\/span><\/strong><\/p>\n<div class=\" et_pb_row et_pb_row_1\">\n<div class=\"et_pb_column et_pb_column_4_4 et_pb_column_2\">\n<div class=\"et_pb_text et_pb_module et_pb_bg_layout_light et_pb_text_align_left et_pb_text_1\">\n<h1>Programme : 4 dates \u2013 4 places\u00a0\u2013 4\u00a0settings<\/h1>\n<\/div>\n<\/div>\n<\/div>\n<p><!--more--><\/p>\n<div class=\" et_pb_row et_pb_row_2\">\n<div class=\"et_pb_column et_pb_column_4_4 et_pb_column_3\">\n<hr class=\"et_pb_module et_pb_space et_pb_divider et_pb_divider_0 et-hide-mobile\" \/>\n<\/div>\n<\/div>\n<div class=\" et_pb_row et_pb_row_3\">\n<div class=\"et_pb_column et_pb_column_1_3 et_pb_column_4\">\n<div class=\"et_pb_module et-waypoint et_pb_image et_pb_animation_off et_pb_image_1 et_always_center_on_mobile et-animated\"><img decoding=\"async\" src=\"https:\/\/www.cote-mas.fr\/wp-content\/uploads\/2017\/03\/soiree-cote-mas.jpg\" alt=\"\" \/><\/div>\n<\/div>\n<div class=\"et_pb_column et_pb_column_1_3 et_pb_column_5\">\n<div class=\"et_pb_text et_pb_module et_pb_bg_layout_light et_pb_text_align_left et_pb_text_2\">\n<h1 class=\"p2\">Event\u00a0n\u00b01<\/h1>\n<p class=\"p2\">Place\u00a0: Bistrot\u00a0C\u00f4t\u00e9 Mas (Montagnac)<\/p>\n<p class=\"p2\">Date : on\u00a029\/03\/ 2017<\/p>\n<p class=\"p2\">Schedule : 7:00 \u2013 9:30pm<\/p>\n<\/div>\n<\/div>\n<div class=\"et_pb_column et_pb_column_1_3 et_pb_column_6\">\n<div class=\"et_pb_text et_pb_module et_pb_bg_layout_light et_pb_text_align_left et_pb_text_3\">\n<p>&nbsp;<\/p>\n<ul>\n<li class=\"p2\">\u00ab Les Tannes \u00bb olive oil tasting<\/li>\n<li class=\"p2\">Initiation\u00a0to wine tasting and winemaking<\/li>\n<li class=\"p3\">Food and wine pairing<\/li>\n<\/ul>\n<\/div>\n<\/div>\n<\/div>\n<div class=\" et_pb_row et_pb_row_4\">\n<div class=\"et_pb_column et_pb_column_4_4 et_pb_column_7\">\n<hr class=\"et_pb_module et_pb_space et_pb_divider et_pb_divider_1 et-hide-mobile\" \/>\n<\/div>\n<\/div>\n<div class=\" et_pb_row et_pb_row_5\">\n<div class=\"et_pb_column et_pb_column_1_3 et_pb_column_8\">\n<div class=\"et_pb_module et-waypoint et_pb_image et_pb_animation_off et_pb_image_2 et_always_center_on_mobile et-animated\"><img decoding=\"async\" src=\"https:\/\/www.cote-mas.fr\/wp-content\/uploads\/2017\/03\/balade-limoux.jpg\" alt=\"\" \/><\/div>\n<\/div>\n<div class=\"et_pb_column et_pb_column_1_3 et_pb_column_9\">\n<div class=\"et_pb_text et_pb_module et_pb_bg_layout_light et_pb_text_align_left et_pb_text_4\">\n<h1 class=\"p2\">Discovery of the Limoux terroir at the Domaine Martinolles<\/h1>\n<p class=\"p2\">Place\u00a0: Domaine de Martinolles (near Limoux and Saint-Hilaire)<\/p>\n<p class=\"p2\">Date : le 05\/05\/2017<\/p>\n<p class=\"p3\">Schedule : 10:30am \u2013 3:00pm<\/p>\n<\/div>\n<\/div>\n<div class=\"et_pb_column et_pb_column_1_3 et_pb_column_10\">\n<div class=\"et_pb_text et_pb_module et_pb_bg_layout_light et_pb_text_align_left et_pb_text_5\">\n<p>&nbsp;<\/p>\n<ul>\n<li class=\"p3\">AOP Cr\u00e9mant de Limoux et AOP Blanquette de Limoux :\u00a0traditional method<\/li>\n<li class=\"p3\">Chardonnay and\u00a0Pinot Noir<\/li>\n<li class=\"p2\">Rustic picnic<\/li>\n<\/ul>\n<\/div>\n<\/div>\n<\/div>\n<div class=\" et_pb_row et_pb_row_6\">\n<div class=\"et_pb_column et_pb_column_4_4 et_pb_column_11\">\n<hr class=\"et_pb_module et_pb_space et_pb_divider et_pb_divider_2 et-hide-mobile\" \/>\n<\/div>\n<\/div>\n<div class=\" et_pb_row et_pb_row_7\">\n<div class=\"et_pb_column et_pb_column_1_3 et_pb_column_12\">\n<div class=\"et_pb_module et-waypoint et_pb_image et_pb_animation_off et_pb_image_3 et_always_center_on_mobile et-animated\"><img decoding=\"async\" src=\"https:\/\/www.cote-mas.fr\/wp-content\/uploads\/2017\/03\/balade-lauriga.jpg\" alt=\"\" \/><\/div>\n<\/div>\n<div class=\"et_pb_column et_pb_column_1_3 et_pb_column_13\">\n<div class=\"et_pb_text et_pb_module et_pb_bg_layout_light et_pb_text_align_left et_pb_text_6\">\n<h1 class=\"p2\">Roussillon Escape<\/h1>\n<p class=\"p2\">Place\u00a0: Domaine de Lauriga (Thuir)<\/p>\n<p class=\"p2\">Date : 02\/06\/2017<\/p>\n<p class=\"p2\">Schedule : 10:30am \u2013 3:00pm<\/p>\n<\/div>\n<\/div>\n<div class=\"et_pb_column et_pb_column_1_3 et_pb_column_14\">\n<div class=\"et_pb_text et_pb_module et_pb_bg_layout_light et_pb_text_align_left et_pb_text_7\">\n<p>&nbsp;<\/p>\n<ul>\n<li class=\"p2\">Grenache<\/li>\n<li class=\"p2\">AOP Muscat de Rivesaltes and\u00a0AOP Rivesaltes : winemaking method<\/li>\n<li class=\"p3\">Catalan Lunch<\/li>\n<\/ul>\n<\/div>\n<\/div>\n<\/div>\n<div class=\" et_pb_row et_pb_row_8\">\n<div class=\"et_pb_column et_pb_column_4_4 et_pb_column_15\">\n<hr class=\"et_pb_module et_pb_space et_pb_divider et_pb_divider_3 et-hide-mobile\" \/>\n<\/div>\n<\/div>\n<div class=\" et_pb_row et_pb_row_9\">\n<div class=\"et_pb_column et_pb_column_1_3 et_pb_column_16\">\n<div class=\"et_pb_module et-waypoint et_pb_image et_pb_animation_off et_pb_image_4 et_always_center_on_mobile et-animated\"><img decoding=\"async\" src=\"https:\/\/www.cote-mas.fr\/wp-content\/uploads\/2017\/03\/chateau-paul-mas.jpg\" alt=\"\" \/><\/div>\n<\/div>\n<div class=\"et_pb_column et_pb_column_1_3 et_pb_column_17\">\n<div class=\"et_pb_text et_pb_module et_pb_bg_layout_light et_pb_text_align_left et_pb_text_8\">\n<h1 class=\"p2\">Barrel tasting and \u201cprimeur\u201d wines at Ch\u00e2teau Paul Mas<\/h1>\n<p class=\"p2\">Place\u00a0: Ch\u00e2teau Paul Mas (Montagnac)<\/p>\n<p class=\"p2\">Date : 28\/09\/2017<\/p>\n<p class=\"p2\">Schedule\u00a0: 6:00 \u2013 11:00pm<\/p>\n<\/div>\n<\/div>\n<div class=\"et_pb_column et_pb_column_1_3 et_pb_column_18\">\n<div class=\"et_pb_text et_pb_module et_pb_bg_layout_light et_pb_text_align_left et_pb_text_9\">\n<p>&nbsp;<\/p>\n<p>&nbsp;<\/p>\n<ul>\n<li class=\"p2\">Wine tasting\u00a0straight from tank<\/li>\n<li class=\"p3\">C\u00f4t\u00e9 Mas dinner<\/li>\n<\/ul>\n<\/div>\n<\/div>\n<\/div>\n<div class=\" et_pb_row et_pb_row_10\">\n<div class=\"et_pb_column et_pb_column_4_4 et_pb_column_19\">\n<div class=\"et_pb_text et_pb_module et_pb_bg_layout_light et_pb_text_align_center et_pb_text_10\">\n<p class=\"p1\"><span class=\"s2\"><b>Rates\u00a0: 50 \u20ac TTC \/person per date<\/b><\/span><\/p>\n<p class=\"p1\"><span class=\"s2\"><b>Or 4 dates Pass : 160 \u20ac\/person (40\u20ac\/date)<\/b><\/span><\/p>\n<p class=\"p2\"><span class=\"s3\">Registration via\u00a0email:\u00a0<a href=\"mailto:mdescolas@paulmas.com\"><span class=\"s4\">mdescolas@paulmas.com<\/span><\/a><\/span><\/p>\n<\/div>\n<\/div>\n<\/div>\n","protected":false},"excerpt":{"rendered":"<p>Jean-Claude Mas vous invite \u00e0 d\u00e9couvrir ses vins et leur terroir, \u00e0 travers un parcours in situ sur ses diff\u00e9rents domaines. Jean Claude Mas invites you to discover his wines and their terroir over some in situ tours across his diverse estates. It\u2019s the opportunity for a gourmet journey in our vineyards, and in the [&hellip;]<\/p>\n","protected":false},"author":4,"featured_media":1420,"comment_status":"open","ping_status":"open","sticky":false,"template":"","format":"standard","meta":{"_et_pb_use_builder":"","_et_pb_old_content":"","_et_gb_content_width":"","footnotes":""},"categories":[37,28],"tags":[],"class_list":["post-1470","post","type-post","status-publish","format-standard","has-post-thumbnail","hentry","category-event","category-wine-workshop"],"yoast_head":"<!-- This site is optimized with the Yoast SEO plugin v27.4 - https:\/\/yoast.com\/product\/yoast-seo-wordpress\/ -->\n<title>Initiatory and Gourmet walks: 4 dates \u2013 4 places \u2013 4 settings - C\u00f4t\u00e9 Mas<\/title>\n<meta name=\"robots\" content=\"index, follow, max-snippet:-1, max-image-preview:large, max-video-preview:-1\" \/>\n<link rel=\"canonical\" href=\"https:\/\/www.cote-mas.fr\/en\/initiatory-and-gourmet-walks-4-dates-4-places-4-settings\/\" \/>\n<meta property=\"og:locale\" content=\"en_US\" \/>\n<meta property=\"og:type\" content=\"article\" \/>\n<meta property=\"og:title\" content=\"Initiatory and Gourmet walks: 4 dates \u2013 4 places \u2013 4 settings - C\u00f4t\u00e9 Mas\" \/>\n<meta property=\"og:description\" content=\"Jean-Claude Mas vous invite \u00e0 d\u00e9couvrir ses vins et leur terroir, \u00e0 travers un parcours in situ sur ses diff\u00e9rents domaines. Jean Claude Mas invites you to discover his wines and their terroir over some in situ tours across his diverse estates. It\u2019s the opportunity for a gourmet journey in our vineyards, and in the [&hellip;]\" \/>\n<meta property=\"og:url\" content=\"https:\/\/www.cote-mas.fr\/en\/initiatory-and-gourmet-walks-4-dates-4-places-4-settings\/\" \/>\n<meta property=\"og:site_name\" content=\"C\u00f4t\u00e9 Mas\" \/>\n<meta property=\"article:publisher\" content=\"https:\/\/www.facebook.com\/Cote.Mas\" \/>\n<meta property=\"article:published_time\" content=\"2017-03-08T10:33:21+00:00\" \/>\n<meta property=\"article:modified_time\" content=\"2017-03-08T10:37:05+00:00\" \/>\n<meta property=\"og:image\" content=\"https:\/\/www.cote-mas.fr\/wp-content\/uploads\/2017\/03\/balades-initiatiques.jpg\" \/>\n\t<meta property=\"og:image:width\" content=\"576\" \/>\n\t<meta property=\"og:image:height\" content=\"465\" \/>\n\t<meta property=\"og:image:type\" content=\"image\/jpeg\" \/>\n<meta name=\"author\" content=\"LauHaie\" \/>\n<meta name=\"twitter:card\" content=\"summary_large_image\" \/>\n<meta name=\"twitter:label1\" content=\"Written by\" \/>\n\t<meta name=\"twitter:data1\" content=\"LauHaie\" \/>\n\t<meta name=\"twitter:label2\" content=\"Est. reading time\" \/>\n\t<meta name=\"twitter:data2\" content=\"1 minute\" \/>\n<script type=\"application\/ld+json\" class=\"yoast-schema-graph\">{\"@context\":\"https:\\\/\\\/schema.org\",\"@graph\":[{\"@type\":\"Article\",\"@id\":\"https:\\\/\\\/www.cote-mas.fr\\\/en\\\/initiatory-and-gourmet-walks-4-dates-4-places-4-settings\\\/#article\",\"isPartOf\":{\"@id\":\"https:\\\/\\\/www.cote-mas.fr\\\/en\\\/initiatory-and-gourmet-walks-4-dates-4-places-4-settings\\\/\"},\"author\":{\"name\":\"LauHaie\",\"@id\":\"https:\\\/\\\/www.cote-mas.fr\\\/#\\\/schema\\\/person\\\/89c0ee0277bea4c8ece99e8db6dd1d55\"},\"headline\":\"Initiatory and Gourmet walks: 4 dates \u2013 4 places \u2013 4 settings\",\"datePublished\":\"2017-03-08T10:33:21+00:00\",\"dateModified\":\"2017-03-08T10:37:05+00:00\",\"mainEntityOfPage\":{\"@id\":\"https:\\\/\\\/www.cote-mas.fr\\\/en\\\/initiatory-and-gourmet-walks-4-dates-4-places-4-settings\\\/\"},\"wordCount\":248,\"commentCount\":0,\"publisher\":{\"@id\":\"https:\\\/\\\/www.cote-mas.fr\\\/#organization\"},\"image\":{\"@id\":\"https:\\\/\\\/www.cote-mas.fr\\\/en\\\/initiatory-and-gourmet-walks-4-dates-4-places-4-settings\\\/#primaryimage\"},\"thumbnailUrl\":\"https:\\\/\\\/www.cote-mas.fr\\\/wp-content\\\/uploads\\\/2017\\\/03\\\/balades-initiatiques.jpg\",\"articleSection\":[\"Event\",\"Wine Workshop\"],\"inLanguage\":\"en-US\",\"potentialAction\":[{\"@type\":\"CommentAction\",\"name\":\"Comment\",\"target\":[\"https:\\\/\\\/www.cote-mas.fr\\\/en\\\/initiatory-and-gourmet-walks-4-dates-4-places-4-settings\\\/#respond\"]}]},{\"@type\":\"WebPage\",\"@id\":\"https:\\\/\\\/www.cote-mas.fr\\\/en\\\/initiatory-and-gourmet-walks-4-dates-4-places-4-settings\\\/\",\"url\":\"https:\\\/\\\/www.cote-mas.fr\\\/en\\\/initiatory-and-gourmet-walks-4-dates-4-places-4-settings\\\/\",\"name\":\"Initiatory and Gourmet walks: 4 dates \u2013 4 places \u2013 4 settings - C\u00f4t\u00e9 Mas\",\"isPartOf\":{\"@id\":\"https:\\\/\\\/www.cote-mas.fr\\\/#website\"},\"primaryImageOfPage\":{\"@id\":\"https:\\\/\\\/www.cote-mas.fr\\\/en\\\/initiatory-and-gourmet-walks-4-dates-4-places-4-settings\\\/#primaryimage\"},\"image\":{\"@id\":\"https:\\\/\\\/www.cote-mas.fr\\\/en\\\/initiatory-and-gourmet-walks-4-dates-4-places-4-settings\\\/#primaryimage\"},\"thumbnailUrl\":\"https:\\\/\\\/www.cote-mas.fr\\\/wp-content\\\/uploads\\\/2017\\\/03\\\/balades-initiatiques.jpg\",\"datePublished\":\"2017-03-08T10:33:21+00:00\",\"dateModified\":\"2017-03-08T10:37:05+00:00\",\"breadcrumb\":{\"@id\":\"https:\\\/\\\/www.cote-mas.fr\\\/en\\\/initiatory-and-gourmet-walks-4-dates-4-places-4-settings\\\/#breadcrumb\"},\"inLanguage\":\"en-US\",\"potentialAction\":[{\"@type\":\"ReadAction\",\"target\":[\"https:\\\/\\\/www.cote-mas.fr\\\/en\\\/initiatory-and-gourmet-walks-4-dates-4-places-4-settings\\\/\"]}]},{\"@type\":\"ImageObject\",\"inLanguage\":\"en-US\",\"@id\":\"https:\\\/\\\/www.cote-mas.fr\\\/en\\\/initiatory-and-gourmet-walks-4-dates-4-places-4-settings\\\/#primaryimage\",\"url\":\"https:\\\/\\\/www.cote-mas.fr\\\/wp-content\\\/uploads\\\/2017\\\/03\\\/balades-initiatiques.jpg\",\"contentUrl\":\"https:\\\/\\\/www.cote-mas.fr\\\/wp-content\\\/uploads\\\/2017\\\/03\\\/balades-initiatiques.jpg\",\"width\":576,\"height\":465},{\"@type\":\"BreadcrumbList\",\"@id\":\"https:\\\/\\\/www.cote-mas.fr\\\/en\\\/initiatory-and-gourmet-walks-4-dates-4-places-4-settings\\\/#breadcrumb\",\"itemListElement\":[{\"@type\":\"ListItem\",\"position\":1,\"name\":\"Accueil\",\"item\":\"https:\\\/\\\/www.cote-mas.fr\\\/en\\\/\"},{\"@type\":\"ListItem\",\"position\":2,\"name\":\"Initiatory and Gourmet walks: 4 dates \u2013 4 places \u2013 4 settings\"}]},{\"@type\":\"WebSite\",\"@id\":\"https:\\\/\\\/www.cote-mas.fr\\\/#website\",\"url\":\"https:\\\/\\\/www.cote-mas.fr\\\/\",\"name\":\"C\u00f4t\u00e9 Mas\",\"description\":\"Le restaurant des Domaines Paul Mas \u00e0 Montagnac en Languedoc\",\"publisher\":{\"@id\":\"https:\\\/\\\/www.cote-mas.fr\\\/#organization\"},\"potentialAction\":[{\"@type\":\"SearchAction\",\"target\":{\"@type\":\"EntryPoint\",\"urlTemplate\":\"https:\\\/\\\/www.cote-mas.fr\\\/?s={search_term_string}\"},\"query-input\":{\"@type\":\"PropertyValueSpecification\",\"valueRequired\":true,\"valueName\":\"search_term_string\"}}],\"inLanguage\":\"en-US\"},{\"@type\":\"Organization\",\"@id\":\"https:\\\/\\\/www.cote-mas.fr\\\/#organization\",\"name\":\"C\u00f4t\u00e9 Mas\",\"url\":\"https:\\\/\\\/www.cote-mas.fr\\\/\",\"logo\":{\"@type\":\"ImageObject\",\"inLanguage\":\"en-US\",\"@id\":\"https:\\\/\\\/www.cote-mas.fr\\\/#\\\/schema\\\/logo\\\/image\\\/\",\"url\":\"https:\\\/\\\/www.cote-mas.fr\\\/wp-content\\\/uploads\\\/2021\\\/07\\\/Logo-cote-mas-seul-copie-2.png\",\"contentUrl\":\"https:\\\/\\\/www.cote-mas.fr\\\/wp-content\\\/uploads\\\/2021\\\/07\\\/Logo-cote-mas-seul-copie-2.png\",\"width\":487,\"height\":114,\"caption\":\"C\u00f4t\u00e9 Mas\"},\"image\":{\"@id\":\"https:\\\/\\\/www.cote-mas.fr\\\/#\\\/schema\\\/logo\\\/image\\\/\"},\"sameAs\":[\"https:\\\/\\\/www.facebook.com\\\/Cote.Mas\",\"https:\\\/\\\/www.instagram.com\\\/cotemas\\\/\"]},{\"@type\":\"Person\",\"@id\":\"https:\\\/\\\/www.cote-mas.fr\\\/#\\\/schema\\\/person\\\/89c0ee0277bea4c8ece99e8db6dd1d55\",\"name\":\"LauHaie\",\"image\":{\"@type\":\"ImageObject\",\"inLanguage\":\"en-US\",\"@id\":\"https:\\\/\\\/secure.gravatar.com\\\/avatar\\\/e9de6e7d2123adfdbe747785cb7c76b45ccd925166b956315966d0bf4a7aab41?s=96&d=mm&r=g\",\"url\":\"https:\\\/\\\/secure.gravatar.com\\\/avatar\\\/e9de6e7d2123adfdbe747785cb7c76b45ccd925166b956315966d0bf4a7aab41?s=96&d=mm&r=g\",\"contentUrl\":\"https:\\\/\\\/secure.gravatar.com\\\/avatar\\\/e9de6e7d2123adfdbe747785cb7c76b45ccd925166b956315966d0bf4a7aab41?s=96&d=mm&r=g\",\"caption\":\"LauHaie\"},\"url\":\"https:\\\/\\\/www.cote-mas.fr\\\/en\\\/author\\\/lauhaie\\\/\"}]}<\/script>\n<!-- \/ Yoast SEO plugin. -->","yoast_head_json":{"title":"Initiatory and Gourmet walks: 4 dates \u2013 4 places \u2013 4 settings - C\u00f4t\u00e9 Mas","robots":{"index":"index","follow":"follow","max-snippet":"max-snippet:-1","max-image-preview":"max-image-preview:large","max-video-preview":"max-video-preview:-1"},"canonical":"https:\/\/www.cote-mas.fr\/en\/initiatory-and-gourmet-walks-4-dates-4-places-4-settings\/","og_locale":"en_US","og_type":"article","og_title":"Initiatory and Gourmet walks: 4 dates \u2013 4 places \u2013 4 settings - C\u00f4t\u00e9 Mas","og_description":"Jean-Claude Mas vous invite \u00e0 d\u00e9couvrir ses vins et leur terroir, \u00e0 travers un parcours in situ sur ses diff\u00e9rents domaines. Jean Claude Mas invites you to discover his wines and their terroir over some in situ tours across his diverse estates. It\u2019s the opportunity for a gourmet journey in our vineyards, and in the [&hellip;]","og_url":"https:\/\/www.cote-mas.fr\/en\/initiatory-and-gourmet-walks-4-dates-4-places-4-settings\/","og_site_name":"C\u00f4t\u00e9 Mas","article_publisher":"https:\/\/www.facebook.com\/Cote.Mas","article_published_time":"2017-03-08T10:33:21+00:00","article_modified_time":"2017-03-08T10:37:05+00:00","og_image":[{"width":576,"height":465,"url":"https:\/\/www.cote-mas.fr\/wp-content\/uploads\/2017\/03\/balades-initiatiques.jpg","type":"image\/jpeg"}],"author":"LauHaie","twitter_card":"summary_large_image","twitter_misc":{"Written by":"LauHaie","Est. reading time":"1 minute"},"schema":{"@context":"https:\/\/schema.org","@graph":[{"@type":"Article","@id":"https:\/\/www.cote-mas.fr\/en\/initiatory-and-gourmet-walks-4-dates-4-places-4-settings\/#article","isPartOf":{"@id":"https:\/\/www.cote-mas.fr\/en\/initiatory-and-gourmet-walks-4-dates-4-places-4-settings\/"},"author":{"name":"LauHaie","@id":"https:\/\/www.cote-mas.fr\/#\/schema\/person\/89c0ee0277bea4c8ece99e8db6dd1d55"},"headline":"Initiatory and Gourmet walks: 4 dates \u2013 4 places \u2013 4 settings","datePublished":"2017-03-08T10:33:21+00:00","dateModified":"2017-03-08T10:37:05+00:00","mainEntityOfPage":{"@id":"https:\/\/www.cote-mas.fr\/en\/initiatory-and-gourmet-walks-4-dates-4-places-4-settings\/"},"wordCount":248,"commentCount":0,"publisher":{"@id":"https:\/\/www.cote-mas.fr\/#organization"},"image":{"@id":"https:\/\/www.cote-mas.fr\/en\/initiatory-and-gourmet-walks-4-dates-4-places-4-settings\/#primaryimage"},"thumbnailUrl":"https:\/\/www.cote-mas.fr\/wp-content\/uploads\/2017\/03\/balades-initiatiques.jpg","articleSection":["Event","Wine Workshop"],"inLanguage":"en-US","potentialAction":[{"@type":"CommentAction","name":"Comment","target":["https:\/\/www.cote-mas.fr\/en\/initiatory-and-gourmet-walks-4-dates-4-places-4-settings\/#respond"]}]},{"@type":"WebPage","@id":"https:\/\/www.cote-mas.fr\/en\/initiatory-and-gourmet-walks-4-dates-4-places-4-settings\/","url":"https:\/\/www.cote-mas.fr\/en\/initiatory-and-gourmet-walks-4-dates-4-places-4-settings\/","name":"Initiatory and Gourmet walks: 4 dates \u2013 4 places \u2013 4 settings - C\u00f4t\u00e9 Mas","isPartOf":{"@id":"https:\/\/www.cote-mas.fr\/#website"},"primaryImageOfPage":{"@id":"https:\/\/www.cote-mas.fr\/en\/initiatory-and-gourmet-walks-4-dates-4-places-4-settings\/#primaryimage"},"image":{"@id":"https:\/\/www.cote-mas.fr\/en\/initiatory-and-gourmet-walks-4-dates-4-places-4-settings\/#primaryimage"},"thumbnailUrl":"https:\/\/www.cote-mas.fr\/wp-content\/uploads\/2017\/03\/balades-initiatiques.jpg","datePublished":"2017-03-08T10:33:21+00:00","dateModified":"2017-03-08T10:37:05+00:00","breadcrumb":{"@id":"https:\/\/www.cote-mas.fr\/en\/initiatory-and-gourmet-walks-4-dates-4-places-4-settings\/#breadcrumb"},"inLanguage":"en-US","potentialAction":[{"@type":"ReadAction","target":["https:\/\/www.cote-mas.fr\/en\/initiatory-and-gourmet-walks-4-dates-4-places-4-settings\/"]}]},{"@type":"ImageObject","inLanguage":"en-US","@id":"https:\/\/www.cote-mas.fr\/en\/initiatory-and-gourmet-walks-4-dates-4-places-4-settings\/#primaryimage","url":"https:\/\/www.cote-mas.fr\/wp-content\/uploads\/2017\/03\/balades-initiatiques.jpg","contentUrl":"https:\/\/www.cote-mas.fr\/wp-content\/uploads\/2017\/03\/balades-initiatiques.jpg","width":576,"height":465},{"@type":"BreadcrumbList","@id":"https:\/\/www.cote-mas.fr\/en\/initiatory-and-gourmet-walks-4-dates-4-places-4-settings\/#breadcrumb","itemListElement":[{"@type":"ListItem","position":1,"name":"Accueil","item":"https:\/\/www.cote-mas.fr\/en\/"},{"@type":"ListItem","position":2,"name":"Initiatory and Gourmet walks: 4 dates \u2013 4 places \u2013 4 settings"}]},{"@type":"WebSite","@id":"https:\/\/www.cote-mas.fr\/#website","url":"https:\/\/www.cote-mas.fr\/","name":"C\u00f4t\u00e9 Mas","description":"Le restaurant des Domaines Paul Mas \u00e0 Montagnac en Languedoc","publisher":{"@id":"https:\/\/www.cote-mas.fr\/#organization"},"potentialAction":[{"@type":"SearchAction","target":{"@type":"EntryPoint","urlTemplate":"https:\/\/www.cote-mas.fr\/?s={search_term_string}"},"query-input":{"@type":"PropertyValueSpecification","valueRequired":true,"valueName":"search_term_string"}}],"inLanguage":"en-US"},{"@type":"Organization","@id":"https:\/\/www.cote-mas.fr\/#organization","name":"C\u00f4t\u00e9 Mas","url":"https:\/\/www.cote-mas.fr\/","logo":{"@type":"ImageObject","inLanguage":"en-US","@id":"https:\/\/www.cote-mas.fr\/#\/schema\/logo\/image\/","url":"https:\/\/www.cote-mas.fr\/wp-content\/uploads\/2021\/07\/Logo-cote-mas-seul-copie-2.png","contentUrl":"https:\/\/www.cote-mas.fr\/wp-content\/uploads\/2021\/07\/Logo-cote-mas-seul-copie-2.png","width":487,"height":114,"caption":"C\u00f4t\u00e9 Mas"},"image":{"@id":"https:\/\/www.cote-mas.fr\/#\/schema\/logo\/image\/"},"sameAs":["https:\/\/www.facebook.com\/Cote.Mas","https:\/\/www.instagram.com\/cotemas\/"]},{"@type":"Person","@id":"https:\/\/www.cote-mas.fr\/#\/schema\/person\/89c0ee0277bea4c8ece99e8db6dd1d55","name":"LauHaie","image":{"@type":"ImageObject","inLanguage":"en-US","@id":"https:\/\/secure.gravatar.com\/avatar\/e9de6e7d2123adfdbe747785cb7c76b45ccd925166b956315966d0bf4a7aab41?s=96&d=mm&r=g","url":"https:\/\/secure.gravatar.com\/avatar\/e9de6e7d2123adfdbe747785cb7c76b45ccd925166b956315966d0bf4a7aab41?s=96&d=mm&r=g","contentUrl":"https:\/\/secure.gravatar.com\/avatar\/e9de6e7d2123adfdbe747785cb7c76b45ccd925166b956315966d0bf4a7aab41?s=96&d=mm&r=g","caption":"LauHaie"},"url":"https:\/\/www.cote-mas.fr\/en\/author\/lauhaie\/"}]}},"_links":{"self":[{"href":"https:\/\/www.cote-mas.fr\/en\/wp-json\/wp\/v2\/posts\/1470","targetHints":{"allow":["GET"]}}],"collection":[{"href":"https:\/\/www.cote-mas.fr\/en\/wp-json\/wp\/v2\/posts"}],"about":[{"href":"https:\/\/www.cote-mas.fr\/en\/wp-json\/wp\/v2\/types\/post"}],"author":[{"embeddable":true,"href":"https:\/\/www.cote-mas.fr\/en\/wp-json\/wp\/v2\/users\/4"}],"replies":[{"embeddable":true,"href":"https:\/\/www.cote-mas.fr\/en\/wp-json\/wp\/v2\/comments?post=1470"}],"version-history":[{"count":2,"href":"https:\/\/www.cote-mas.fr\/en\/wp-json\/wp\/v2\/posts\/1470\/revisions"}],"predecessor-version":[{"id":1472,"href":"https:\/\/www.cote-mas.fr\/en\/wp-json\/wp\/v2\/posts\/1470\/revisions\/1472"}],"wp:featuredmedia":[{"embeddable":true,"href":"https:\/\/www.cote-mas.fr\/en\/wp-json\/wp\/v2\/media\/1420"}],"wp:attachment":[{"href":"https:\/\/www.cote-mas.fr\/en\/wp-json\/wp\/v2\/media?parent=1470"}],"wp:term":[{"taxonomy":"category","embeddable":true,"href":"https:\/\/www.cote-mas.fr\/en\/wp-json\/wp\/v2\/categories?post=1470"},{"taxonomy":"post_tag","embeddable":true,"href":"https:\/\/www.cote-mas.fr\/en\/wp-json\/wp\/v2\/tags?post=1470"}],"curies":[{"name":"wp","href":"https:\/\/api.w.org\/{rel}","templated":true}]}}