{"id":1333,"date":"2017-02-16T17:12:01","date_gmt":"2017-02-16T16:12:01","guid":{"rendered":"http:\/\/34.251.222.222\/?p=1333"},"modified":"2017-02-17T14:01:30","modified_gmt":"2017-02-17T13:01:30","slug":"cote-mas-sous-un-air-de-carnaval-et-samba","status":"publish","type":"post","link":"https:\/\/www.cote-mas.fr\/en\/cote-mas-sous-un-air-de-carnaval-et-samba\/","title":{"rendered":"C\u00f4t\u00e9 Mas sous un air de Carnaval et Samba"},"content":{"rendered":"<p>Dimanche 26 F\u00e9vrier, venez manger et danser au rythme de la Samba avec La Milone !!!<\/p>\n<p>Un menu \u00e0 49 euros vous est propos\u00e9 par le Chef (Entr\u00e9e, Plats, Fromages et Desserts)<\/p>\n<p>Venez avec vos enfants, un atelier masque est organis\u00e9 et vous pourrez partir avec votre photo souvenir.<\/p>\n<p>On vous attend pour faire la f\u00eate.<\/p>\n<p>Le caveau sera ouvert pour l&#8217;\u00e9v\u00e8nement de 11h \u00e0 15h.<\/p>\n<p>L&#8217;\u00e9quipe C\u00f4t\u00e9 Mas<\/p>\n","protected":false},"excerpt":{"rendered":"<p>Dimanche 26 F\u00e9vrier, venez manger et danser au rythme de la Samba avec La Milone !!! Un menu \u00e0 49 euros vous est propos\u00e9 par le Chef (Entr\u00e9e, Plats, Fromages et Desserts) Venez avec vos enfants, un atelier masque est organis\u00e9 et vous pourrez partir avec votre photo souvenir. On vous attend pour faire la [&hellip;]<\/p>\n","protected":false},"author":4,"featured_media":1335,"comment_status":"open","ping_status":"open","sticky":false,"template":"","format":"standard","meta":{"_et_pb_use_builder":"","_et_pb_old_content":"","_et_gb_content_width":"","footnotes":""},"categories":[36],"tags":[],"class_list":["post-1333","post","type-post","status-publish","format-standard","has-post-thumbnail","hentry","category-evenement"],"yoast_head":"<!-- This site is optimized with the Yoast SEO plugin v27.4 - https:\/\/yoast.com\/product\/yoast-seo-wordpress\/ -->\n<title>C\u00f4t\u00e9 Mas sous un air de Carnaval et Samba - C\u00f4t\u00e9 Mas<\/title>\n<meta name=\"robots\" content=\"index, follow, max-snippet:-1, max-image-preview:large, max-video-preview:-1\" \/>\n<link rel=\"canonical\" href=\"https:\/\/www.cote-mas.fr\/cote-mas-sous-un-air-de-carnaval-et-samba\/\" \/>\n<meta property=\"og:locale\" content=\"en_US\" \/>\n<meta property=\"og:type\" content=\"article\" \/>\n<meta property=\"og:title\" content=\"C\u00f4t\u00e9 Mas sous un air de Carnaval et Samba - C\u00f4t\u00e9 Mas\" \/>\n<meta property=\"og:description\" content=\"Dimanche 26 F\u00e9vrier, venez manger et danser au rythme de la Samba avec La Milone !!! Un menu \u00e0 49 euros vous est propos\u00e9 par le Chef (Entr\u00e9e, Plats, Fromages et Desserts) Venez avec vos enfants, un atelier masque est organis\u00e9 et vous pourrez partir avec votre photo souvenir. On vous attend pour faire la [&hellip;]\" \/>\n<meta property=\"og:url\" content=\"https:\/\/www.cote-mas.fr\/cote-mas-sous-un-air-de-carnaval-et-samba\/\" \/>\n<meta property=\"og:site_name\" content=\"C\u00f4t\u00e9 Mas\" \/>\n<meta property=\"article:publisher\" content=\"https:\/\/www.facebook.com\/Cote.Mas\" \/>\n<meta property=\"article:published_time\" content=\"2017-02-16T16:12:01+00:00\" \/>\n<meta property=\"article:modified_time\" content=\"2017-02-17T13:01:30+00:00\" \/>\n<meta property=\"og:image\" content=\"https:\/\/www.cote-mas.fr\/wp-content\/uploads\/2017\/02\/cote-mas-samba.jpg\" \/>\n\t<meta property=\"og:image:width\" content=\"426\" \/>\n\t<meta property=\"og:image:height\" content=\"600\" \/>\n\t<meta property=\"og:image:type\" content=\"image\/jpeg\" \/>\n<meta name=\"author\" content=\"LauHaie\" \/>\n<meta name=\"twitter:card\" content=\"summary_large_image\" \/>\n<meta name=\"twitter:label1\" content=\"Written by\" \/>\n\t<meta name=\"twitter:data1\" content=\"LauHaie\" \/>\n<script type=\"application\/ld+json\" class=\"yoast-schema-graph\">{\"@context\":\"https:\\\/\\\/schema.org\",\"@graph\":[{\"@type\":\"Article\",\"@id\":\"https:\\\/\\\/www.cote-mas.fr\\\/cote-mas-sous-un-air-de-carnaval-et-samba\\\/#article\",\"isPartOf\":{\"@id\":\"https:\\\/\\\/www.cote-mas.fr\\\/cote-mas-sous-un-air-de-carnaval-et-samba\\\/\"},\"author\":{\"name\":\"LauHaie\",\"@id\":\"https:\\\/\\\/www.cote-mas.fr\\\/#\\\/schema\\\/person\\\/89c0ee0277bea4c8ece99e8db6dd1d55\"},\"headline\":\"C\u00f4t\u00e9 Mas sous un air de Carnaval et Samba\",\"datePublished\":\"2017-02-16T16:12:01+00:00\",\"dateModified\":\"2017-02-17T13:01:30+00:00\",\"mainEntityOfPage\":{\"@id\":\"https:\\\/\\\/www.cote-mas.fr\\\/cote-mas-sous-un-air-de-carnaval-et-samba\\\/\"},\"wordCount\":81,\"commentCount\":0,\"publisher\":{\"@id\":\"https:\\\/\\\/www.cote-mas.fr\\\/#organization\"},\"image\":{\"@id\":\"https:\\\/\\\/www.cote-mas.fr\\\/cote-mas-sous-un-air-de-carnaval-et-samba\\\/#primaryimage\"},\"thumbnailUrl\":\"https:\\\/\\\/www.cote-mas.fr\\\/wp-content\\\/uploads\\\/2017\\\/02\\\/cote-mas-samba.jpg\",\"articleSection\":[\"Ev\u00e8nement\"],\"inLanguage\":\"en-US\",\"potentialAction\":[{\"@type\":\"CommentAction\",\"name\":\"Comment\",\"target\":[\"https:\\\/\\\/www.cote-mas.fr\\\/cote-mas-sous-un-air-de-carnaval-et-samba\\\/#respond\"]}]},{\"@type\":\"WebPage\",\"@id\":\"https:\\\/\\\/www.cote-mas.fr\\\/cote-mas-sous-un-air-de-carnaval-et-samba\\\/\",\"url\":\"https:\\\/\\\/www.cote-mas.fr\\\/cote-mas-sous-un-air-de-carnaval-et-samba\\\/\",\"name\":\"C\u00f4t\u00e9 Mas sous un air de Carnaval et Samba - C\u00f4t\u00e9 Mas\",\"isPartOf\":{\"@id\":\"https:\\\/\\\/www.cote-mas.fr\\\/#website\"},\"primaryImageOfPage\":{\"@id\":\"https:\\\/\\\/www.cote-mas.fr\\\/cote-mas-sous-un-air-de-carnaval-et-samba\\\/#primaryimage\"},\"image\":{\"@id\":\"https:\\\/\\\/www.cote-mas.fr\\\/cote-mas-sous-un-air-de-carnaval-et-samba\\\/#primaryimage\"},\"thumbnailUrl\":\"https:\\\/\\\/www.cote-mas.fr\\\/wp-content\\\/uploads\\\/2017\\\/02\\\/cote-mas-samba.jpg\",\"datePublished\":\"2017-02-16T16:12:01+00:00\",\"dateModified\":\"2017-02-17T13:01:30+00:00\",\"breadcrumb\":{\"@id\":\"https:\\\/\\\/www.cote-mas.fr\\\/cote-mas-sous-un-air-de-carnaval-et-samba\\\/#breadcrumb\"},\"inLanguage\":\"en-US\",\"potentialAction\":[{\"@type\":\"ReadAction\",\"target\":[\"https:\\\/\\\/www.cote-mas.fr\\\/cote-mas-sous-un-air-de-carnaval-et-samba\\\/\"]}]},{\"@type\":\"ImageObject\",\"inLanguage\":\"en-US\",\"@id\":\"https:\\\/\\\/www.cote-mas.fr\\\/cote-mas-sous-un-air-de-carnaval-et-samba\\\/#primaryimage\",\"url\":\"https:\\\/\\\/www.cote-mas.fr\\\/wp-content\\\/uploads\\\/2017\\\/02\\\/cote-mas-samba.jpg\",\"contentUrl\":\"https:\\\/\\\/www.cote-mas.fr\\\/wp-content\\\/uploads\\\/2017\\\/02\\\/cote-mas-samba.jpg\",\"width\":426,\"height\":600,\"caption\":\"C\u00f4t\u00e9 Mas\"},{\"@type\":\"BreadcrumbList\",\"@id\":\"https:\\\/\\\/www.cote-mas.fr\\\/cote-mas-sous-un-air-de-carnaval-et-samba\\\/#breadcrumb\",\"itemListElement\":[{\"@type\":\"ListItem\",\"position\":1,\"name\":\"Accueil\",\"item\":\"https:\\\/\\\/www.cote-mas.fr\\\/en\\\/\"},{\"@type\":\"ListItem\",\"position\":2,\"name\":\"C\u00f4t\u00e9 Mas sous un air de Carnaval et Samba\"}]},{\"@type\":\"WebSite\",\"@id\":\"https:\\\/\\\/www.cote-mas.fr\\\/#website\",\"url\":\"https:\\\/\\\/www.cote-mas.fr\\\/\",\"name\":\"C\u00f4t\u00e9 Mas\",\"description\":\"Le restaurant des Domaines Paul Mas \u00e0 Montagnac en Languedoc\",\"publisher\":{\"@id\":\"https:\\\/\\\/www.cote-mas.fr\\\/#organization\"},\"potentialAction\":[{\"@type\":\"SearchAction\",\"target\":{\"@type\":\"EntryPoint\",\"urlTemplate\":\"https:\\\/\\\/www.cote-mas.fr\\\/?s={search_term_string}\"},\"query-input\":{\"@type\":\"PropertyValueSpecification\",\"valueRequired\":true,\"valueName\":\"search_term_string\"}}],\"inLanguage\":\"en-US\"},{\"@type\":\"Organization\",\"@id\":\"https:\\\/\\\/www.cote-mas.fr\\\/#organization\",\"name\":\"C\u00f4t\u00e9 Mas\",\"url\":\"https:\\\/\\\/www.cote-mas.fr\\\/\",\"logo\":{\"@type\":\"ImageObject\",\"inLanguage\":\"en-US\",\"@id\":\"https:\\\/\\\/www.cote-mas.fr\\\/#\\\/schema\\\/logo\\\/image\\\/\",\"url\":\"https:\\\/\\\/www.cote-mas.fr\\\/wp-content\\\/uploads\\\/2021\\\/07\\\/Logo-cote-mas-seul-copie-2.png\",\"contentUrl\":\"https:\\\/\\\/www.cote-mas.fr\\\/wp-content\\\/uploads\\\/2021\\\/07\\\/Logo-cote-mas-seul-copie-2.png\",\"width\":487,\"height\":114,\"caption\":\"C\u00f4t\u00e9 Mas\"},\"image\":{\"@id\":\"https:\\\/\\\/www.cote-mas.fr\\\/#\\\/schema\\\/logo\\\/image\\\/\"},\"sameAs\":[\"https:\\\/\\\/www.facebook.com\\\/Cote.Mas\",\"https:\\\/\\\/www.instagram.com\\\/cotemas\\\/\"]},{\"@type\":\"Person\",\"@id\":\"https:\\\/\\\/www.cote-mas.fr\\\/#\\\/schema\\\/person\\\/89c0ee0277bea4c8ece99e8db6dd1d55\",\"name\":\"LauHaie\",\"image\":{\"@type\":\"ImageObject\",\"inLanguage\":\"en-US\",\"@id\":\"https:\\\/\\\/secure.gravatar.com\\\/avatar\\\/e9de6e7d2123adfdbe747785cb7c76b45ccd925166b956315966d0bf4a7aab41?s=96&d=mm&r=g\",\"url\":\"https:\\\/\\\/secure.gravatar.com\\\/avatar\\\/e9de6e7d2123adfdbe747785cb7c76b45ccd925166b956315966d0bf4a7aab41?s=96&d=mm&r=g\",\"contentUrl\":\"https:\\\/\\\/secure.gravatar.com\\\/avatar\\\/e9de6e7d2123adfdbe747785cb7c76b45ccd925166b956315966d0bf4a7aab41?s=96&d=mm&r=g\",\"caption\":\"LauHaie\"},\"url\":\"https:\\\/\\\/www.cote-mas.fr\\\/en\\\/author\\\/lauhaie\\\/\"}]}<\/script>\n<!-- \/ Yoast SEO plugin. -->","yoast_head_json":{"title":"C\u00f4t\u00e9 Mas sous un air de Carnaval et Samba - C\u00f4t\u00e9 Mas","robots":{"index":"index","follow":"follow","max-snippet":"max-snippet:-1","max-image-preview":"max-image-preview:large","max-video-preview":"max-video-preview:-1"},"canonical":"https:\/\/www.cote-mas.fr\/cote-mas-sous-un-air-de-carnaval-et-samba\/","og_locale":"en_US","og_type":"article","og_title":"C\u00f4t\u00e9 Mas sous un air de Carnaval et Samba - C\u00f4t\u00e9 Mas","og_description":"Dimanche 26 F\u00e9vrier, venez manger et danser au rythme de la Samba avec La Milone !!! Un menu \u00e0 49 euros vous est propos\u00e9 par le Chef (Entr\u00e9e, Plats, Fromages et Desserts) Venez avec vos enfants, un atelier masque est organis\u00e9 et vous pourrez partir avec votre photo souvenir. On vous attend pour faire la [&hellip;]","og_url":"https:\/\/www.cote-mas.fr\/cote-mas-sous-un-air-de-carnaval-et-samba\/","og_site_name":"C\u00f4t\u00e9 Mas","article_publisher":"https:\/\/www.facebook.com\/Cote.Mas","article_published_time":"2017-02-16T16:12:01+00:00","article_modified_time":"2017-02-17T13:01:30+00:00","og_image":[{"width":426,"height":600,"url":"https:\/\/www.cote-mas.fr\/wp-content\/uploads\/2017\/02\/cote-mas-samba.jpg","type":"image\/jpeg"}],"author":"LauHaie","twitter_card":"summary_large_image","twitter_misc":{"Written by":"LauHaie"},"schema":{"@context":"https:\/\/schema.org","@graph":[{"@type":"Article","@id":"https:\/\/www.cote-mas.fr\/cote-mas-sous-un-air-de-carnaval-et-samba\/#article","isPartOf":{"@id":"https:\/\/www.cote-mas.fr\/cote-mas-sous-un-air-de-carnaval-et-samba\/"},"author":{"name":"LauHaie","@id":"https:\/\/www.cote-mas.fr\/#\/schema\/person\/89c0ee0277bea4c8ece99e8db6dd1d55"},"headline":"C\u00f4t\u00e9 Mas sous un air de Carnaval et Samba","datePublished":"2017-02-16T16:12:01+00:00","dateModified":"2017-02-17T13:01:30+00:00","mainEntityOfPage":{"@id":"https:\/\/www.cote-mas.fr\/cote-mas-sous-un-air-de-carnaval-et-samba\/"},"wordCount":81,"commentCount":0,"publisher":{"@id":"https:\/\/www.cote-mas.fr\/#organization"},"image":{"@id":"https:\/\/www.cote-mas.fr\/cote-mas-sous-un-air-de-carnaval-et-samba\/#primaryimage"},"thumbnailUrl":"https:\/\/www.cote-mas.fr\/wp-content\/uploads\/2017\/02\/cote-mas-samba.jpg","articleSection":["Ev\u00e8nement"],"inLanguage":"en-US","potentialAction":[{"@type":"CommentAction","name":"Comment","target":["https:\/\/www.cote-mas.fr\/cote-mas-sous-un-air-de-carnaval-et-samba\/#respond"]}]},{"@type":"WebPage","@id":"https:\/\/www.cote-mas.fr\/cote-mas-sous-un-air-de-carnaval-et-samba\/","url":"https:\/\/www.cote-mas.fr\/cote-mas-sous-un-air-de-carnaval-et-samba\/","name":"C\u00f4t\u00e9 Mas sous un air de Carnaval et Samba - C\u00f4t\u00e9 Mas","isPartOf":{"@id":"https:\/\/www.cote-mas.fr\/#website"},"primaryImageOfPage":{"@id":"https:\/\/www.cote-mas.fr\/cote-mas-sous-un-air-de-carnaval-et-samba\/#primaryimage"},"image":{"@id":"https:\/\/www.cote-mas.fr\/cote-mas-sous-un-air-de-carnaval-et-samba\/#primaryimage"},"thumbnailUrl":"https:\/\/www.cote-mas.fr\/wp-content\/uploads\/2017\/02\/cote-mas-samba.jpg","datePublished":"2017-02-16T16:12:01+00:00","dateModified":"2017-02-17T13:01:30+00:00","breadcrumb":{"@id":"https:\/\/www.cote-mas.fr\/cote-mas-sous-un-air-de-carnaval-et-samba\/#breadcrumb"},"inLanguage":"en-US","potentialAction":[{"@type":"ReadAction","target":["https:\/\/www.cote-mas.fr\/cote-mas-sous-un-air-de-carnaval-et-samba\/"]}]},{"@type":"ImageObject","inLanguage":"en-US","@id":"https:\/\/www.cote-mas.fr\/cote-mas-sous-un-air-de-carnaval-et-samba\/#primaryimage","url":"https:\/\/www.cote-mas.fr\/wp-content\/uploads\/2017\/02\/cote-mas-samba.jpg","contentUrl":"https:\/\/www.cote-mas.fr\/wp-content\/uploads\/2017\/02\/cote-mas-samba.jpg","width":426,"height":600,"caption":"C\u00f4t\u00e9 Mas"},{"@type":"BreadcrumbList","@id":"https:\/\/www.cote-mas.fr\/cote-mas-sous-un-air-de-carnaval-et-samba\/#breadcrumb","itemListElement":[{"@type":"ListItem","position":1,"name":"Accueil","item":"https:\/\/www.cote-mas.fr\/en\/"},{"@type":"ListItem","position":2,"name":"C\u00f4t\u00e9 Mas sous un air de Carnaval et Samba"}]},{"@type":"WebSite","@id":"https:\/\/www.cote-mas.fr\/#website","url":"https:\/\/www.cote-mas.fr\/","name":"C\u00f4t\u00e9 Mas","description":"Le restaurant des Domaines Paul Mas \u00e0 Montagnac en Languedoc","publisher":{"@id":"https:\/\/www.cote-mas.fr\/#organization"},"potentialAction":[{"@type":"SearchAction","target":{"@type":"EntryPoint","urlTemplate":"https:\/\/www.cote-mas.fr\/?s={search_term_string}"},"query-input":{"@type":"PropertyValueSpecification","valueRequired":true,"valueName":"search_term_string"}}],"inLanguage":"en-US"},{"@type":"Organization","@id":"https:\/\/www.cote-mas.fr\/#organization","name":"C\u00f4t\u00e9 Mas","url":"https:\/\/www.cote-mas.fr\/","logo":{"@type":"ImageObject","inLanguage":"en-US","@id":"https:\/\/www.cote-mas.fr\/#\/schema\/logo\/image\/","url":"https:\/\/www.cote-mas.fr\/wp-content\/uploads\/2021\/07\/Logo-cote-mas-seul-copie-2.png","contentUrl":"https:\/\/www.cote-mas.fr\/wp-content\/uploads\/2021\/07\/Logo-cote-mas-seul-copie-2.png","width":487,"height":114,"caption":"C\u00f4t\u00e9 Mas"},"image":{"@id":"https:\/\/www.cote-mas.fr\/#\/schema\/logo\/image\/"},"sameAs":["https:\/\/www.facebook.com\/Cote.Mas","https:\/\/www.instagram.com\/cotemas\/"]},{"@type":"Person","@id":"https:\/\/www.cote-mas.fr\/#\/schema\/person\/89c0ee0277bea4c8ece99e8db6dd1d55","name":"LauHaie","image":{"@type":"ImageObject","inLanguage":"en-US","@id":"https:\/\/secure.gravatar.com\/avatar\/e9de6e7d2123adfdbe747785cb7c76b45ccd925166b956315966d0bf4a7aab41?s=96&d=mm&r=g","url":"https:\/\/secure.gravatar.com\/avatar\/e9de6e7d2123adfdbe747785cb7c76b45ccd925166b956315966d0bf4a7aab41?s=96&d=mm&r=g","contentUrl":"https:\/\/secure.gravatar.com\/avatar\/e9de6e7d2123adfdbe747785cb7c76b45ccd925166b956315966d0bf4a7aab41?s=96&d=mm&r=g","caption":"LauHaie"},"url":"https:\/\/www.cote-mas.fr\/en\/author\/lauhaie\/"}]}},"_links":{"self":[{"href":"https:\/\/www.cote-mas.fr\/en\/wp-json\/wp\/v2\/posts\/1333","targetHints":{"allow":["GET"]}}],"collection":[{"href":"https:\/\/www.cote-mas.fr\/en\/wp-json\/wp\/v2\/posts"}],"about":[{"href":"https:\/\/www.cote-mas.fr\/en\/wp-json\/wp\/v2\/types\/post"}],"author":[{"embeddable":true,"href":"https:\/\/www.cote-mas.fr\/en\/wp-json\/wp\/v2\/users\/4"}],"replies":[{"embeddable":true,"href":"https:\/\/www.cote-mas.fr\/en\/wp-json\/wp\/v2\/comments?post=1333"}],"version-history":[{"count":5,"href":"https:\/\/www.cote-mas.fr\/en\/wp-json\/wp\/v2\/posts\/1333\/revisions"}],"predecessor-version":[{"id":1341,"href":"https:\/\/www.cote-mas.fr\/en\/wp-json\/wp\/v2\/posts\/1333\/revisions\/1341"}],"wp:featuredmedia":[{"embeddable":true,"href":"https:\/\/www.cote-mas.fr\/en\/wp-json\/wp\/v2\/media\/1335"}],"wp:attachment":[{"href":"https:\/\/www.cote-mas.fr\/en\/wp-json\/wp\/v2\/media?parent=1333"}],"wp:term":[{"taxonomy":"category","embeddable":true,"href":"https:\/\/www.cote-mas.fr\/en\/wp-json\/wp\/v2\/categories?post=1333"},{"taxonomy":"post_tag","embeddable":true,"href":"https:\/\/www.cote-mas.fr\/en\/wp-json\/wp\/v2\/tags?post=1333"}],"curies":[{"name":"wp","href":"https:\/\/api.w.org\/{rel}","templated":true}]}}