{"id":11309,"date":"2023-06-02T09:51:12","date_gmt":"2023-06-02T08:51:12","guid":{"rendered":"https:\/\/www.cote-mas.fr\/jazz-and-old-vintages-evening-2023\/"},"modified":"2023-06-08T14:34:45","modified_gmt":"2023-06-08T13:34:45","slug":"jazz-and-old-vintages-evening-2023","status":"publish","type":"post","link":"https:\/\/www.cote-mas.fr\/en\/jazz-and-old-vintages-evening-2023\/","title":{"rendered":"Jazz and old vintages evening 2023"},"content":{"rendered":"<p>[et_pb_section fb_built=&#8221;1&#8243; _builder_version=&#8221;4.16&#8243; global_colors_info=&#8221;{}&#8221;][et_pb_row _builder_version=&#8221;4.16&#8243; _module_preset=&#8221;default&#8221; global_colors_info=&#8221;{}&#8221;][et_pb_column type=&#8221;4_4&#8243; _builder_version=&#8221;4.16&#8243; _module_preset=&#8221;default&#8221; global_colors_info=&#8221;{}&#8221;][et_pb_image src=&#8221;https:\/\/www.cote-mas.fr\/wp-content\/uploads\/2023\/06\/Animation-Cote-Mas-2023.gif&#8221; title_text=&#8221;Animation C\u00f4t\u00e9 Mas 2023&#8243; align=&#8221;center&#8221; _builder_version=&#8221;4.21.0&#8243; _module_preset=&#8221;default&#8221; hover_enabled=&#8221;0&#8243; global_colors_info=&#8221;{}&#8221; sticky_enabled=&#8221;0&#8243;][\/et_pb_image][\/et_pb_column][\/et_pb_row][\/et_pb_section][et_pb_section fb_built=&#8221;1&#8243; custom_padding_last_edited=&#8221;on|desktop&#8221; admin_label=&#8221;section&#8221; _builder_version=&#8221;4.16&#8243; background_color=&#8221;#cfc6be&#8221; custom_padding_tablet=&#8221;50px|0|50px|0&#8243; custom_padding_phone=&#8221;&#8221; transparent_background=&#8221;off&#8221; padding_mobile=&#8221;off&#8221; make_fullwidth=&#8221;off&#8221; use_custom_width=&#8221;off&#8221; width_unit=&#8221;on&#8221; global_colors_info=&#8221;{}&#8221;][et_pb_row _builder_version=&#8221;4.21.0&#8243; _module_preset=&#8221;default&#8221; global_colors_info=&#8221;{}&#8221;][et_pb_column type=&#8221;4_4&#8243; _builder_version=&#8221;4.21.0&#8243; _module_preset=&#8221;default&#8221; global_colors_info=&#8221;{}&#8221;][et_pb_text _builder_version=&#8221;4.21.0&#8243; _module_preset=&#8221;default&#8221; header_font=&#8221;|||||on|||&#8221; header_font_size=&#8221;39px&#8221; custom_margin=&#8221;72px|||||&#8221; locked=&#8221;off&#8221; global_colors_info=&#8221;{}&#8221;]<\/p>\n<h1 style=\"text-align: center;\">Jazz and old vintages evening 2023<\/h1>\n<p>[\/et_pb_text][\/et_pb_column][\/et_pb_row][et_pb_row column_structure=&#8221;1_2,1_2&#8243; admin_label=&#8221;row&#8221; _builder_version=&#8221;4.16&#8243; background_size=&#8221;initial&#8221; background_position=&#8221;top_left&#8221; background_repeat=&#8221;repeat&#8221; custom_margin=&#8221;93px|auto||auto||&#8221; custom_padding=&#8221;||0px|||&#8221; global_colors_info=&#8221;{}&#8221;][et_pb_column type=&#8221;1_2&#8243; _builder_version=&#8221;4.16&#8243; custom_padding=&#8221;|||&#8221; global_colors_info=&#8221;{}&#8221; custom_padding__hover=&#8221;|||&#8221;][et_pb_image src=&#8221;https:\/\/www.cote-mas.fr\/wp-content\/uploads\/2023\/06\/Affiche-Soirees-Jazz-2023.jpg&#8221; title_text=&#8221;Affiche Soir\u00e9es Jazz 2023&#8243; _builder_version=&#8221;4.21.0&#8243; _module_preset=&#8221;default&#8221; custom_margin=&#8221;3px|||||&#8221; custom_margin_tablet=&#8221;97px|||||&#8221; custom_margin_phone=&#8221;0px||||false|false&#8221; custom_margin_last_edited=&#8221;on|phone&#8221; custom_padding=&#8221;0px|||||&#8221; hover_enabled=&#8221;0&#8243; box_shadow_style=&#8221;preset4&#8243; global_colors_info=&#8221;{}&#8221; sticky_enabled=&#8221;0&#8243;][\/et_pb_image][\/et_pb_column][et_pb_column type=&#8221;1_2&#8243; _builder_version=&#8221;4.16&#8243; custom_padding=&#8221;|||&#8221; global_colors_info=&#8221;{}&#8221; custom_padding__hover=&#8221;|||&#8221;][et_pb_text admin_label=&#8221;Text&#8221; _builder_version=&#8221;4.21.0&#8243; background_size=&#8221;initial&#8221; background_position=&#8221;top_left&#8221; background_repeat=&#8221;repeat&#8221; custom_margin=&#8221;70px|||||&#8221; custom_padding=&#8221;0px|||||&#8221; global_colors_info=&#8221;{}&#8221;]<\/p>\n<p><strong>C\u00f4t\u00e9 Mas restaurant is offering its \u201cMENU CONFIANCE\u201d complemented by a Jazz live concert with some of the best of Domaines Paul Mas old vintages. A subtle combination of food, wine, and music.<\/strong><\/p>\n<p>On Thursdays:\u00a0<\/p>\n<ul>\n<li style=\"list-style-type: none;\">\n<ul>\n<li>July 6<\/li>\n<li>July 20<\/li>\n<li>August 3<\/li>\n<li>August 17<\/li>\n<\/ul>\n<\/li>\n<\/ul>\n<p>Reservations are required<\/p>\n<p>&nbsp;<\/p>\n<h2>Menu \u00ab confiance \u00bb \u2013 79\u20ac\/person*<\/h2>\n<p>*(drinks not included)<\/p>\n<p>A unique menu, imagined by our\u00a0chefs at C\u00f4t\u00e9 Mas, which will delight your palates.<\/p>\n<h2><\/h2>\n<h2>Old vintages<\/h2>\n<p>Jean-Claude Mas open the doors of his personal cellar to make you discover exceptional old vintages.<\/p>\n<p>[\/et_pb_text][\/et_pb_column][\/et_pb_row][et_pb_row _builder_version=&#8221;4.16&#8243; _module_preset=&#8221;default&#8221; custom_padding=&#8221;62px|||||&#8221; global_colors_info=&#8221;{}&#8221;][et_pb_column type=&#8221;4_4&#8243; _builder_version=&#8221;4.16&#8243; _module_preset=&#8221;default&#8221; global_colors_info=&#8221;{}&#8221;][et_pb_divider _builder_version=&#8221;4.16&#8243; _module_preset=&#8221;default&#8221; global_colors_info=&#8221;{}&#8221;][\/et_pb_divider][et_pb_text admin_label=&#8221;Text&#8221; _builder_version=&#8221;4.16&#8243; background_size=&#8221;initial&#8221; background_position=&#8221;top_left&#8221; background_repeat=&#8221;repeat&#8221; width=&#8221;62%&#8221; module_alignment=&#8221;center&#8221; custom_margin=&#8221;-45px|||||&#8221; custom_padding=&#8221;7px|||||&#8221; global_colors_info=&#8221;{}&#8221;]<\/p>\n<p>Subscribe to the newsletter or follow us on social networks to be the first informed of all our events, special days, promotional offers..<\/p>\n<p>[\/et_pb_text][et_pb_button button_url=&#8221;https:\/\/www.cote-mas.fr\/en\/?page_id=8474&#8243; url_new_window=&#8221;on&#8221; button_text=&#8221;Subscribe&#8221; button_alignment=&#8221;center&#8221; _builder_version=&#8221;4.16&#8243; _module_preset=&#8221;default&#8221; custom_button=&#8221;on&#8221; button_text_color=&#8221;#5F504D&#8221; button_bg_color=&#8221;RGBA(255,255,255,0)&#8221; button_border_color=&#8221;#5F504D&#8221; custom_margin=&#8221;0px||||false|false&#8221; global_colors_info=&#8221;{}&#8221;][\/et_pb_button][et_pb_social_media_follow _builder_version=&#8221;4.16&#8243; _module_preset=&#8221;default&#8221; text_orientation=&#8221;center&#8221; module_alignment=&#8221;center&#8221; custom_margin=&#8221;0px||||false|false&#8221; custom_padding=&#8221;0px|||||&#8221; locked=&#8221;off&#8221; global_colors_info=&#8221;{}&#8221;][et_pb_social_media_follow_network social_network=&#8221;instagram&#8221; url=&#8221;https:\/\/www.instagram.com\/cotemas\/&#8221; use_icon_font_size=&#8221;on&#8221; icon_font_size=&#8221;39px&#8221; _builder_version=&#8221;4.16&#8243; _module_preset=&#8221;default&#8221; background_color=&#8221;#5f504d&#8221; background_enable_color=&#8221;on&#8221; custom_button=&#8221;on&#8221; button_text_size=&#8221;12px&#8221; button_bg_color=&#8221;#5f504d&#8221; button_border_color=&#8221;#5f504d&#8221; button_border_radius=&#8221;9px&#8221; transform_scale=&#8221;82%|82%&#8221; border_radii=&#8221;on|40px|40px|40px|40px&#8221; global_colors_info=&#8221;{}&#8221; follow_button=&#8221;off&#8221; url_new_window=&#8221;on&#8221;]instagram[\/et_pb_social_media_follow_network][et_pb_social_media_follow_network social_network=&#8221;facebook&#8221; url=&#8221;https:\/\/www.facebook.com\/Cote.Mas&#8221; use_icon_font_size=&#8221;on&#8221; icon_font_size=&#8221;39px&#8221; _builder_version=&#8221;4.16&#8243; _module_preset=&#8221;default&#8221; background_color=&#8221;#5f504d&#8221; background_enable_color=&#8221;on&#8221; custom_button=&#8221;on&#8221; button_text_size=&#8221;12px&#8221; button_bg_color=&#8221;#5f504d&#8221; button_border_color=&#8221;#5f504d&#8221; button_border_radius=&#8221;9px&#8221; transform_scale=&#8221;82%|82%&#8221; border_radii=&#8221;on|40px|40px|40px|40px&#8221; global_colors_info=&#8221;{}&#8221; follow_button=&#8221;off&#8221; url_new_window=&#8221;on&#8221;]facebook[\/et_pb_social_media_follow_network][\/et_pb_social_media_follow][\/et_pb_column][\/et_pb_row][\/et_pb_section]<\/p>\n","protected":false},"excerpt":{"rendered":"<p>Jazz and old vintages evening 2023C\u00f4t\u00e9 Mas restaurant is offering its \u201cMENU CONFIANCE\u201d complemented by a Jazz live concert with some of the best of Domaines Paul Mas old vintages. A subtle combination of food, wine, and music. On Thursdays:\u00a0 July 6 July 20 August 3 August 17 Reservations are required &nbsp; Menu \u00ab confiance [&hellip;]<\/p>\n","protected":false},"author":43,"featured_media":11305,"comment_status":"closed","ping_status":"closed","sticky":false,"template":"","format":"standard","meta":{"_et_pb_use_builder":"on","_et_pb_old_content":"","_et_gb_content_width":"","footnotes":""},"categories":[37],"tags":[],"class_list":["post-11309","post","type-post","status-publish","format-standard","has-post-thumbnail","hentry","category-event"],"yoast_head":"<!-- This site is optimized with the Yoast SEO plugin v27.4 - https:\/\/yoast.com\/product\/yoast-seo-wordpress\/ -->\n<title>Jazz and old vintages evening 2023 - C\u00f4t\u00e9 Mas<\/title>\n<meta name=\"description\" content=\"C\u00f4t\u00e9 Mas restaurant is offering its \u201cMENU CONFIANCE\u201d complemented by a Jazz live concert with some of the best of Domaines Paul Mas old vintages. A subtle combination of food, wine, and music.\" \/>\n<meta name=\"robots\" content=\"index, follow, max-snippet:-1, max-image-preview:large, max-video-preview:-1\" \/>\n<link rel=\"canonical\" href=\"https:\/\/www.cote-mas.fr\/en\/jazz-and-old-vintages-evening-2023\/\" \/>\n<meta property=\"og:locale\" content=\"en_US\" \/>\n<meta property=\"og:type\" content=\"article\" \/>\n<meta property=\"og:title\" content=\"Jazz and old vintages evening 2023 - C\u00f4t\u00e9 Mas\" \/>\n<meta property=\"og:description\" content=\"C\u00f4t\u00e9 Mas restaurant is offering its \u201cMENU CONFIANCE\u201d complemented by a Jazz live concert with some of the best of Domaines Paul Mas old vintages. A subtle combination of food, wine, and music.\" \/>\n<meta property=\"og:url\" content=\"https:\/\/www.cote-mas.fr\/en\/jazz-and-old-vintages-evening-2023\/\" \/>\n<meta property=\"og:site_name\" content=\"C\u00f4t\u00e9 Mas\" \/>\n<meta property=\"article:publisher\" content=\"https:\/\/www.facebook.com\/Cote.Mas\" \/>\n<meta property=\"article:published_time\" content=\"2023-06-02T08:51:12+00:00\" \/>\n<meta property=\"article:modified_time\" content=\"2023-06-08T13:34:45+00:00\" \/>\n<meta property=\"og:image\" content=\"https:\/\/www.cote-mas.fr\/wp-content\/uploads\/2023\/06\/Soirees-Jazz-2022-Format-article-Web.jpg\" \/>\n\t<meta property=\"og:image:width\" content=\"800\" \/>\n\t<meta property=\"og:image:height\" content=\"600\" \/>\n\t<meta property=\"og:image:type\" content=\"image\/jpeg\" \/>\n<meta name=\"author\" content=\"Amandine Nelson\" \/>\n<meta name=\"twitter:card\" content=\"summary_large_image\" \/>\n<meta name=\"twitter:label1\" content=\"Written by\" \/>\n\t<meta name=\"twitter:data1\" content=\"Amandine Nelson\" \/>\n\t<meta name=\"twitter:label2\" content=\"Est. reading time\" \/>\n\t<meta name=\"twitter:data2\" content=\"4 minutes\" \/>\n<script type=\"application\/ld+json\" class=\"yoast-schema-graph\">{\"@context\":\"https:\\\/\\\/schema.org\",\"@graph\":[{\"@type\":\"Article\",\"@id\":\"https:\\\/\\\/www.cote-mas.fr\\\/en\\\/jazz-and-old-vintages-evening-2023\\\/#article\",\"isPartOf\":{\"@id\":\"https:\\\/\\\/www.cote-mas.fr\\\/en\\\/jazz-and-old-vintages-evening-2023\\\/\"},\"author\":{\"name\":\"Amandine Nelson\",\"@id\":\"https:\\\/\\\/www.cote-mas.fr\\\/#\\\/schema\\\/person\\\/a28d00bbf357e9c0b83b06c9f45e3894\"},\"headline\":\"Jazz and old vintages evening 2023\",\"datePublished\":\"2023-06-02T08:51:12+00:00\",\"dateModified\":\"2023-06-08T13:34:45+00:00\",\"mainEntityOfPage\":{\"@id\":\"https:\\\/\\\/www.cote-mas.fr\\\/en\\\/jazz-and-old-vintages-evening-2023\\\/\"},\"wordCount\":795,\"publisher\":{\"@id\":\"https:\\\/\\\/www.cote-mas.fr\\\/#organization\"},\"image\":{\"@id\":\"https:\\\/\\\/www.cote-mas.fr\\\/en\\\/jazz-and-old-vintages-evening-2023\\\/#primaryimage\"},\"thumbnailUrl\":\"https:\\\/\\\/www.cote-mas.fr\\\/wp-content\\\/uploads\\\/2023\\\/06\\\/Soirees-Jazz-2022-Format-article-Web.jpg\",\"articleSection\":[\"Event\"],\"inLanguage\":\"en-US\"},{\"@type\":\"WebPage\",\"@id\":\"https:\\\/\\\/www.cote-mas.fr\\\/en\\\/jazz-and-old-vintages-evening-2023\\\/\",\"url\":\"https:\\\/\\\/www.cote-mas.fr\\\/en\\\/jazz-and-old-vintages-evening-2023\\\/\",\"name\":\"Jazz and old vintages evening 2023 - C\u00f4t\u00e9 Mas\",\"isPartOf\":{\"@id\":\"https:\\\/\\\/www.cote-mas.fr\\\/#website\"},\"primaryImageOfPage\":{\"@id\":\"https:\\\/\\\/www.cote-mas.fr\\\/en\\\/jazz-and-old-vintages-evening-2023\\\/#primaryimage\"},\"image\":{\"@id\":\"https:\\\/\\\/www.cote-mas.fr\\\/en\\\/jazz-and-old-vintages-evening-2023\\\/#primaryimage\"},\"thumbnailUrl\":\"https:\\\/\\\/www.cote-mas.fr\\\/wp-content\\\/uploads\\\/2023\\\/06\\\/Soirees-Jazz-2022-Format-article-Web.jpg\",\"datePublished\":\"2023-06-02T08:51:12+00:00\",\"dateModified\":\"2023-06-08T13:34:45+00:00\",\"description\":\"C\u00f4t\u00e9 Mas restaurant is offering its \u201cMENU CONFIANCE\u201d complemented by a Jazz live concert with some of the best of Domaines Paul Mas old vintages. A subtle combination of food, wine, and music.\",\"breadcrumb\":{\"@id\":\"https:\\\/\\\/www.cote-mas.fr\\\/en\\\/jazz-and-old-vintages-evening-2023\\\/#breadcrumb\"},\"inLanguage\":\"en-US\",\"potentialAction\":[{\"@type\":\"ReadAction\",\"target\":[\"https:\\\/\\\/www.cote-mas.fr\\\/en\\\/jazz-and-old-vintages-evening-2023\\\/\"]}]},{\"@type\":\"ImageObject\",\"inLanguage\":\"en-US\",\"@id\":\"https:\\\/\\\/www.cote-mas.fr\\\/en\\\/jazz-and-old-vintages-evening-2023\\\/#primaryimage\",\"url\":\"https:\\\/\\\/www.cote-mas.fr\\\/wp-content\\\/uploads\\\/2023\\\/06\\\/Soirees-Jazz-2022-Format-article-Web.jpg\",\"contentUrl\":\"https:\\\/\\\/www.cote-mas.fr\\\/wp-content\\\/uploads\\\/2023\\\/06\\\/Soirees-Jazz-2022-Format-article-Web.jpg\",\"width\":800,\"height\":600},{\"@type\":\"BreadcrumbList\",\"@id\":\"https:\\\/\\\/www.cote-mas.fr\\\/en\\\/jazz-and-old-vintages-evening-2023\\\/#breadcrumb\",\"itemListElement\":[{\"@type\":\"ListItem\",\"position\":1,\"name\":\"Accueil\",\"item\":\"https:\\\/\\\/www.cote-mas.fr\\\/en\\\/\"},{\"@type\":\"ListItem\",\"position\":2,\"name\":\"Jazz and old vintages evening 2023\"}]},{\"@type\":\"WebSite\",\"@id\":\"https:\\\/\\\/www.cote-mas.fr\\\/#website\",\"url\":\"https:\\\/\\\/www.cote-mas.fr\\\/\",\"name\":\"C\u00f4t\u00e9 Mas\",\"description\":\"Le restaurant des Domaines Paul Mas \u00e0 Montagnac en Languedoc\",\"publisher\":{\"@id\":\"https:\\\/\\\/www.cote-mas.fr\\\/#organization\"},\"potentialAction\":[{\"@type\":\"SearchAction\",\"target\":{\"@type\":\"EntryPoint\",\"urlTemplate\":\"https:\\\/\\\/www.cote-mas.fr\\\/?s={search_term_string}\"},\"query-input\":{\"@type\":\"PropertyValueSpecification\",\"valueRequired\":true,\"valueName\":\"search_term_string\"}}],\"inLanguage\":\"en-US\"},{\"@type\":\"Organization\",\"@id\":\"https:\\\/\\\/www.cote-mas.fr\\\/#organization\",\"name\":\"C\u00f4t\u00e9 Mas\",\"url\":\"https:\\\/\\\/www.cote-mas.fr\\\/\",\"logo\":{\"@type\":\"ImageObject\",\"inLanguage\":\"en-US\",\"@id\":\"https:\\\/\\\/www.cote-mas.fr\\\/#\\\/schema\\\/logo\\\/image\\\/\",\"url\":\"https:\\\/\\\/www.cote-mas.fr\\\/wp-content\\\/uploads\\\/2021\\\/07\\\/Logo-cote-mas-seul-copie-2.png\",\"contentUrl\":\"https:\\\/\\\/www.cote-mas.fr\\\/wp-content\\\/uploads\\\/2021\\\/07\\\/Logo-cote-mas-seul-copie-2.png\",\"width\":487,\"height\":114,\"caption\":\"C\u00f4t\u00e9 Mas\"},\"image\":{\"@id\":\"https:\\\/\\\/www.cote-mas.fr\\\/#\\\/schema\\\/logo\\\/image\\\/\"},\"sameAs\":[\"https:\\\/\\\/www.facebook.com\\\/Cote.Mas\",\"https:\\\/\\\/www.instagram.com\\\/cotemas\\\/\"]},{\"@type\":\"Person\",\"@id\":\"https:\\\/\\\/www.cote-mas.fr\\\/#\\\/schema\\\/person\\\/a28d00bbf357e9c0b83b06c9f45e3894\",\"name\":\"Amandine Nelson\",\"image\":{\"@type\":\"ImageObject\",\"inLanguage\":\"en-US\",\"@id\":\"https:\\\/\\\/secure.gravatar.com\\\/avatar\\\/a59444e62f2377ad3d242270a9354ca685acc8491de224a8986182c58a425529?s=96&d=mm&r=g\",\"url\":\"https:\\\/\\\/secure.gravatar.com\\\/avatar\\\/a59444e62f2377ad3d242270a9354ca685acc8491de224a8986182c58a425529?s=96&d=mm&r=g\",\"contentUrl\":\"https:\\\/\\\/secure.gravatar.com\\\/avatar\\\/a59444e62f2377ad3d242270a9354ca685acc8491de224a8986182c58a425529?s=96&d=mm&r=g\",\"caption\":\"Amandine Nelson\"},\"url\":\"https:\\\/\\\/www.cote-mas.fr\\\/en\\\/author\\\/anelson\\\/\"}]}<\/script>\n<!-- \/ Yoast SEO plugin. -->","yoast_head_json":{"title":"Jazz and old vintages evening 2023 - C\u00f4t\u00e9 Mas","description":"C\u00f4t\u00e9 Mas restaurant is offering its \u201cMENU CONFIANCE\u201d complemented by a Jazz live concert with some of the best of Domaines Paul Mas old vintages. A subtle combination of food, wine, and music.","robots":{"index":"index","follow":"follow","max-snippet":"max-snippet:-1","max-image-preview":"max-image-preview:large","max-video-preview":"max-video-preview:-1"},"canonical":"https:\/\/www.cote-mas.fr\/en\/jazz-and-old-vintages-evening-2023\/","og_locale":"en_US","og_type":"article","og_title":"Jazz and old vintages evening 2023 - C\u00f4t\u00e9 Mas","og_description":"C\u00f4t\u00e9 Mas restaurant is offering its \u201cMENU CONFIANCE\u201d complemented by a Jazz live concert with some of the best of Domaines Paul Mas old vintages. A subtle combination of food, wine, and music.","og_url":"https:\/\/www.cote-mas.fr\/en\/jazz-and-old-vintages-evening-2023\/","og_site_name":"C\u00f4t\u00e9 Mas","article_publisher":"https:\/\/www.facebook.com\/Cote.Mas","article_published_time":"2023-06-02T08:51:12+00:00","article_modified_time":"2023-06-08T13:34:45+00:00","og_image":[{"width":800,"height":600,"url":"https:\/\/www.cote-mas.fr\/wp-content\/uploads\/2023\/06\/Soirees-Jazz-2022-Format-article-Web.jpg","type":"image\/jpeg"}],"author":"Amandine Nelson","twitter_card":"summary_large_image","twitter_misc":{"Written by":"Amandine Nelson","Est. reading time":"4 minutes"},"schema":{"@context":"https:\/\/schema.org","@graph":[{"@type":"Article","@id":"https:\/\/www.cote-mas.fr\/en\/jazz-and-old-vintages-evening-2023\/#article","isPartOf":{"@id":"https:\/\/www.cote-mas.fr\/en\/jazz-and-old-vintages-evening-2023\/"},"author":{"name":"Amandine Nelson","@id":"https:\/\/www.cote-mas.fr\/#\/schema\/person\/a28d00bbf357e9c0b83b06c9f45e3894"},"headline":"Jazz and old vintages evening 2023","datePublished":"2023-06-02T08:51:12+00:00","dateModified":"2023-06-08T13:34:45+00:00","mainEntityOfPage":{"@id":"https:\/\/www.cote-mas.fr\/en\/jazz-and-old-vintages-evening-2023\/"},"wordCount":795,"publisher":{"@id":"https:\/\/www.cote-mas.fr\/#organization"},"image":{"@id":"https:\/\/www.cote-mas.fr\/en\/jazz-and-old-vintages-evening-2023\/#primaryimage"},"thumbnailUrl":"https:\/\/www.cote-mas.fr\/wp-content\/uploads\/2023\/06\/Soirees-Jazz-2022-Format-article-Web.jpg","articleSection":["Event"],"inLanguage":"en-US"},{"@type":"WebPage","@id":"https:\/\/www.cote-mas.fr\/en\/jazz-and-old-vintages-evening-2023\/","url":"https:\/\/www.cote-mas.fr\/en\/jazz-and-old-vintages-evening-2023\/","name":"Jazz and old vintages evening 2023 - C\u00f4t\u00e9 Mas","isPartOf":{"@id":"https:\/\/www.cote-mas.fr\/#website"},"primaryImageOfPage":{"@id":"https:\/\/www.cote-mas.fr\/en\/jazz-and-old-vintages-evening-2023\/#primaryimage"},"image":{"@id":"https:\/\/www.cote-mas.fr\/en\/jazz-and-old-vintages-evening-2023\/#primaryimage"},"thumbnailUrl":"https:\/\/www.cote-mas.fr\/wp-content\/uploads\/2023\/06\/Soirees-Jazz-2022-Format-article-Web.jpg","datePublished":"2023-06-02T08:51:12+00:00","dateModified":"2023-06-08T13:34:45+00:00","description":"C\u00f4t\u00e9 Mas restaurant is offering its \u201cMENU CONFIANCE\u201d complemented by a Jazz live concert with some of the best of Domaines Paul Mas old vintages. A subtle combination of food, wine, and music.","breadcrumb":{"@id":"https:\/\/www.cote-mas.fr\/en\/jazz-and-old-vintages-evening-2023\/#breadcrumb"},"inLanguage":"en-US","potentialAction":[{"@type":"ReadAction","target":["https:\/\/www.cote-mas.fr\/en\/jazz-and-old-vintages-evening-2023\/"]}]},{"@type":"ImageObject","inLanguage":"en-US","@id":"https:\/\/www.cote-mas.fr\/en\/jazz-and-old-vintages-evening-2023\/#primaryimage","url":"https:\/\/www.cote-mas.fr\/wp-content\/uploads\/2023\/06\/Soirees-Jazz-2022-Format-article-Web.jpg","contentUrl":"https:\/\/www.cote-mas.fr\/wp-content\/uploads\/2023\/06\/Soirees-Jazz-2022-Format-article-Web.jpg","width":800,"height":600},{"@type":"BreadcrumbList","@id":"https:\/\/www.cote-mas.fr\/en\/jazz-and-old-vintages-evening-2023\/#breadcrumb","itemListElement":[{"@type":"ListItem","position":1,"name":"Accueil","item":"https:\/\/www.cote-mas.fr\/en\/"},{"@type":"ListItem","position":2,"name":"Jazz and old vintages evening 2023"}]},{"@type":"WebSite","@id":"https:\/\/www.cote-mas.fr\/#website","url":"https:\/\/www.cote-mas.fr\/","name":"C\u00f4t\u00e9 Mas","description":"Le restaurant des Domaines Paul Mas \u00e0 Montagnac en Languedoc","publisher":{"@id":"https:\/\/www.cote-mas.fr\/#organization"},"potentialAction":[{"@type":"SearchAction","target":{"@type":"EntryPoint","urlTemplate":"https:\/\/www.cote-mas.fr\/?s={search_term_string}"},"query-input":{"@type":"PropertyValueSpecification","valueRequired":true,"valueName":"search_term_string"}}],"inLanguage":"en-US"},{"@type":"Organization","@id":"https:\/\/www.cote-mas.fr\/#organization","name":"C\u00f4t\u00e9 Mas","url":"https:\/\/www.cote-mas.fr\/","logo":{"@type":"ImageObject","inLanguage":"en-US","@id":"https:\/\/www.cote-mas.fr\/#\/schema\/logo\/image\/","url":"https:\/\/www.cote-mas.fr\/wp-content\/uploads\/2021\/07\/Logo-cote-mas-seul-copie-2.png","contentUrl":"https:\/\/www.cote-mas.fr\/wp-content\/uploads\/2021\/07\/Logo-cote-mas-seul-copie-2.png","width":487,"height":114,"caption":"C\u00f4t\u00e9 Mas"},"image":{"@id":"https:\/\/www.cote-mas.fr\/#\/schema\/logo\/image\/"},"sameAs":["https:\/\/www.facebook.com\/Cote.Mas","https:\/\/www.instagram.com\/cotemas\/"]},{"@type":"Person","@id":"https:\/\/www.cote-mas.fr\/#\/schema\/person\/a28d00bbf357e9c0b83b06c9f45e3894","name":"Amandine Nelson","image":{"@type":"ImageObject","inLanguage":"en-US","@id":"https:\/\/secure.gravatar.com\/avatar\/a59444e62f2377ad3d242270a9354ca685acc8491de224a8986182c58a425529?s=96&d=mm&r=g","url":"https:\/\/secure.gravatar.com\/avatar\/a59444e62f2377ad3d242270a9354ca685acc8491de224a8986182c58a425529?s=96&d=mm&r=g","contentUrl":"https:\/\/secure.gravatar.com\/avatar\/a59444e62f2377ad3d242270a9354ca685acc8491de224a8986182c58a425529?s=96&d=mm&r=g","caption":"Amandine Nelson"},"url":"https:\/\/www.cote-mas.fr\/en\/author\/anelson\/"}]}},"_links":{"self":[{"href":"https:\/\/www.cote-mas.fr\/en\/wp-json\/wp\/v2\/posts\/11309","targetHints":{"allow":["GET"]}}],"collection":[{"href":"https:\/\/www.cote-mas.fr\/en\/wp-json\/wp\/v2\/posts"}],"about":[{"href":"https:\/\/www.cote-mas.fr\/en\/wp-json\/wp\/v2\/types\/post"}],"author":[{"embeddable":true,"href":"https:\/\/www.cote-mas.fr\/en\/wp-json\/wp\/v2\/users\/43"}],"replies":[{"embeddable":true,"href":"https:\/\/www.cote-mas.fr\/en\/wp-json\/wp\/v2\/comments?post=11309"}],"version-history":[{"count":4,"href":"https:\/\/www.cote-mas.fr\/en\/wp-json\/wp\/v2\/posts\/11309\/revisions"}],"predecessor-version":[{"id":11333,"href":"https:\/\/www.cote-mas.fr\/en\/wp-json\/wp\/v2\/posts\/11309\/revisions\/11333"}],"wp:featuredmedia":[{"embeddable":true,"href":"https:\/\/www.cote-mas.fr\/en\/wp-json\/wp\/v2\/media\/11305"}],"wp:attachment":[{"href":"https:\/\/www.cote-mas.fr\/en\/wp-json\/wp\/v2\/media?parent=11309"}],"wp:term":[{"taxonomy":"category","embeddable":true,"href":"https:\/\/www.cote-mas.fr\/en\/wp-json\/wp\/v2\/categories?post=11309"},{"taxonomy":"post_tag","embeddable":true,"href":"https:\/\/www.cote-mas.fr\/en\/wp-json\/wp\/v2\/tags?post=11309"}],"curies":[{"name":"wp","href":"https:\/\/api.w.org\/{rel}","templated":true}]}}