{"id":11277,"date":"2023-06-01T09:49:57","date_gmt":"2023-06-01T08:49:57","guid":{"rendered":"https:\/\/www.cote-mas.fr\/garden-party-2023\/"},"modified":"2023-06-08T14:42:00","modified_gmt":"2023-06-08T13:42:00","slug":"garden-party-2023","status":"publish","type":"post","link":"https:\/\/www.cote-mas.fr\/en\/garden-party-2023\/","title":{"rendered":"Garden Party 2023"},"content":{"rendered":"<p>[et_pb_section fb_built=&#8221;1&#8243; _builder_version=&#8221;4.16&#8243; global_colors_info=&#8221;{}&#8221;][et_pb_row _builder_version=&#8221;4.16&#8243; _module_preset=&#8221;default&#8221; global_colors_info=&#8221;{}&#8221;][et_pb_column type=&#8221;4_4&#8243; _builder_version=&#8221;4.16&#8243; _module_preset=&#8221;default&#8221; global_colors_info=&#8221;{}&#8221;][et_pb_image src=&#8221;https:\/\/www.cote-mas.fr\/wp-content\/uploads\/2023\/06\/Animation-Cote-Mas-2023.gif&#8221; title_text=&#8221;Animation C\u00f4t\u00e9 Mas 2023&#8243; align=&#8221;center&#8221; _builder_version=&#8221;4.21.0&#8243; _module_preset=&#8221;default&#8221; hover_enabled=&#8221;0&#8243; global_colors_info=&#8221;{}&#8221; sticky_enabled=&#8221;0&#8243;][\/et_pb_image][\/et_pb_column][\/et_pb_row][\/et_pb_section][et_pb_section fb_built=&#8221;1&#8243; custom_padding_last_edited=&#8221;on|desktop&#8221; admin_label=&#8221;section&#8221; _builder_version=&#8221;4.16&#8243; background_color=&#8221;#cfc6be&#8221; custom_padding_tablet=&#8221;50px|0|50px|0&#8243; custom_padding_phone=&#8221;&#8221; transparent_background=&#8221;off&#8221; padding_mobile=&#8221;off&#8221; make_fullwidth=&#8221;off&#8221; use_custom_width=&#8221;off&#8221; width_unit=&#8221;on&#8221; global_colors_info=&#8221;{}&#8221;][et_pb_row _builder_version=&#8221;4.21.0&#8243; _module_preset=&#8221;default&#8221; global_colors_info=&#8221;{}&#8221;][et_pb_column type=&#8221;4_4&#8243; _builder_version=&#8221;4.21.0&#8243; _module_preset=&#8221;default&#8221; global_colors_info=&#8221;{}&#8221;][et_pb_text _builder_version=&#8221;4.21.0&#8243; _module_preset=&#8221;default&#8221; header_font=&#8221;|||||on|||&#8221; header_font_size=&#8221;39px&#8221; custom_margin=&#8221;72px|||||&#8221; global_colors_info=&#8221;{}&#8221;]<\/p>\n<h1 style=\"text-align: center;\">Garden party at Domaines Paul Mas 2023<\/h1>\n<p>[\/et_pb_text][\/et_pb_column][\/et_pb_row][et_pb_row column_structure=&#8221;1_2,1_2&#8243; admin_label=&#8221;row&#8221; _builder_version=&#8221;4.16&#8243; background_size=&#8221;initial&#8221; background_position=&#8221;top_left&#8221; background_repeat=&#8221;repeat&#8221; global_colors_info=&#8221;{}&#8221;][et_pb_column type=&#8221;1_2&#8243; _builder_version=&#8221;4.16&#8243; custom_padding=&#8221;|||&#8221; global_colors_info=&#8221;{}&#8221; custom_padding__hover=&#8221;|||&#8221;][et_pb_image src=&#8221;https:\/\/www.cote-mas.fr\/wp-content\/uploads\/2023\/05\/Graden-Party-Cote-Mas-Domaines-Paul-Mas-2023-1.jpg&#8221; title_text=&#8221;Graden Party C\u00f4t\u00e9 Mas Domaines Paul Mas 2023&#8243; _builder_version=&#8221;4.21.0&#8243; _module_preset=&#8221;default&#8221; background_color=&#8221;#193952&#8243; custom_margin=&#8221;59px|||||&#8221; border_width_all=&#8221;3px&#8221; border_color_all=&#8221;#000000&#8243; box_shadow_style=&#8221;preset2&#8243; global_colors_info=&#8221;{}&#8221;][\/et_pb_image][\/et_pb_column][et_pb_column type=&#8221;1_2&#8243; _builder_version=&#8221;4.16&#8243; custom_padding=&#8221;|||&#8221; global_colors_info=&#8221;{}&#8221; custom_padding__hover=&#8221;|||&#8221;][et_pb_text admin_label=&#8221;Text&#8221; _builder_version=&#8221;4.21.0&#8243; background_size=&#8221;initial&#8221; background_position=&#8221;top_left&#8221; background_repeat=&#8221;repeat&#8221; custom_padding=&#8221;71px|||||&#8221; locked=&#8221;off&#8221; global_colors_info=&#8221;{}&#8221;]<\/p>\n<h1 style=\"text-align: justify;\">Garden party at Domaines Paul Mas 2023<\/h1>\n<p style=\"text-align: justify;\">\n<p style=\"text-align: justify;\"><strong>Come and enjoy a pleasant evening in the olive grove in the heart of Ch\u00e2teau Paul Mas. Let yourself be carried away by the live music and taste the wines of the Domaine.<\/strong><\/p>\n<p style=\"text-align: justify;\"><strong>FREE admission, no booking required!<\/strong><\/p>\n<h2 style=\"text-align: justify;\">On Thursdays, from 7pm<\/h2>\n<ul style=\"text-align: justify;\">\n<li>June 29<\/li>\n<li>July 13<\/li>\n<li>August 10<\/li>\n<li>August 24<\/li>\n<\/ul>\n<p style=\"text-align: justify;\">To pay, we use a token system. You can buy tokens throughout the evening and use them to pay for your purchases of drinks and tapas.<\/p>\n<p style=\"text-align: justify;\">Presale of tokens at the reception of the Caveau-Restaurant, Monday or Saturday from 10 a.m. to 6 p.m.<\/p>\n<p style=\"text-align: justify;\">[\/et_pb_text][et_pb_divider _builder_version=&#8221;4.16&#8243; _module_preset=&#8221;default&#8221; global_colors_info=&#8221;{}&#8221;][\/et_pb_divider][et_pb_text admin_label=&#8221;Text&#8221; _builder_version=&#8221;4.21.0&#8243; background_size=&#8221;initial&#8221; background_position=&#8221;top_left&#8221; background_repeat=&#8221;repeat&#8221; custom_padding=&#8221;7px|||||&#8221; global_colors_info=&#8221;{}&#8221;]<\/p>\n<h2>Garden Party \u2013 VIP<\/h2>\n<p><strong>Live the Garden Party differently from the patio of the Restaurant C\u00d4T\u00c9 MAS.<\/strong><\/p>\n<p>CHEF\u2019S TAPAS \u2013 59\u20ac\/ person (drinks not included)<\/p>\n<p>A glass of sparkling offer !<\/p>\n<p>[\/et_pb_text][\/et_pb_column][\/et_pb_row][et_pb_row _builder_version=&#8221;4.21.0&#8243; _module_preset=&#8221;default&#8221; global_colors_info=&#8221;{}&#8221;][et_pb_column type=&#8221;4_4&#8243; _builder_version=&#8221;4.21.0&#8243; _module_preset=&#8221;default&#8221; global_colors_info=&#8221;{}&#8221;][et_pb_divider _builder_version=&#8221;4.16&#8243; _module_preset=&#8221;default&#8221; locked=&#8221;off&#8221; global_colors_info=&#8221;{}&#8221;][\/et_pb_divider][et_pb_text admin_label=&#8221;Text&#8221; _builder_version=&#8221;4.21.0&#8243; background_size=&#8221;initial&#8221; background_position=&#8221;top_left&#8221; background_repeat=&#8221;repeat&#8221; width=&#8221;75%&#8221; module_alignment=&#8221;center&#8221; custom_margin=&#8221;-45px|||||&#8221; custom_padding=&#8221;7px|||||&#8221; locked=&#8221;off&#8221; global_colors_info=&#8221;{}&#8221;]<\/p>\n<p><em>Subscribe to our newsletter or follow us on social media to know about our events, special days, promotional offers.<\/em><\/p>\n<p>[\/et_pb_text][et_pb_button button_url=&#8221;https:\/\/www.cote-mas.fr\/en\/?page_id=8474&#8243; url_new_window=&#8221;on&#8221; button_text=&#8221;Subscribe&#8221; button_alignment=&#8221;center&#8221; _builder_version=&#8221;4.16&#8243; _module_preset=&#8221;default&#8221; custom_button=&#8221;on&#8221; button_text_color=&#8221;#5F504D&#8221; button_bg_color=&#8221;RGBA(255,255,255,0)&#8221; button_border_color=&#8221;#5F504D&#8221; custom_margin=&#8221;0px||||false|false&#8221; locked=&#8221;off&#8221; global_colors_info=&#8221;{}&#8221;][\/et_pb_button][et_pb_social_media_follow _builder_version=&#8221;4.16&#8243; _module_preset=&#8221;default&#8221; text_orientation=&#8221;center&#8221; module_alignment=&#8221;center&#8221; custom_margin=&#8221;0px||||false|false&#8221; custom_padding=&#8221;0px|||||&#8221; locked=&#8221;off&#8221; global_colors_info=&#8221;{}&#8221;][et_pb_social_media_follow_network social_network=&#8221;instagram&#8221; url=&#8221;https:\/\/www.instagram.com\/cotemas\/&#8221; use_icon_font_size=&#8221;on&#8221; icon_font_size=&#8221;39px&#8221; _builder_version=&#8221;4.16&#8243; _module_preset=&#8221;default&#8221; background_color=&#8221;#5f504d&#8221; background_enable_color=&#8221;on&#8221; custom_button=&#8221;on&#8221; button_text_size=&#8221;12px&#8221; button_bg_color=&#8221;#5f504d&#8221; button_border_color=&#8221;#5f504d&#8221; button_border_radius=&#8221;9px&#8221; transform_scale=&#8221;82%|82%&#8221; border_radii=&#8221;on|40px|40px|40px|40px&#8221; global_colors_info=&#8221;{}&#8221; follow_button=&#8221;off&#8221; url_new_window=&#8221;on&#8221;]instagram[\/et_pb_social_media_follow_network][et_pb_social_media_follow_network social_network=&#8221;facebook&#8221; url=&#8221;https:\/\/www.facebook.com\/Cote.Mas&#8221; use_icon_font_size=&#8221;on&#8221; icon_font_size=&#8221;39px&#8221; _builder_version=&#8221;4.16&#8243; _module_preset=&#8221;default&#8221; background_color=&#8221;#5f504d&#8221; background_enable_color=&#8221;on&#8221; custom_button=&#8221;on&#8221; button_text_size=&#8221;12px&#8221; button_bg_color=&#8221;#5f504d&#8221; button_border_color=&#8221;#5f504d&#8221; button_border_radius=&#8221;9px&#8221; transform_scale=&#8221;82%|82%&#8221; border_radii=&#8221;on|40px|40px|40px|40px&#8221; global_colors_info=&#8221;{}&#8221; follow_button=&#8221;off&#8221; url_new_window=&#8221;on&#8221;]facebook[\/et_pb_social_media_follow_network][\/et_pb_social_media_follow][\/et_pb_column][\/et_pb_row][\/et_pb_section]<\/p>\n","protected":false},"excerpt":{"rendered":"<p>Garden party at Domaines Paul Mas 2023Garden party at Domaines Paul Mas 2023 Come and enjoy a pleasant evening in the olive grove in the heart of Ch\u00e2teau Paul Mas. Let yourself be carried away by the live music and taste the wines of the Domaine. FREE admission, no booking required! On Thursdays, from 7pm [&hellip;]<\/p>\n","protected":false},"author":43,"featured_media":11271,"comment_status":"closed","ping_status":"closed","sticky":false,"template":"","format":"standard","meta":{"_et_pb_use_builder":"on","_et_pb_old_content":"","_et_gb_content_width":"","footnotes":""},"categories":[37],"tags":[],"class_list":["post-11277","post","type-post","status-publish","format-standard","has-post-thumbnail","hentry","category-event"],"yoast_head":"<!-- This site is optimized with the Yoast SEO plugin v27.4 - https:\/\/yoast.com\/product\/yoast-seo-wordpress\/ -->\n<title>Garden Party 2023 - Domaines Paul Mas<\/title>\n<meta name=\"description\" content=\"Come and enjoy a pleasant evening in the olive grove in the heart of Ch\u00e2teau Paul Mas. Let yourself be carried away by the live music and taste the wines of the Domaine.\" \/>\n<meta name=\"robots\" content=\"index, follow, max-snippet:-1, max-image-preview:large, max-video-preview:-1\" \/>\n<link rel=\"canonical\" href=\"https:\/\/www.cote-mas.fr\/en\/garden-party-2023\/\" \/>\n<meta property=\"og:locale\" content=\"en_US\" \/>\n<meta property=\"og:type\" content=\"article\" \/>\n<meta property=\"og:title\" content=\"Garden Party 2023 - Domaines Paul Mas\" \/>\n<meta property=\"og:description\" content=\"Come and enjoy a pleasant evening in the olive grove in the heart of Ch\u00e2teau Paul Mas. Let yourself be carried away by the live music and taste the wines of the Domaine.\" \/>\n<meta property=\"og:url\" content=\"https:\/\/www.cote-mas.fr\/en\/garden-party-2023\/\" \/>\n<meta property=\"og:site_name\" content=\"C\u00f4t\u00e9 Mas\" \/>\n<meta property=\"article:publisher\" content=\"https:\/\/www.facebook.com\/Cote.Mas\" \/>\n<meta property=\"article:published_time\" content=\"2023-06-01T08:49:57+00:00\" \/>\n<meta property=\"article:modified_time\" content=\"2023-06-08T13:42:00+00:00\" \/>\n<meta property=\"og:image\" content=\"https:\/\/www.cote-mas.fr\/wp-content\/uploads\/2023\/05\/Graden-Party-2023-Cote-Mas-Domaines-Paul-Mas.jpg\" \/>\n\t<meta property=\"og:image:width\" content=\"400\" \/>\n\t<meta property=\"og:image:height\" content=\"200\" \/>\n\t<meta property=\"og:image:type\" content=\"image\/jpeg\" \/>\n<meta name=\"author\" content=\"Amandine Nelson\" \/>\n<meta name=\"twitter:card\" content=\"summary_large_image\" \/>\n<meta name=\"twitter:label1\" content=\"Written by\" \/>\n\t<meta name=\"twitter:data1\" content=\"Amandine Nelson\" \/>\n\t<meta name=\"twitter:label2\" content=\"Est. reading time\" \/>\n\t<meta name=\"twitter:data2\" content=\"4 minutes\" \/>\n<script type=\"application\/ld+json\" class=\"yoast-schema-graph\">{\"@context\":\"https:\\\/\\\/schema.org\",\"@graph\":[{\"@type\":\"Article\",\"@id\":\"https:\\\/\\\/www.cote-mas.fr\\\/en\\\/garden-party-2023\\\/#article\",\"isPartOf\":{\"@id\":\"https:\\\/\\\/www.cote-mas.fr\\\/en\\\/garden-party-2023\\\/\"},\"author\":{\"name\":\"Amandine Nelson\",\"@id\":\"https:\\\/\\\/www.cote-mas.fr\\\/#\\\/schema\\\/person\\\/a28d00bbf357e9c0b83b06c9f45e3894\"},\"headline\":\"Garden Party 2023\",\"datePublished\":\"2023-06-01T08:49:57+00:00\",\"dateModified\":\"2023-06-08T13:42:00+00:00\",\"mainEntityOfPage\":{\"@id\":\"https:\\\/\\\/www.cote-mas.fr\\\/en\\\/garden-party-2023\\\/\"},\"wordCount\":855,\"publisher\":{\"@id\":\"https:\\\/\\\/www.cote-mas.fr\\\/#organization\"},\"image\":{\"@id\":\"https:\\\/\\\/www.cote-mas.fr\\\/en\\\/garden-party-2023\\\/#primaryimage\"},\"thumbnailUrl\":\"https:\\\/\\\/www.cote-mas.fr\\\/wp-content\\\/uploads\\\/2023\\\/05\\\/Graden-Party-2023-Cote-Mas-Domaines-Paul-Mas.jpg\",\"articleSection\":[\"Event\"],\"inLanguage\":\"en-US\"},{\"@type\":\"WebPage\",\"@id\":\"https:\\\/\\\/www.cote-mas.fr\\\/en\\\/garden-party-2023\\\/\",\"url\":\"https:\\\/\\\/www.cote-mas.fr\\\/en\\\/garden-party-2023\\\/\",\"name\":\"Garden Party 2023 - Domaines Paul Mas\",\"isPartOf\":{\"@id\":\"https:\\\/\\\/www.cote-mas.fr\\\/#website\"},\"primaryImageOfPage\":{\"@id\":\"https:\\\/\\\/www.cote-mas.fr\\\/en\\\/garden-party-2023\\\/#primaryimage\"},\"image\":{\"@id\":\"https:\\\/\\\/www.cote-mas.fr\\\/en\\\/garden-party-2023\\\/#primaryimage\"},\"thumbnailUrl\":\"https:\\\/\\\/www.cote-mas.fr\\\/wp-content\\\/uploads\\\/2023\\\/05\\\/Graden-Party-2023-Cote-Mas-Domaines-Paul-Mas.jpg\",\"datePublished\":\"2023-06-01T08:49:57+00:00\",\"dateModified\":\"2023-06-08T13:42:00+00:00\",\"description\":\"Come and enjoy a pleasant evening in the olive grove in the heart of Ch\u00e2teau Paul Mas. Let yourself be carried away by the live music and taste the wines of the Domaine.\",\"breadcrumb\":{\"@id\":\"https:\\\/\\\/www.cote-mas.fr\\\/en\\\/garden-party-2023\\\/#breadcrumb\"},\"inLanguage\":\"en-US\",\"potentialAction\":[{\"@type\":\"ReadAction\",\"target\":[\"https:\\\/\\\/www.cote-mas.fr\\\/en\\\/garden-party-2023\\\/\"]}]},{\"@type\":\"ImageObject\",\"inLanguage\":\"en-US\",\"@id\":\"https:\\\/\\\/www.cote-mas.fr\\\/en\\\/garden-party-2023\\\/#primaryimage\",\"url\":\"https:\\\/\\\/www.cote-mas.fr\\\/wp-content\\\/uploads\\\/2023\\\/05\\\/Graden-Party-2023-Cote-Mas-Domaines-Paul-Mas.jpg\",\"contentUrl\":\"https:\\\/\\\/www.cote-mas.fr\\\/wp-content\\\/uploads\\\/2023\\\/05\\\/Graden-Party-2023-Cote-Mas-Domaines-Paul-Mas.jpg\",\"width\":400,\"height\":200},{\"@type\":\"BreadcrumbList\",\"@id\":\"https:\\\/\\\/www.cote-mas.fr\\\/en\\\/garden-party-2023\\\/#breadcrumb\",\"itemListElement\":[{\"@type\":\"ListItem\",\"position\":1,\"name\":\"Accueil\",\"item\":\"https:\\\/\\\/www.cote-mas.fr\\\/en\\\/\"},{\"@type\":\"ListItem\",\"position\":2,\"name\":\"Garden Party 2023\"}]},{\"@type\":\"WebSite\",\"@id\":\"https:\\\/\\\/www.cote-mas.fr\\\/#website\",\"url\":\"https:\\\/\\\/www.cote-mas.fr\\\/\",\"name\":\"C\u00f4t\u00e9 Mas\",\"description\":\"Le restaurant des Domaines Paul Mas \u00e0 Montagnac en Languedoc\",\"publisher\":{\"@id\":\"https:\\\/\\\/www.cote-mas.fr\\\/#organization\"},\"potentialAction\":[{\"@type\":\"SearchAction\",\"target\":{\"@type\":\"EntryPoint\",\"urlTemplate\":\"https:\\\/\\\/www.cote-mas.fr\\\/?s={search_term_string}\"},\"query-input\":{\"@type\":\"PropertyValueSpecification\",\"valueRequired\":true,\"valueName\":\"search_term_string\"}}],\"inLanguage\":\"en-US\"},{\"@type\":\"Organization\",\"@id\":\"https:\\\/\\\/www.cote-mas.fr\\\/#organization\",\"name\":\"C\u00f4t\u00e9 Mas\",\"url\":\"https:\\\/\\\/www.cote-mas.fr\\\/\",\"logo\":{\"@type\":\"ImageObject\",\"inLanguage\":\"en-US\",\"@id\":\"https:\\\/\\\/www.cote-mas.fr\\\/#\\\/schema\\\/logo\\\/image\\\/\",\"url\":\"https:\\\/\\\/www.cote-mas.fr\\\/wp-content\\\/uploads\\\/2021\\\/07\\\/Logo-cote-mas-seul-copie-2.png\",\"contentUrl\":\"https:\\\/\\\/www.cote-mas.fr\\\/wp-content\\\/uploads\\\/2021\\\/07\\\/Logo-cote-mas-seul-copie-2.png\",\"width\":487,\"height\":114,\"caption\":\"C\u00f4t\u00e9 Mas\"},\"image\":{\"@id\":\"https:\\\/\\\/www.cote-mas.fr\\\/#\\\/schema\\\/logo\\\/image\\\/\"},\"sameAs\":[\"https:\\\/\\\/www.facebook.com\\\/Cote.Mas\",\"https:\\\/\\\/www.instagram.com\\\/cotemas\\\/\"]},{\"@type\":\"Person\",\"@id\":\"https:\\\/\\\/www.cote-mas.fr\\\/#\\\/schema\\\/person\\\/a28d00bbf357e9c0b83b06c9f45e3894\",\"name\":\"Amandine Nelson\",\"image\":{\"@type\":\"ImageObject\",\"inLanguage\":\"en-US\",\"@id\":\"https:\\\/\\\/secure.gravatar.com\\\/avatar\\\/a59444e62f2377ad3d242270a9354ca685acc8491de224a8986182c58a425529?s=96&d=mm&r=g\",\"url\":\"https:\\\/\\\/secure.gravatar.com\\\/avatar\\\/a59444e62f2377ad3d242270a9354ca685acc8491de224a8986182c58a425529?s=96&d=mm&r=g\",\"contentUrl\":\"https:\\\/\\\/secure.gravatar.com\\\/avatar\\\/a59444e62f2377ad3d242270a9354ca685acc8491de224a8986182c58a425529?s=96&d=mm&r=g\",\"caption\":\"Amandine Nelson\"},\"url\":\"https:\\\/\\\/www.cote-mas.fr\\\/en\\\/author\\\/anelson\\\/\"}]}<\/script>\n<!-- \/ Yoast SEO plugin. -->","yoast_head_json":{"title":"Garden Party 2023 - Domaines Paul Mas","description":"Come and enjoy a pleasant evening in the olive grove in the heart of Ch\u00e2teau Paul Mas. Let yourself be carried away by the live music and taste the wines of the Domaine.","robots":{"index":"index","follow":"follow","max-snippet":"max-snippet:-1","max-image-preview":"max-image-preview:large","max-video-preview":"max-video-preview:-1"},"canonical":"https:\/\/www.cote-mas.fr\/en\/garden-party-2023\/","og_locale":"en_US","og_type":"article","og_title":"Garden Party 2023 - Domaines Paul Mas","og_description":"Come and enjoy a pleasant evening in the olive grove in the heart of Ch\u00e2teau Paul Mas. Let yourself be carried away by the live music and taste the wines of the Domaine.","og_url":"https:\/\/www.cote-mas.fr\/en\/garden-party-2023\/","og_site_name":"C\u00f4t\u00e9 Mas","article_publisher":"https:\/\/www.facebook.com\/Cote.Mas","article_published_time":"2023-06-01T08:49:57+00:00","article_modified_time":"2023-06-08T13:42:00+00:00","og_image":[{"width":400,"height":200,"url":"https:\/\/www.cote-mas.fr\/wp-content\/uploads\/2023\/05\/Graden-Party-2023-Cote-Mas-Domaines-Paul-Mas.jpg","type":"image\/jpeg"}],"author":"Amandine Nelson","twitter_card":"summary_large_image","twitter_misc":{"Written by":"Amandine Nelson","Est. reading time":"4 minutes"},"schema":{"@context":"https:\/\/schema.org","@graph":[{"@type":"Article","@id":"https:\/\/www.cote-mas.fr\/en\/garden-party-2023\/#article","isPartOf":{"@id":"https:\/\/www.cote-mas.fr\/en\/garden-party-2023\/"},"author":{"name":"Amandine Nelson","@id":"https:\/\/www.cote-mas.fr\/#\/schema\/person\/a28d00bbf357e9c0b83b06c9f45e3894"},"headline":"Garden Party 2023","datePublished":"2023-06-01T08:49:57+00:00","dateModified":"2023-06-08T13:42:00+00:00","mainEntityOfPage":{"@id":"https:\/\/www.cote-mas.fr\/en\/garden-party-2023\/"},"wordCount":855,"publisher":{"@id":"https:\/\/www.cote-mas.fr\/#organization"},"image":{"@id":"https:\/\/www.cote-mas.fr\/en\/garden-party-2023\/#primaryimage"},"thumbnailUrl":"https:\/\/www.cote-mas.fr\/wp-content\/uploads\/2023\/05\/Graden-Party-2023-Cote-Mas-Domaines-Paul-Mas.jpg","articleSection":["Event"],"inLanguage":"en-US"},{"@type":"WebPage","@id":"https:\/\/www.cote-mas.fr\/en\/garden-party-2023\/","url":"https:\/\/www.cote-mas.fr\/en\/garden-party-2023\/","name":"Garden Party 2023 - Domaines Paul Mas","isPartOf":{"@id":"https:\/\/www.cote-mas.fr\/#website"},"primaryImageOfPage":{"@id":"https:\/\/www.cote-mas.fr\/en\/garden-party-2023\/#primaryimage"},"image":{"@id":"https:\/\/www.cote-mas.fr\/en\/garden-party-2023\/#primaryimage"},"thumbnailUrl":"https:\/\/www.cote-mas.fr\/wp-content\/uploads\/2023\/05\/Graden-Party-2023-Cote-Mas-Domaines-Paul-Mas.jpg","datePublished":"2023-06-01T08:49:57+00:00","dateModified":"2023-06-08T13:42:00+00:00","description":"Come and enjoy a pleasant evening in the olive grove in the heart of Ch\u00e2teau Paul Mas. Let yourself be carried away by the live music and taste the wines of the Domaine.","breadcrumb":{"@id":"https:\/\/www.cote-mas.fr\/en\/garden-party-2023\/#breadcrumb"},"inLanguage":"en-US","potentialAction":[{"@type":"ReadAction","target":["https:\/\/www.cote-mas.fr\/en\/garden-party-2023\/"]}]},{"@type":"ImageObject","inLanguage":"en-US","@id":"https:\/\/www.cote-mas.fr\/en\/garden-party-2023\/#primaryimage","url":"https:\/\/www.cote-mas.fr\/wp-content\/uploads\/2023\/05\/Graden-Party-2023-Cote-Mas-Domaines-Paul-Mas.jpg","contentUrl":"https:\/\/www.cote-mas.fr\/wp-content\/uploads\/2023\/05\/Graden-Party-2023-Cote-Mas-Domaines-Paul-Mas.jpg","width":400,"height":200},{"@type":"BreadcrumbList","@id":"https:\/\/www.cote-mas.fr\/en\/garden-party-2023\/#breadcrumb","itemListElement":[{"@type":"ListItem","position":1,"name":"Accueil","item":"https:\/\/www.cote-mas.fr\/en\/"},{"@type":"ListItem","position":2,"name":"Garden Party 2023"}]},{"@type":"WebSite","@id":"https:\/\/www.cote-mas.fr\/#website","url":"https:\/\/www.cote-mas.fr\/","name":"C\u00f4t\u00e9 Mas","description":"Le restaurant des Domaines Paul Mas \u00e0 Montagnac en Languedoc","publisher":{"@id":"https:\/\/www.cote-mas.fr\/#organization"},"potentialAction":[{"@type":"SearchAction","target":{"@type":"EntryPoint","urlTemplate":"https:\/\/www.cote-mas.fr\/?s={search_term_string}"},"query-input":{"@type":"PropertyValueSpecification","valueRequired":true,"valueName":"search_term_string"}}],"inLanguage":"en-US"},{"@type":"Organization","@id":"https:\/\/www.cote-mas.fr\/#organization","name":"C\u00f4t\u00e9 Mas","url":"https:\/\/www.cote-mas.fr\/","logo":{"@type":"ImageObject","inLanguage":"en-US","@id":"https:\/\/www.cote-mas.fr\/#\/schema\/logo\/image\/","url":"https:\/\/www.cote-mas.fr\/wp-content\/uploads\/2021\/07\/Logo-cote-mas-seul-copie-2.png","contentUrl":"https:\/\/www.cote-mas.fr\/wp-content\/uploads\/2021\/07\/Logo-cote-mas-seul-copie-2.png","width":487,"height":114,"caption":"C\u00f4t\u00e9 Mas"},"image":{"@id":"https:\/\/www.cote-mas.fr\/#\/schema\/logo\/image\/"},"sameAs":["https:\/\/www.facebook.com\/Cote.Mas","https:\/\/www.instagram.com\/cotemas\/"]},{"@type":"Person","@id":"https:\/\/www.cote-mas.fr\/#\/schema\/person\/a28d00bbf357e9c0b83b06c9f45e3894","name":"Amandine Nelson","image":{"@type":"ImageObject","inLanguage":"en-US","@id":"https:\/\/secure.gravatar.com\/avatar\/a59444e62f2377ad3d242270a9354ca685acc8491de224a8986182c58a425529?s=96&d=mm&r=g","url":"https:\/\/secure.gravatar.com\/avatar\/a59444e62f2377ad3d242270a9354ca685acc8491de224a8986182c58a425529?s=96&d=mm&r=g","contentUrl":"https:\/\/secure.gravatar.com\/avatar\/a59444e62f2377ad3d242270a9354ca685acc8491de224a8986182c58a425529?s=96&d=mm&r=g","caption":"Amandine Nelson"},"url":"https:\/\/www.cote-mas.fr\/en\/author\/anelson\/"}]}},"_links":{"self":[{"href":"https:\/\/www.cote-mas.fr\/en\/wp-json\/wp\/v2\/posts\/11277","targetHints":{"allow":["GET"]}}],"collection":[{"href":"https:\/\/www.cote-mas.fr\/en\/wp-json\/wp\/v2\/posts"}],"about":[{"href":"https:\/\/www.cote-mas.fr\/en\/wp-json\/wp\/v2\/types\/post"}],"author":[{"embeddable":true,"href":"https:\/\/www.cote-mas.fr\/en\/wp-json\/wp\/v2\/users\/43"}],"replies":[{"embeddable":true,"href":"https:\/\/www.cote-mas.fr\/en\/wp-json\/wp\/v2\/comments?post=11277"}],"version-history":[{"count":6,"href":"https:\/\/www.cote-mas.fr\/en\/wp-json\/wp\/v2\/posts\/11277\/revisions"}],"predecessor-version":[{"id":11335,"href":"https:\/\/www.cote-mas.fr\/en\/wp-json\/wp\/v2\/posts\/11277\/revisions\/11335"}],"wp:featuredmedia":[{"embeddable":true,"href":"https:\/\/www.cote-mas.fr\/en\/wp-json\/wp\/v2\/media\/11271"}],"wp:attachment":[{"href":"https:\/\/www.cote-mas.fr\/en\/wp-json\/wp\/v2\/media?parent=11277"}],"wp:term":[{"taxonomy":"category","embeddable":true,"href":"https:\/\/www.cote-mas.fr\/en\/wp-json\/wp\/v2\/categories?post=11277"},{"taxonomy":"post_tag","embeddable":true,"href":"https:\/\/www.cote-mas.fr\/en\/wp-json\/wp\/v2\/tags?post=11277"}],"curies":[{"name":"wp","href":"https:\/\/api.w.org\/{rel}","templated":true}]}}