{"id":1104,"date":"2016-04-28T09:15:53","date_gmt":"2016-04-28T08:15:53","guid":{"rendered":"http:\/\/34.251.222.222\/?p=1104"},"modified":"2022-02-17T13:54:30","modified_gmt":"2022-02-17T12:54:30","slug":"le-programme-des-ateliers-degustation-a-cote-mas","status":"publish","type":"post","link":"https:\/\/www.cote-mas.fr\/en\/le-programme-des-ateliers-degustation-a-cote-mas\/","title":{"rendered":"Le programme des Ateliers D\u00e9gustation \u00e0 C\u00f4t\u00e9 Mas"},"content":{"rendered":"<p>[et_pb_section admin_label=&#8221;section&#8221;]<br \/>\n\t\t\t[et_pb_row admin_label=&#8221;row&#8221;]<br \/>\n\t\t\t\t[et_pb_column type=&#8221;4_4&#8243;][et_pb_text admin_label=&#8221;Text&#8221;]<\/p>\n<p style=\"text-align: justify;\"><strong>Mathilde et Izabela animent les ateliers\u00a0d\u00e9gustation sur un th\u00e8me pr\u00e9cis afin de vous faire d\u00e9couvrir pleinement et de fa\u00e7on ludique et d\u00e9complex\u00e9e, \u00a0l\u2019univers sensoriel des vins. <\/strong><\/p>\n<p style=\"text-align: justify;\"><strong>Offrez-vous un moment convivial et de partage, dans le cadre magique du caveau de C\u00f4t\u00e9 Mas \u00e0 Montagnac.\u00a0<\/strong><\/p>\n<p style=\"text-align: justify;\"><strong>R\u00e9servation aupr\u00e8s de Mathilde Descolas\u00a0: <a href=\"mailto:mdescolas@paulmas.com\">mdescolas@paulmas.com<\/a>\u00a0ou Izabela Zammit au 04.67.24.36.10<\/strong><\/p>\n<p><strong>\u00a0<\/strong><!--more--><\/p>\n<h2>Le Programme des Ateliers D\u00e9gustation<\/h2>\n<p><strong>Jeudi 26 Mai 2016 &#8211; de 18h30 \u00e0 20h*<br \/>\n<\/strong>D\u00e9couverte des vins rouges du Languedoc en 5 c\u00e9pages<\/p>\n<p>22 \u20ac\/personne<\/p>\n<p><strong>Jeudi 23 Juin 2016 &#8211; de 18h30 \u00e0 20h*<br \/>\n<\/strong>Les M\u00e9thodes d\u2019\u00e9laboration des vins effervescents\u00a0: Champagne et autres bulles<\/p>\n<p>39\u20ac\/personne<\/p>\n<p><strong>Jeudi 07 Juillet 2016 &#8211; de 18h30 \u00e0 20h*<\/strong><\/p>\n<p>Les nouveaut\u00e9s aux Domaines Paul Mas<\/p>\n<p>19 \u20ac\/personne<\/p>\n<p><strong>Mercredi 20 Juillet 2016 &#8211; de 19h \u00e0 22h<\/strong><\/p>\n<p>Le vin comme exp\u00e9rience \u2013 produits du terroir et vins de nos propri\u00e9t\u00e9s<\/p>\n<p>30 \u20ac\/personnes.<\/p>\n<p><strong>Jeudi 04 Ao\u00fbt 2016 &#8211; de 18h30 \u00e0 20h*<\/strong><\/p>\n<p>D\u00e9gustation \u00e0 l\u2019aveugle, pas d\u2019\u00e0 priori<\/p>\n<p>19 \u20ac\/personne<\/p>\n<p><strong>Mercredi 17 Ao\u00fbt 2016 &#8211; de 19h \u00e0 22h<\/strong><\/p>\n<p>Le vin comme exp\u00e9rience \u2013 produits du terroir et vins de nos propri\u00e9t\u00e9s<\/p>\n<p>30 \u20ac\/personnes.<\/p>\n<p>*Nous vous conseillons de r\u00e9server une table au restaurant \u00e0 suivre\u00a0apr\u00e8s la d\u00e9gustation\u00a0: un ap\u00e9ritif maison vous sera offert.<\/p>\n<p>&nbsp;[\/et_pb_text][\/et_pb_column]<br \/>\n\t\t\t[\/et_pb_row]<br \/>\n\t\t[\/et_pb_section]<\/p>\n","protected":false},"excerpt":{"rendered":"<p>Mathilde et Izabela animent les ateliers d\u00e9gustation sur un th\u00e8me pr\u00e9cis afin de vous faire d\u00e9couvrir pleinement et de fa\u00e7on ludique et d\u00e9complex\u00e9e,  l\u2019univers sensoriel des vins.<\/p>\n<p>Offrez-vous un moment convivial et de partage, dans le cadre magique du caveau de C\u00f4t\u00e9 Mas \u00e0 Montagnac. <\/p>\n<p>R\u00e9servation aupr\u00e8s de Mathilde Descolas : mdescolas@paulmas.com ou Izabela Zammit au 04.67.24.36.10<\/p>\n","protected":false},"author":4,"featured_media":221,"comment_status":"open","ping_status":"open","sticky":false,"template":"","format":"standard","meta":{"_et_pb_use_builder":"on","_et_pb_old_content":"<p style=\"text-align: justify;\"><strong>Mathilde et Izabela animent les ateliers\u00a0d\u00e9gustation sur un th\u00e8me pr\u00e9cis afin de vous faire d\u00e9couvrir pleinement et de fa\u00e7on ludique et d\u00e9complex\u00e9e, \u00a0l\u2019univers sensoriel des vins. <\/strong><\/p>\r\n<p style=\"text-align: justify;\"><strong>Offrez-vous un moment convivial et de partage, dans le cadre magique du caveau de C\u00f4t\u00e9 Mas \u00e0 Montagnac.\u00a0<\/strong><\/p>\r\n<p style=\"text-align: justify;\"><strong>R\u00e9servation aupr\u00e8s de Mathilde Descolas\u00a0: <a href=\"mailto:mdescolas@paulmas.com\">mdescolas@paulmas.com<\/a>\u00a0ou Izabela Zammit au 04.67.24.36.10<\/strong><\/p>\r\n<strong>\u00a0<\/strong><!--more-->\r\n<h2>Le Programme des Ateliers D\u00e9gustation<\/h2>\r\n<strong>Jeudi 26 Mai 2016 - de 18h30 \u00e0 20h*\r\n<\/strong>D\u00e9couverte des vins rouges du Languedoc en 5 c\u00e9pages\r\n\r\n22 \u20ac\/personne\r\n\r\n<strong>Jeudi 23 Juin 2016 - de 18h30 \u00e0 20h*\r\n<\/strong>Les M\u00e9thodes d\u2019\u00e9laboration des vins effervescents\u00a0: Champagne et autres bulles\r\n\r\n39\u20ac\/personne\r\n\r\n<strong>Jeudi 07 Juillet 2016 - de 18h30 \u00e0 20h*<\/strong>\r\n\r\nLes nouveaut\u00e9s aux Domaines Paul Mas\r\n\r\n19 \u20ac\/personne\r\n\r\n<strong>Mercredi 20 Juillet 2016 - de 19h \u00e0 22h<\/strong>\r\n\r\nLe vin comme exp\u00e9rience \u2013 produits du terroir et vins de nos propri\u00e9t\u00e9s\r\n\r\n30 \u20ac\/personnes.\r\n\r\n<strong>Jeudi 04 Ao\u00fbt 2016 - de 18h30 \u00e0 20h*<\/strong>\r\n\r\nD\u00e9gustation \u00e0 l\u2019aveugle, pas d\u2019\u00e0 priori\r\n\r\n19 \u20ac\/personne\r\n\r\n<strong>Mercredi 17 Ao\u00fbt 2016 - de 19h \u00e0 22h<\/strong>\r\n\r\nLe vin comme exp\u00e9rience \u2013 produits du terroir et vins de nos propri\u00e9t\u00e9s\r\n\r\n30 \u20ac\/personnes.\r\n\r\n*Nous vous conseillons de r\u00e9server une table au restaurant \u00e0 suivre\u00a0apr\u00e8s la d\u00e9gustation\u00a0: un ap\u00e9ritif maison vous sera offert.\r\n\r\n&nbsp;","_et_gb_content_width":"","footnotes":""},"categories":[9,36],"tags":[],"class_list":["post-1104","post","type-post","status-publish","format-standard","has-post-thumbnail","hentry","category-atelier-vin","category-evenement"],"yoast_head":"<!-- This site is optimized with the Yoast SEO plugin v27.4 - https:\/\/yoast.com\/product\/yoast-seo-wordpress\/ -->\n<title>Le programme des Ateliers D\u00e9gustation \u00e0 C\u00f4t\u00e9 Mas - C\u00f4t\u00e9 Mas<\/title>\n<meta name=\"robots\" content=\"index, follow, max-snippet:-1, max-image-preview:large, max-video-preview:-1\" \/>\n<link rel=\"canonical\" href=\"https:\/\/www.cote-mas.fr\/le-programme-des-ateliers-degustation-a-cote-mas\/\" \/>\n<meta property=\"og:locale\" content=\"en_US\" \/>\n<meta property=\"og:type\" content=\"article\" \/>\n<meta property=\"og:title\" content=\"Le programme des Ateliers D\u00e9gustation \u00e0 C\u00f4t\u00e9 Mas - C\u00f4t\u00e9 Mas\" \/>\n<meta property=\"og:description\" content=\"Mathilde et Izabela animent les ateliers d\u00e9gustation sur un th\u00e8me pr\u00e9cis afin de vous faire d\u00e9couvrir pleinement et de fa\u00e7on ludique et d\u00e9complex\u00e9e, l\u2019univers sensoriel des vins.  Offrez-vous un moment convivial et de partage, dans le cadre magique du caveau de C\u00f4t\u00e9 Mas \u00e0 Montagnac.   R\u00e9servation aupr\u00e8s de Mathilde Descolas : mdescolas@paulmas.com ou Izabela Zammit au 04.67.24.36.10\" \/>\n<meta property=\"og:url\" content=\"https:\/\/www.cote-mas.fr\/le-programme-des-ateliers-degustation-a-cote-mas\/\" \/>\n<meta property=\"og:site_name\" content=\"C\u00f4t\u00e9 Mas\" \/>\n<meta property=\"article:publisher\" content=\"https:\/\/www.facebook.com\/Cote.Mas\" \/>\n<meta property=\"article:published_time\" content=\"2016-04-28T08:15:53+00:00\" \/>\n<meta property=\"article:modified_time\" content=\"2022-02-17T12:54:30+00:00\" \/>\n<meta property=\"og:image\" content=\"https:\/\/www.cote-mas.fr\/wp-content\/uploads\/2015\/10\/IMG_2059-mathilde-caveau.jpg\" \/>\n\t<meta property=\"og:image:width\" content=\"1500\" \/>\n\t<meta property=\"og:image:height\" content=\"1076\" \/>\n\t<meta property=\"og:image:type\" content=\"image\/jpeg\" \/>\n<meta name=\"author\" content=\"LauHaie\" \/>\n<meta name=\"twitter:card\" content=\"summary_large_image\" \/>\n<meta name=\"twitter:label1\" content=\"Written by\" \/>\n\t<meta name=\"twitter:data1\" content=\"LauHaie\" \/>\n\t<meta name=\"twitter:label2\" content=\"Est. reading time\" \/>\n\t<meta name=\"twitter:data2\" content=\"1 minute\" \/>\n<script type=\"application\/ld+json\" class=\"yoast-schema-graph\">{\"@context\":\"https:\\\/\\\/schema.org\",\"@graph\":[{\"@type\":\"Article\",\"@id\":\"https:\\\/\\\/www.cote-mas.fr\\\/le-programme-des-ateliers-degustation-a-cote-mas\\\/#article\",\"isPartOf\":{\"@id\":\"https:\\\/\\\/www.cote-mas.fr\\\/le-programme-des-ateliers-degustation-a-cote-mas\\\/\"},\"author\":{\"name\":\"LauHaie\",\"@id\":\"https:\\\/\\\/www.cote-mas.fr\\\/#\\\/schema\\\/person\\\/89c0ee0277bea4c8ece99e8db6dd1d55\"},\"headline\":\"Le programme des Ateliers D\u00e9gustation \u00e0 C\u00f4t\u00e9 Mas\",\"datePublished\":\"2016-04-28T08:15:53+00:00\",\"dateModified\":\"2022-02-17T12:54:30+00:00\",\"mainEntityOfPage\":{\"@id\":\"https:\\\/\\\/www.cote-mas.fr\\\/le-programme-des-ateliers-degustation-a-cote-mas\\\/\"},\"wordCount\":250,\"commentCount\":0,\"publisher\":{\"@id\":\"https:\\\/\\\/www.cote-mas.fr\\\/#organization\"},\"image\":{\"@id\":\"https:\\\/\\\/www.cote-mas.fr\\\/le-programme-des-ateliers-degustation-a-cote-mas\\\/#primaryimage\"},\"thumbnailUrl\":\"https:\\\/\\\/www.cote-mas.fr\\\/wp-content\\\/uploads\\\/2015\\\/10\\\/IMG_2059-mathilde-caveau.jpg\",\"articleSection\":[\"Atelier vin\",\"Ev\u00e8nement\"],\"inLanguage\":\"en-US\",\"potentialAction\":[{\"@type\":\"CommentAction\",\"name\":\"Comment\",\"target\":[\"https:\\\/\\\/www.cote-mas.fr\\\/le-programme-des-ateliers-degustation-a-cote-mas\\\/#respond\"]}]},{\"@type\":\"WebPage\",\"@id\":\"https:\\\/\\\/www.cote-mas.fr\\\/le-programme-des-ateliers-degustation-a-cote-mas\\\/\",\"url\":\"https:\\\/\\\/www.cote-mas.fr\\\/le-programme-des-ateliers-degustation-a-cote-mas\\\/\",\"name\":\"Le programme des Ateliers D\u00e9gustation \u00e0 C\u00f4t\u00e9 Mas - C\u00f4t\u00e9 Mas\",\"isPartOf\":{\"@id\":\"https:\\\/\\\/www.cote-mas.fr\\\/#website\"},\"primaryImageOfPage\":{\"@id\":\"https:\\\/\\\/www.cote-mas.fr\\\/le-programme-des-ateliers-degustation-a-cote-mas\\\/#primaryimage\"},\"image\":{\"@id\":\"https:\\\/\\\/www.cote-mas.fr\\\/le-programme-des-ateliers-degustation-a-cote-mas\\\/#primaryimage\"},\"thumbnailUrl\":\"https:\\\/\\\/www.cote-mas.fr\\\/wp-content\\\/uploads\\\/2015\\\/10\\\/IMG_2059-mathilde-caveau.jpg\",\"datePublished\":\"2016-04-28T08:15:53+00:00\",\"dateModified\":\"2022-02-17T12:54:30+00:00\",\"breadcrumb\":{\"@id\":\"https:\\\/\\\/www.cote-mas.fr\\\/le-programme-des-ateliers-degustation-a-cote-mas\\\/#breadcrumb\"},\"inLanguage\":\"en-US\",\"potentialAction\":[{\"@type\":\"ReadAction\",\"target\":[\"https:\\\/\\\/www.cote-mas.fr\\\/le-programme-des-ateliers-degustation-a-cote-mas\\\/\"]}]},{\"@type\":\"ImageObject\",\"inLanguage\":\"en-US\",\"@id\":\"https:\\\/\\\/www.cote-mas.fr\\\/le-programme-des-ateliers-degustation-a-cote-mas\\\/#primaryimage\",\"url\":\"https:\\\/\\\/www.cote-mas.fr\\\/wp-content\\\/uploads\\\/2015\\\/10\\\/IMG_2059-mathilde-caveau.jpg\",\"contentUrl\":\"https:\\\/\\\/www.cote-mas.fr\\\/wp-content\\\/uploads\\\/2015\\\/10\\\/IMG_2059-mathilde-caveau.jpg\",\"width\":1500,\"height\":1076,\"caption\":\"atelier degustation\"},{\"@type\":\"BreadcrumbList\",\"@id\":\"https:\\\/\\\/www.cote-mas.fr\\\/le-programme-des-ateliers-degustation-a-cote-mas\\\/#breadcrumb\",\"itemListElement\":[{\"@type\":\"ListItem\",\"position\":1,\"name\":\"Accueil\",\"item\":\"https:\\\/\\\/www.cote-mas.fr\\\/en\\\/\"},{\"@type\":\"ListItem\",\"position\":2,\"name\":\"Le programme des Ateliers D\u00e9gustation \u00e0 C\u00f4t\u00e9 Mas\"}]},{\"@type\":\"WebSite\",\"@id\":\"https:\\\/\\\/www.cote-mas.fr\\\/#website\",\"url\":\"https:\\\/\\\/www.cote-mas.fr\\\/\",\"name\":\"C\u00f4t\u00e9 Mas\",\"description\":\"Le restaurant des Domaines Paul Mas \u00e0 Montagnac en Languedoc\",\"publisher\":{\"@id\":\"https:\\\/\\\/www.cote-mas.fr\\\/#organization\"},\"potentialAction\":[{\"@type\":\"SearchAction\",\"target\":{\"@type\":\"EntryPoint\",\"urlTemplate\":\"https:\\\/\\\/www.cote-mas.fr\\\/?s={search_term_string}\"},\"query-input\":{\"@type\":\"PropertyValueSpecification\",\"valueRequired\":true,\"valueName\":\"search_term_string\"}}],\"inLanguage\":\"en-US\"},{\"@type\":\"Organization\",\"@id\":\"https:\\\/\\\/www.cote-mas.fr\\\/#organization\",\"name\":\"C\u00f4t\u00e9 Mas\",\"url\":\"https:\\\/\\\/www.cote-mas.fr\\\/\",\"logo\":{\"@type\":\"ImageObject\",\"inLanguage\":\"en-US\",\"@id\":\"https:\\\/\\\/www.cote-mas.fr\\\/#\\\/schema\\\/logo\\\/image\\\/\",\"url\":\"https:\\\/\\\/www.cote-mas.fr\\\/wp-content\\\/uploads\\\/2021\\\/07\\\/Logo-cote-mas-seul-copie-2.png\",\"contentUrl\":\"https:\\\/\\\/www.cote-mas.fr\\\/wp-content\\\/uploads\\\/2021\\\/07\\\/Logo-cote-mas-seul-copie-2.png\",\"width\":487,\"height\":114,\"caption\":\"C\u00f4t\u00e9 Mas\"},\"image\":{\"@id\":\"https:\\\/\\\/www.cote-mas.fr\\\/#\\\/schema\\\/logo\\\/image\\\/\"},\"sameAs\":[\"https:\\\/\\\/www.facebook.com\\\/Cote.Mas\",\"https:\\\/\\\/www.instagram.com\\\/cotemas\\\/\"]},{\"@type\":\"Person\",\"@id\":\"https:\\\/\\\/www.cote-mas.fr\\\/#\\\/schema\\\/person\\\/89c0ee0277bea4c8ece99e8db6dd1d55\",\"name\":\"LauHaie\",\"image\":{\"@type\":\"ImageObject\",\"inLanguage\":\"en-US\",\"@id\":\"https:\\\/\\\/secure.gravatar.com\\\/avatar\\\/e9de6e7d2123adfdbe747785cb7c76b45ccd925166b956315966d0bf4a7aab41?s=96&d=mm&r=g\",\"url\":\"https:\\\/\\\/secure.gravatar.com\\\/avatar\\\/e9de6e7d2123adfdbe747785cb7c76b45ccd925166b956315966d0bf4a7aab41?s=96&d=mm&r=g\",\"contentUrl\":\"https:\\\/\\\/secure.gravatar.com\\\/avatar\\\/e9de6e7d2123adfdbe747785cb7c76b45ccd925166b956315966d0bf4a7aab41?s=96&d=mm&r=g\",\"caption\":\"LauHaie\"},\"url\":\"https:\\\/\\\/www.cote-mas.fr\\\/en\\\/author\\\/lauhaie\\\/\"}]}<\/script>\n<!-- \/ Yoast SEO plugin. -->","yoast_head_json":{"title":"Le programme des Ateliers D\u00e9gustation \u00e0 C\u00f4t\u00e9 Mas - C\u00f4t\u00e9 Mas","robots":{"index":"index","follow":"follow","max-snippet":"max-snippet:-1","max-image-preview":"max-image-preview:large","max-video-preview":"max-video-preview:-1"},"canonical":"https:\/\/www.cote-mas.fr\/le-programme-des-ateliers-degustation-a-cote-mas\/","og_locale":"en_US","og_type":"article","og_title":"Le programme des Ateliers D\u00e9gustation \u00e0 C\u00f4t\u00e9 Mas - C\u00f4t\u00e9 Mas","og_description":"Mathilde et Izabela animent les ateliers d\u00e9gustation sur un th\u00e8me pr\u00e9cis afin de vous faire d\u00e9couvrir pleinement et de fa\u00e7on ludique et d\u00e9complex\u00e9e, l\u2019univers sensoriel des vins.  Offrez-vous un moment convivial et de partage, dans le cadre magique du caveau de C\u00f4t\u00e9 Mas \u00e0 Montagnac.   R\u00e9servation aupr\u00e8s de Mathilde Descolas : mdescolas@paulmas.com ou Izabela Zammit au 04.67.24.36.10","og_url":"https:\/\/www.cote-mas.fr\/le-programme-des-ateliers-degustation-a-cote-mas\/","og_site_name":"C\u00f4t\u00e9 Mas","article_publisher":"https:\/\/www.facebook.com\/Cote.Mas","article_published_time":"2016-04-28T08:15:53+00:00","article_modified_time":"2022-02-17T12:54:30+00:00","og_image":[{"width":1500,"height":1076,"url":"https:\/\/www.cote-mas.fr\/wp-content\/uploads\/2015\/10\/IMG_2059-mathilde-caveau.jpg","type":"image\/jpeg"}],"author":"LauHaie","twitter_card":"summary_large_image","twitter_misc":{"Written by":"LauHaie","Est. reading time":"1 minute"},"schema":{"@context":"https:\/\/schema.org","@graph":[{"@type":"Article","@id":"https:\/\/www.cote-mas.fr\/le-programme-des-ateliers-degustation-a-cote-mas\/#article","isPartOf":{"@id":"https:\/\/www.cote-mas.fr\/le-programme-des-ateliers-degustation-a-cote-mas\/"},"author":{"name":"LauHaie","@id":"https:\/\/www.cote-mas.fr\/#\/schema\/person\/89c0ee0277bea4c8ece99e8db6dd1d55"},"headline":"Le programme des Ateliers D\u00e9gustation \u00e0 C\u00f4t\u00e9 Mas","datePublished":"2016-04-28T08:15:53+00:00","dateModified":"2022-02-17T12:54:30+00:00","mainEntityOfPage":{"@id":"https:\/\/www.cote-mas.fr\/le-programme-des-ateliers-degustation-a-cote-mas\/"},"wordCount":250,"commentCount":0,"publisher":{"@id":"https:\/\/www.cote-mas.fr\/#organization"},"image":{"@id":"https:\/\/www.cote-mas.fr\/le-programme-des-ateliers-degustation-a-cote-mas\/#primaryimage"},"thumbnailUrl":"https:\/\/www.cote-mas.fr\/wp-content\/uploads\/2015\/10\/IMG_2059-mathilde-caveau.jpg","articleSection":["Atelier vin","Ev\u00e8nement"],"inLanguage":"en-US","potentialAction":[{"@type":"CommentAction","name":"Comment","target":["https:\/\/www.cote-mas.fr\/le-programme-des-ateliers-degustation-a-cote-mas\/#respond"]}]},{"@type":"WebPage","@id":"https:\/\/www.cote-mas.fr\/le-programme-des-ateliers-degustation-a-cote-mas\/","url":"https:\/\/www.cote-mas.fr\/le-programme-des-ateliers-degustation-a-cote-mas\/","name":"Le programme des Ateliers D\u00e9gustation \u00e0 C\u00f4t\u00e9 Mas - C\u00f4t\u00e9 Mas","isPartOf":{"@id":"https:\/\/www.cote-mas.fr\/#website"},"primaryImageOfPage":{"@id":"https:\/\/www.cote-mas.fr\/le-programme-des-ateliers-degustation-a-cote-mas\/#primaryimage"},"image":{"@id":"https:\/\/www.cote-mas.fr\/le-programme-des-ateliers-degustation-a-cote-mas\/#primaryimage"},"thumbnailUrl":"https:\/\/www.cote-mas.fr\/wp-content\/uploads\/2015\/10\/IMG_2059-mathilde-caveau.jpg","datePublished":"2016-04-28T08:15:53+00:00","dateModified":"2022-02-17T12:54:30+00:00","breadcrumb":{"@id":"https:\/\/www.cote-mas.fr\/le-programme-des-ateliers-degustation-a-cote-mas\/#breadcrumb"},"inLanguage":"en-US","potentialAction":[{"@type":"ReadAction","target":["https:\/\/www.cote-mas.fr\/le-programme-des-ateliers-degustation-a-cote-mas\/"]}]},{"@type":"ImageObject","inLanguage":"en-US","@id":"https:\/\/www.cote-mas.fr\/le-programme-des-ateliers-degustation-a-cote-mas\/#primaryimage","url":"https:\/\/www.cote-mas.fr\/wp-content\/uploads\/2015\/10\/IMG_2059-mathilde-caveau.jpg","contentUrl":"https:\/\/www.cote-mas.fr\/wp-content\/uploads\/2015\/10\/IMG_2059-mathilde-caveau.jpg","width":1500,"height":1076,"caption":"atelier degustation"},{"@type":"BreadcrumbList","@id":"https:\/\/www.cote-mas.fr\/le-programme-des-ateliers-degustation-a-cote-mas\/#breadcrumb","itemListElement":[{"@type":"ListItem","position":1,"name":"Accueil","item":"https:\/\/www.cote-mas.fr\/en\/"},{"@type":"ListItem","position":2,"name":"Le programme des Ateliers D\u00e9gustation \u00e0 C\u00f4t\u00e9 Mas"}]},{"@type":"WebSite","@id":"https:\/\/www.cote-mas.fr\/#website","url":"https:\/\/www.cote-mas.fr\/","name":"C\u00f4t\u00e9 Mas","description":"Le restaurant des Domaines Paul Mas \u00e0 Montagnac en Languedoc","publisher":{"@id":"https:\/\/www.cote-mas.fr\/#organization"},"potentialAction":[{"@type":"SearchAction","target":{"@type":"EntryPoint","urlTemplate":"https:\/\/www.cote-mas.fr\/?s={search_term_string}"},"query-input":{"@type":"PropertyValueSpecification","valueRequired":true,"valueName":"search_term_string"}}],"inLanguage":"en-US"},{"@type":"Organization","@id":"https:\/\/www.cote-mas.fr\/#organization","name":"C\u00f4t\u00e9 Mas","url":"https:\/\/www.cote-mas.fr\/","logo":{"@type":"ImageObject","inLanguage":"en-US","@id":"https:\/\/www.cote-mas.fr\/#\/schema\/logo\/image\/","url":"https:\/\/www.cote-mas.fr\/wp-content\/uploads\/2021\/07\/Logo-cote-mas-seul-copie-2.png","contentUrl":"https:\/\/www.cote-mas.fr\/wp-content\/uploads\/2021\/07\/Logo-cote-mas-seul-copie-2.png","width":487,"height":114,"caption":"C\u00f4t\u00e9 Mas"},"image":{"@id":"https:\/\/www.cote-mas.fr\/#\/schema\/logo\/image\/"},"sameAs":["https:\/\/www.facebook.com\/Cote.Mas","https:\/\/www.instagram.com\/cotemas\/"]},{"@type":"Person","@id":"https:\/\/www.cote-mas.fr\/#\/schema\/person\/89c0ee0277bea4c8ece99e8db6dd1d55","name":"LauHaie","image":{"@type":"ImageObject","inLanguage":"en-US","@id":"https:\/\/secure.gravatar.com\/avatar\/e9de6e7d2123adfdbe747785cb7c76b45ccd925166b956315966d0bf4a7aab41?s=96&d=mm&r=g","url":"https:\/\/secure.gravatar.com\/avatar\/e9de6e7d2123adfdbe747785cb7c76b45ccd925166b956315966d0bf4a7aab41?s=96&d=mm&r=g","contentUrl":"https:\/\/secure.gravatar.com\/avatar\/e9de6e7d2123adfdbe747785cb7c76b45ccd925166b956315966d0bf4a7aab41?s=96&d=mm&r=g","caption":"LauHaie"},"url":"https:\/\/www.cote-mas.fr\/en\/author\/lauhaie\/"}]}},"_links":{"self":[{"href":"https:\/\/www.cote-mas.fr\/en\/wp-json\/wp\/v2\/posts\/1104","targetHints":{"allow":["GET"]}}],"collection":[{"href":"https:\/\/www.cote-mas.fr\/en\/wp-json\/wp\/v2\/posts"}],"about":[{"href":"https:\/\/www.cote-mas.fr\/en\/wp-json\/wp\/v2\/types\/post"}],"author":[{"embeddable":true,"href":"https:\/\/www.cote-mas.fr\/en\/wp-json\/wp\/v2\/users\/4"}],"replies":[{"embeddable":true,"href":"https:\/\/www.cote-mas.fr\/en\/wp-json\/wp\/v2\/comments?post=1104"}],"version-history":[{"count":4,"href":"https:\/\/www.cote-mas.fr\/en\/wp-json\/wp\/v2\/posts\/1104\/revisions"}],"predecessor-version":[{"id":8331,"href":"https:\/\/www.cote-mas.fr\/en\/wp-json\/wp\/v2\/posts\/1104\/revisions\/8331"}],"wp:featuredmedia":[{"embeddable":true,"href":"https:\/\/www.cote-mas.fr\/en\/wp-json\/wp\/v2\/media\/221"}],"wp:attachment":[{"href":"https:\/\/www.cote-mas.fr\/en\/wp-json\/wp\/v2\/media?parent=1104"}],"wp:term":[{"taxonomy":"category","embeddable":true,"href":"https:\/\/www.cote-mas.fr\/en\/wp-json\/wp\/v2\/categories?post=1104"},{"taxonomy":"post_tag","embeddable":true,"href":"https:\/\/www.cote-mas.fr\/en\/wp-json\/wp\/v2\/tags?post=1104"}],"curies":[{"name":"wp","href":"https:\/\/api.w.org\/{rel}","templated":true}]}}